{"id":27126,"date":"2025-04-25T13:07:03","date_gmt":"2025-04-25T13:07:03","guid":{"rendered":"http:\/\/gazetevizyon.com\/?p=27126"},"modified":"2025-04-25T13:07:03","modified_gmt":"2025-04-25T13:07:03","slug":"gonende-siemens-bayisi-bir-yilini-lokma-hayriyla-kutladi","status":"publish","type":"post","link":"http:\/\/gazetevizyon.com\/?p=27126","title":{"rendered":"G\u00f6nen&#8217;de Siemens Bayisi Bir Y\u0131l\u0131n\u0131 Lokma Hayr\u0131yla Kutlad\u0131"},"content":{"rendered":"<p>\n<h2>G\u00f6nen\u2019de Lokma \u015e\u00f6leni<\/h2>\n<\/p>\n<p><\/p>\n<p>G\u00f6nen il\u00e7esinde <strong>Siemens<\/strong> bayili\u011fi yapan Soyt\u00fcrk Ticaret, kurulu\u015funun bir y\u0131l\u0131n\u0131 lokma hayr\u0131 ile kutlad\u0131. Vatanda\u015flar taraf\u0131ndan yo\u011fun ilgi g\u00f6ren etkinlikte, i\u015fletme sahibi Hasan Soyt\u00fcrk, bir y\u0131lda g\u00f6sterilen destek i\u00e7in te\u015fekk\u00fcr etti ve Siemens markas\u0131yla en iyi hizmeti sunmaya devam edeceklerini belirtti.<\/p>\n<p><\/p>\n<p><h3>Vatanda\u015flar\u0131n Yo\u011fun Kat\u0131l\u0131m\u0131<\/h3>\n<\/p>\n<p><\/p>\n<p>G\u00f6nen\u2019de d\u00fczenlenen lokma hayr\u0131na \u00e7ok say\u0131da vatanda\u015f kat\u0131ld\u0131. Etkinlikte da\u011f\u0131t\u0131lan s\u0131cak lokmalar, vatanda\u015flar taraf\u0131ndan b\u00fcy\u00fck bir memnuniyetle kar\u015f\u0131land\u0131. <strong>Hasan Soyt\u00fcrk<\/strong>, etkinli\u011fe g\u00f6sterilen yo\u011fun ilgi nedeniyle duydu\u011fu mutlulu\u011fu dile getirdi ve G\u00f6nen halk\u0131n\u0131n kendisine olan g\u00fcveninin kendisini motive etti\u011fini s\u00f6yledi.<\/p>\n<p><\/p>\n<p><h3>Siemens Hizmet Kalitesi<\/h3>\n<\/p>\n<p><\/p>\n<p>Soyt\u00fcrk Ticaret, Siemens markas\u0131n\u0131n kalitesini ve g\u00fcvenirli\u011fini G\u00f6nen\u2019e ta\u015f\u0131may\u0131 hedefliyor. \u0130\u015fletme sahibi Soyt\u00fcrk, \u201cBir y\u0131l boyunca bizlere g\u00f6sterilen ilgi ve deste\u011fe te\u015fekk\u00fcr ediyoruz. <strong>Siemens<\/strong> markas\u0131yla en iyi hizmeti sunmaya kararl\u0131y\u0131z.\u201d ifadeleriyle m\u00fc\u015fteri memnuniyetine verdikleri \u00f6nemi vurgulad\u0131. Siemens \u00fcr\u00fcnleri hakk\u0131nda bilgi almak isteyenler veya teknik destek ihtiyac\u0131 olanlar Soyt\u00fcrk Ticaret\u2019e ba\u015fvurabilirler.<\/p>\n<p><\/p>\n<p><h3>G\u00f6nen&#8217;de Ekonomik Katk\u0131<\/h3>\n<\/p>\n<p><\/p>\n<p>Soyt\u00fcrk Ticaret\u2019in G\u00f6nen\u2019deki faaliyetleri, yerel ekonomiye de katk\u0131 sa\u011fl\u0131yor. \u0130\u015fletme sahibi Hasan Soyt\u00fcrk, G\u00f6nen halk\u0131na hizmet ederek b\u00f6lgenin ekonomik canlanmas\u0131na destek olmay\u0131 ama\u00e7lad\u0131\u011f\u0131n\u0131 belirtti. Gelecekte daha fazla istihdam yaratmay\u0131 ve Siemens \u00fcr\u00fcnlerini daha geni\u015f bir kitleye ula\u015ft\u0131rmay\u0131 hedeflediklerini ifade etti.<\/p>\n<p><\/p>\n<p><ul>  <\/p>\n<ul>\n<li>Soyt\u00fcrk Ticaret, G\u00f6nen\u2019de bir y\u0131ld\u0131r Siemens bayili\u011fi yapmaktad\u0131r.<\/li>\n<p>  <\/p>\n<li>Kurulu\u015funun birinci y\u0131l d\u00f6n\u00fcm\u00fc lokma hayr\u0131 ile kutlanm\u0131\u015ft\u0131r.<\/li>\n<p>  <\/p>\n<li>\u0130\u015fletme sahibi Hasan Soyt\u00fcrk, vatanda\u015flara te\u015fekk\u00fcr etmi\u015ftir.<\/li>\n<p>  <\/p>\n<li>Siemens markas\u0131yla en iyi hizmeti sunmaya devam edecekleri belirtilmi\u015ftir.<\/li>\n<\/ul>\n<p><\/ul><\/p>\n","protected":false},"excerpt":{"rendered":"<p>G\u00f6nen\u2019de Lokma \u015e\u00f6leni G\u00f6nen il\u00e7esinde Siemens bayili\u011fi yapan Soyt\u00fcrk Ticaret, kurulu\u015funun bir y\u0131l\u0131n\u0131 lokma hayr\u0131 ile kutlad\u0131. Vatanda\u015flar taraf\u0131ndan yo\u011fun ilgi g\u00f6ren etkinlikte, i\u015fletme sahibi Hasan Soyt\u00fcrk, bir y\u0131lda g\u00f6sterilen destek i\u00e7in te\u015fekk\u00fcr etti ve Siemens markas\u0131yla en iyi hizmeti&#8230;<\/p>\n","protected":false},"author":1,"featured_media":27127,"comment_status":"closed","ping_status":"closed","sticky":false,"template":"","format":"standard","meta":{"footnotes":""},"categories":[36],"tags":[],"class_list":["post-27126","post","type-post","status-publish","format-standard","has-post-thumbnail","hentry","category-manset"],"_links":{"self":[{"href":"http:\/\/gazetevizyon.com\/index.php?rest_route=\/wp\/v2\/posts\/27126","targetHints":{"allow":["GET"]}}],"collection":[{"href":"http:\/\/gazetevizyon.com\/index.php?rest_route=\/wp\/v2\/posts"}],"about":[{"href":"http:\/\/gazetevizyon.com\/index.php?rest_route=\/wp\/v2\/types\/post"}],"author":[{"embeddable":true,"href":"http:\/\/gazetevizyon.com\/index.php?rest_route=\/wp\/v2\/users\/1"}],"replies":[{"embeddable":true,"href":"http:\/\/gazetevizyon.com\/index.php?rest_route=%2Fwp%2Fv2%2Fcomments&post=27126"}],"version-history":[{"count":1,"href":"http:\/\/gazetevizyon.com\/index.php?rest_route=\/wp\/v2\/posts\/27126\/revisions"}],"predecessor-version":[{"id":27136,"href":"http:\/\/gazetevizyon.com\/index.php?rest_route=\/wp\/v2\/posts\/27126\/revisions\/27136"}],"wp:featuredmedia":[{"embeddable":true,"href":"http:\/\/gazetevizyon.com\/index.php?rest_route=\/wp\/v2\/media\/27127"}],"wp:attachment":[{"href":"http:\/\/gazetevizyon.com\/index.php?rest_route=%2Fwp%2Fv2%2Fmedia&parent=27126"}],"wp:term":[{"taxonomy":"category","embeddable":true,"href":"http:\/\/gazetevizyon.com\/index.php?rest_route=%2Fwp%2Fv2%2Fcategories&post=27126"},{"taxonomy":"post_tag","embeddable":true,"href":"http:\/\/gazetevizyon.com\/index.php?rest_route=%2Fwp%2Fv2%2Ftags&post=27126"}],"curies":[{"name":"wp","href":"https:\/\/api.w.org\/{rel}","templated":true}]}}