{"id":27130,"date":"2025-04-25T13:20:45","date_gmt":"2025-04-25T13:20:45","guid":{"rendered":"http:\/\/gazetevizyon.com\/?p=27130"},"modified":"2025-04-25T13:20:45","modified_gmt":"2025-04-25T13:20:45","slug":"kaan-projesinde-basarili-ozel-guvenlik-gorevlileri-odullendirildi","status":"publish","type":"post","link":"http:\/\/gazetevizyon.com\/?p=27130","title":{"rendered":"Kaan Projesi&#8217;nde Ba\u015far\u0131l\u0131 \u00d6zel G\u00fcvenlik G\u00f6revlileri \u00d6d\u00fcllendirildi"},"content":{"rendered":"<p>\n<h2>Bal\u0131kesir&#8217;de Kaan Projesi ile Takdir Toplayan G\u00fcvenlik Personeli<\/h2>\n<\/p>\n<p><\/p>\n<p><strong>Bal\u0131kesir Valili\u011fi<\/strong>, Kaan Projesi kapsam\u0131nda \u00fcst\u00fcn ba\u015far\u0131 g\u00f6steren \u00f6zel g\u00fcvenlik g\u00f6revlilerini \u00f6d\u00fcllendirdi. Vali \u0130smail Ustao\u011flu taraf\u0131ndan d\u00fczenlenen t\u00f6rende, ba\u015far\u0131l\u0131 g\u00f6revlilere te\u015fekk\u00fcr belgeleri ve plaketleri takdim edildi.<\/p>\n<p><\/p>\n<p><h3>Kaan Projesi&#8217;nin Amac\u0131 ve \u00d6nemi<\/h3>\n<\/p>\n<p><\/p>\n<p>Kaan Projesi, Bal\u0131kesir ilinde g\u00fcvenli\u011fin sa\u011flanmas\u0131 ve su\u00e7 oranlar\u0131n\u0131n azalt\u0131lmas\u0131 amac\u0131yla ba\u015flat\u0131lan bir uygulamad\u0131r. Proje kapsam\u0131nda \u00f6zel g\u00fcvenlik g\u00f6revlileri, kamu kurumlar\u0131 ile koordineli olarak \u015fehirdeki g\u00fcvenli\u011fi art\u0131rmaya y\u00f6nelik \u00e7al\u0131\u015fmalar y\u00fcr\u00fctmektedir. \u00d6zellikle kalabal\u0131k alanlarda, hassas noktalarda ve riskli b\u00f6lgelerde aktif rol \u00fcstlenen bu personel, olaylar\u0131n \u00f6nlenmesi ve h\u0131zl\u0131 m\u00fcdahale konusunda \u00f6nemli katk\u0131lar sa\u011fl\u0131yor. Projenin ba\u015far\u0131s\u0131, Bal\u0131kesir&#8217;de ya\u015fayan vatanda\u015flar i\u00e7in daha g\u00fcvenli bir ortam\u0131n olu\u015fturulmas\u0131na yard\u0131mc\u0131 oluyor.<\/p>\n<p><\/p>\n<p><h3>T\u00f6ren Detaylar\u0131<\/h3>\n<\/p>\n<p><\/p>\n<p>Vali \u0130smail Ustao\u011flu, t\u00f6rende yapt\u0131\u011f\u0131 konu\u015fmada, \u00f6zel g\u00fcvenlik g\u00f6revlilerinin \u00f6zverili \u00e7al\u0131\u015fmalar\u0131n\u0131n ilin genel g\u00fcvenli\u011fine \u00f6nemli katk\u0131lar sa\u011flad\u0131\u011f\u0131n\u0131 belirtti. G\u00f6revlilerin g\u00f6sterdi\u011fi ba\u015far\u0131lar\u0131n \u00f6rnek al\u0131nmas\u0131 gerekti\u011fini vurgulayan Vali Ustao\u011flu, Kaan Projesi&#8217;nin Bal\u0131kesir i\u00e7in bir kazan\u0131m oldu\u011funu ifade etti.<\/p>\n<p><\/p>\n<p>T\u00f6rende \u00f6d\u00fcl alan \u00f6zel g\u00fcvenlik g\u00f6revlileri, projeye dahil olmaktan duyduklar\u0131 memnuniyeti dile getirdiler ve bu t\u00fcr \u00e7al\u0131\u015fmalar\u0131n devam etmesi temennisinde bulundular. \u00d6d\u00fcllerin, motivasyonlar\u0131n\u0131 art\u0131rd\u0131\u011f\u0131n\u0131 ve daha iyi hizmet sunma konusunda kendilerine olan g\u00fcvenlerini peki\u015ftirdi\u011fini belirttiler.<\/p>\n<p><\/p>\n<p><h3>Projenin Gelece\u011fi<\/h3>\n<\/p>\n<p><\/p>\n<p>Bal\u0131kesir Valili\u011fi yetkilileri, Kaan Projesi&#8217;nin s\u00fcrd\u00fcr\u00fclebilirli\u011fini sa\u011flamak amac\u0131yla \u00e7e\u015fitli \u00e7al\u0131\u015fmalar\u0131n devam etti\u011fini bildirdiler. Projenin kapsam\u0131n\u0131n geni\u015fletilmesi ve daha fazla \u00f6zel g\u00fcvenlik g\u00f6revlisinin projeye dahil edilmesi hedefleniyor. Ayr\u0131ca, g\u00f6revlilerin e\u011fitim seviyesini y\u00fckseltmek i\u00e7in d\u00fczenli olarak seminerler ve e\u011fitim programlar\u0131 d\u00fczenlenece\u011fi \u00f6\u011frenildi.<\/p>\n<p><\/p>\n<p><ul>  <\/p>\n<ul>\n<li>Kaan Projesi ile Bal\u0131kesir&#8217;de g\u00fcven ortam\u0131 g\u00fc\u00e7lendiriliyor.<\/li>\n<p>  <\/p>\n<li>\u00d6zel g\u00fcvenlik g\u00f6revlilerinin ba\u015far\u0131s\u0131 il genelinde takdir topluyor.<\/li>\n<p>  <\/p>\n<li>Valilik, projeye destek vererek g\u00fcvenli\u011fin art\u0131r\u0131lmas\u0131na katk\u0131da bulunuyor.<\/li>\n<\/ul>\n<p><\/ul><\/p>\n","protected":false},"excerpt":{"rendered":"<p>Bal\u0131kesir&#8217;de Kaan Projesi ile Takdir Toplayan G\u00fcvenlik Personeli Bal\u0131kesir Valili\u011fi, Kaan Projesi kapsam\u0131nda \u00fcst\u00fcn ba\u015far\u0131 g\u00f6steren \u00f6zel g\u00fcvenlik g\u00f6revlilerini \u00f6d\u00fcllendirdi. Vali \u0130smail Ustao\u011flu taraf\u0131ndan d\u00fczenlenen t\u00f6rende, ba\u015far\u0131l\u0131 g\u00f6revlilere te\u015fekk\u00fcr belgeleri ve plaketleri takdim edildi. Kaan Projesi&#8217;nin Amac\u0131 ve \u00d6nemi Kaan&#8230;<\/p>\n","protected":false},"author":1,"featured_media":27131,"comment_status":"closed","ping_status":"closed","sticky":false,"template":"","format":"standard","meta":{"footnotes":""},"categories":[36],"tags":[],"class_list":["post-27130","post","type-post","status-publish","format-standard","has-post-thumbnail","hentry","category-manset"],"_links":{"self":[{"href":"http:\/\/gazetevizyon.com\/index.php?rest_route=\/wp\/v2\/posts\/27130","targetHints":{"allow":["GET"]}}],"collection":[{"href":"http:\/\/gazetevizyon.com\/index.php?rest_route=\/wp\/v2\/posts"}],"about":[{"href":"http:\/\/gazetevizyon.com\/index.php?rest_route=\/wp\/v2\/types\/post"}],"author":[{"embeddable":true,"href":"http:\/\/gazetevizyon.com\/index.php?rest_route=\/wp\/v2\/users\/1"}],"replies":[{"embeddable":true,"href":"http:\/\/gazetevizyon.com\/index.php?rest_route=%2Fwp%2Fv2%2Fcomments&post=27130"}],"version-history":[{"count":1,"href":"http:\/\/gazetevizyon.com\/index.php?rest_route=\/wp\/v2\/posts\/27130\/revisions"}],"predecessor-version":[{"id":27151,"href":"http:\/\/gazetevizyon.com\/index.php?rest_route=\/wp\/v2\/posts\/27130\/revisions\/27151"}],"wp:featuredmedia":[{"embeddable":true,"href":"http:\/\/gazetevizyon.com\/index.php?rest_route=\/wp\/v2\/media\/27131"}],"wp:attachment":[{"href":"http:\/\/gazetevizyon.com\/index.php?rest_route=%2Fwp%2Fv2%2Fmedia&parent=27130"}],"wp:term":[{"taxonomy":"category","embeddable":true,"href":"http:\/\/gazetevizyon.com\/index.php?rest_route=%2Fwp%2Fv2%2Fcategories&post=27130"},{"taxonomy":"post_tag","embeddable":true,"href":"http:\/\/gazetevizyon.com\/index.php?rest_route=%2Fwp%2Fv2%2Ftags&post=27130"}],"curies":[{"name":"wp","href":"https:\/\/api.w.org\/{rel}","templated":true}]}}