{"id":27340,"date":"2025-04-28T20:55:22","date_gmt":"2025-04-28T20:55:22","guid":{"rendered":"http:\/\/gazetevizyon.com\/?p=27340"},"modified":"2025-04-28T20:55:22","modified_gmt":"2025-04-28T20:55:22","slug":"gonende-onumuzdeki-hafta-hava-durumu-mevsim-normallerinde-seyir-bekleniyor","status":"publish","type":"post","link":"http:\/\/gazetevizyon.com\/?p=27340","title":{"rendered":"G\u00f6nen&#8217;de \u00d6n\u00fcm\u00fczdeki Hafta Hava Durumu: Mevsim Normallerinde Seyir Bekleniyor"},"content":{"rendered":"<p>\n<h2>G\u00f6nen&#8217;de Haftal\u0131k Hava Tahmini<\/h2>\n<\/p>\n<p><\/p>\n<p>G\u00f6nen ve \u00e7evresinde \u00f6n\u00fcm\u00fczdeki hafta hava s\u0131cakl\u0131klar\u0131n\u0131n genellikle mevsim normalleri civar\u0131nda seyrece\u011fi \u00f6ng\u00f6r\u00fcl\u00fcyor. 29 Nisan \u2013 5 May\u0131s 2025 tarihleri aras\u0131ndaki tahminlere g\u00f6re, \u00f6zellikle kuzey ve i\u00e7 kesimlerde yer yer mevsim normallerinin alt\u0131nda s\u0131cakl\u0131klar g\u00f6r\u00fclebilir.<\/p>\n<p><\/p>\n<p><h3>S\u0131cakl\u0131k De\u011ferlendirmesi<\/h3>\n<\/p>\n<p><\/p>\n<p>Hava durumu uzmanlar\u0131, G\u00f6nen&#8217;deki hava s\u0131cakl\u0131klar\u0131n\u0131n genel olarak beklentiler dahilinde ilerleyece\u011fini belirtiyor. <strong>Mevsim ortalamas\u0131 dikkate al\u0131nd\u0131\u011f\u0131nda<\/strong>, bu d\u00f6nemde s\u0131cakl\u0131klar\u0131n a\u015f\u0131r\u0131 d\u00fc\u015f\u00fc\u015f veya y\u00fckseli\u015f g\u00f6stermesi beklenmiyor. Ancak, co\u011frafi konumdan dolay\u0131 kuzey ve i\u00e7 kesimlerde hava s\u0131cakl\u0131klar\u0131nda hafif azalmalar ya\u015fanabilir. Bu b\u00f6lgelerde ya\u015fayan vatanda\u015flar\u0131n \u00f6zellikle gece saatlerinde daha kal\u0131n giyinmeleri tavsiye ediliyor.<\/p>\n<p><\/p>\n<p><h3>Beklenen Hava Durumu<\/h3>\n<\/p>\n<p><\/p>\n<p>Tahminlere g\u00f6re, \u00f6n\u00fcm\u00fczdeki hafta G\u00f6nen&#8217;de genellikle par\u00e7al\u0131 bulutlu bir hava hakim olacak. Ya\u011f\u0131\u015f olas\u0131l\u0131\u011f\u0131 d\u00fc\u015f\u00fck seviyede seyredecek olsa da, yerel olarak hafif ya\u011fmurlar g\u00f6r\u00fclebilir. R\u00fczgar\u0131n ise genellikle \u0131l\u0131man esmesi bekleniyor.<\/p>\n<p><\/p>\n<p><ul>  <\/p>\n<ul>\n<li>29 Nisan: Par\u00e7al\u0131 bulutlu, s\u0131cakl\u0131k ortalamas\u0131 18\u00b0C<\/li>\n<p>  <\/p>\n<li>30 Nisan: G\u00fcne\u015fli, s\u0131cakl\u0131k ortalamas\u0131 20\u00b0C<\/li>\n<p>  <\/p>\n<li>1 May\u0131s: Par\u00e7al\u0131 bulutlu, s\u0131cakl\u0131k ortalamas\u0131 21\u00b0C<\/li>\n<p>  <\/p>\n<li>2 May\u0131s: Hafif ya\u011fmurlu, s\u0131cakl\u0131k ortalamas\u0131 17\u00b0C<\/li>\n<p>  <\/p>\n<li>3 May\u0131s: G\u00fcne\u015fli, s\u0131cakl\u0131k ortalamas\u0131 19\u00b0C<\/li>\n<p>  <\/p>\n<li>4 May\u0131s: Par\u00e7al\u0131 bulutlu, s\u0131cakl\u0131k ortalamas\u0131 20\u00b0C<\/li>\n<p>  <\/p>\n<li>5 May\u0131s: G\u00fcne\u015fli, s\u0131cakl\u0131k ortalamas\u0131 22\u00b0C<\/li>\n<\/ul>\n<p><\/ul>\n<\/p>\n<p><\/p>\n<p><h3>Vatanda\u015flara Uyar\u0131lar<\/h3>\n<\/p>\n<p><\/p>\n<p>Hava s\u0131cakl\u0131klar\u0131n\u0131n mevsim normallerinde seyretmesi beklenirken, \u00f6zellikle kuzey ve i\u00e7 kesimlerde ya\u015fayan vatanda\u015flar\u0131n haz\u0131rl\u0131kl\u0131 olmalar\u0131 \u00f6nemlidir. Ani hava de\u011fi\u015fikliklerine kar\u015f\u0131 dikkatli olunmas\u0131 ve gerekli \u00f6nlemlerin al\u0131nmas\u0131 tavsiye edilir. Ayr\u0131ca, tar\u0131m sekt\u00f6r\u00fcnde faaliyet g\u00f6sterenlerin de hava durumunu takip ederek \u00fcr\u00fcnlerini korumalar\u0131 \u00f6neriliyor.<\/p>\n<p><\/p>\n<p><strong>Hava durumu tahminlerinin zaman i\u00e7inde de\u011fi\u015febilece\u011fi<\/strong> unutulmamal\u0131d\u0131r. G\u00fcncel bilgilere ula\u015fmak i\u00e7in g\u00fcvenilir meteoroloji kaynaklar\u0131n\u0131n takip edilmesi \u00f6nemlidir.<\/p><\/p>\n","protected":false},"excerpt":{"rendered":"<p>G\u00f6nen&#8217;de Haftal\u0131k Hava Tahmini G\u00f6nen ve \u00e7evresinde \u00f6n\u00fcm\u00fczdeki hafta hava s\u0131cakl\u0131klar\u0131n\u0131n genellikle mevsim normalleri civar\u0131nda seyrece\u011fi \u00f6ng\u00f6r\u00fcl\u00fcyor. 29 Nisan \u2013 5 May\u0131s 2025 tarihleri aras\u0131ndaki tahminlere g\u00f6re, \u00f6zellikle kuzey ve i\u00e7 kesimlerde yer yer mevsim normallerinin alt\u0131nda s\u0131cakl\u0131klar g\u00f6r\u00fclebilir. S\u0131cakl\u0131k&#8230;<\/p>\n","protected":false},"author":1,"featured_media":27341,"comment_status":"closed","ping_status":"closed","sticky":false,"template":"","format":"standard","meta":{"footnotes":""},"categories":[36],"tags":[],"class_list":["post-27340","post","type-post","status-publish","format-standard","has-post-thumbnail","hentry","category-manset"],"_links":{"self":[{"href":"http:\/\/gazetevizyon.com\/index.php?rest_route=\/wp\/v2\/posts\/27340","targetHints":{"allow":["GET"]}}],"collection":[{"href":"http:\/\/gazetevizyon.com\/index.php?rest_route=\/wp\/v2\/posts"}],"about":[{"href":"http:\/\/gazetevizyon.com\/index.php?rest_route=\/wp\/v2\/types\/post"}],"author":[{"embeddable":true,"href":"http:\/\/gazetevizyon.com\/index.php?rest_route=\/wp\/v2\/users\/1"}],"replies":[{"embeddable":true,"href":"http:\/\/gazetevizyon.com\/index.php?rest_route=%2Fwp%2Fv2%2Fcomments&post=27340"}],"version-history":[{"count":1,"href":"http:\/\/gazetevizyon.com\/index.php?rest_route=\/wp\/v2\/posts\/27340\/revisions"}],"predecessor-version":[{"id":27365,"href":"http:\/\/gazetevizyon.com\/index.php?rest_route=\/wp\/v2\/posts\/27340\/revisions\/27365"}],"wp:featuredmedia":[{"embeddable":true,"href":"http:\/\/gazetevizyon.com\/index.php?rest_route=\/wp\/v2\/media\/27341"}],"wp:attachment":[{"href":"http:\/\/gazetevizyon.com\/index.php?rest_route=%2Fwp%2Fv2%2Fmedia&parent=27340"}],"wp:term":[{"taxonomy":"category","embeddable":true,"href":"http:\/\/gazetevizyon.com\/index.php?rest_route=%2Fwp%2Fv2%2Fcategories&post=27340"},{"taxonomy":"post_tag","embeddable":true,"href":"http:\/\/gazetevizyon.com\/index.php?rest_route=%2Fwp%2Fv2%2Ftags&post=27340"}],"curies":[{"name":"wp","href":"https:\/\/api.w.org\/{rel}","templated":true}]}}