{"id":27342,"date":"2025-04-28T22:06:49","date_gmt":"2025-04-28T22:06:49","guid":{"rendered":"http:\/\/gazetevizyon.com\/?p=27342"},"modified":"2025-04-28T22:06:49","modified_gmt":"2025-04-28T22:06:49","slug":"balikesir-buyuksehir-ve-altieylul-belediyeleri-isbirligiyle-sehir-projeleri-gelistiriliyor","status":"publish","type":"post","link":"http:\/\/gazetevizyon.com\/?p=27342","title":{"rendered":"Bal\u0131kesir B\u00fcy\u00fck\u015fehir ve Alt\u0131eyl\u00fcl Belediyeleri \u0130\u015fbirli\u011fiyle \u015eehir Projeleri Geli\u015ftiriliyor"},"content":{"rendered":"<p>\n<h2>Bal\u0131kesir \u0130\u00e7in Ortak Gelecek Vizyonu<\/h2>\n<\/p>\n<p><\/p>\n<p><strong>Bal\u0131kesir B\u00fcy\u00fck\u015fehir Belediyesi Ba\u015fkan\u0131 Ahmet Ak\u0131n<\/strong>, Alt\u0131eyl\u00fcl Belediye Ba\u015fkan\u0131 Hakan \u015eehirli\u2019yi makam\u0131nda ziyaret ederek kent ve il\u00e7e projeleri \u00fczerine g\u00f6r\u00fc\u015f al\u0131\u015fveri\u015finde bulundu. Ziyarette, Bal\u0131kesir&#8217;in gelece\u011fine y\u00f6nelik ortak \u00e7al\u0131\u015fmalar ve i\u015fbirli\u011fi imkanlar\u0131 ele al\u0131nd\u0131.<\/p>\n<p><\/p>\n<p><h3>Proje De\u011ferlendirmesi ve \u0130\u015fbirli\u011fi Alanlar\u0131<\/h3>\n<\/p>\n<p><\/p>\n<p>Ziyaret kapsam\u0131nda, Bal\u0131kesir B\u00fcy\u00fck\u015fehir Belediyesi\u2019nin hayata ge\u00e7irmeyi planlad\u0131\u011f\u0131 projeler ile Alt\u0131eyl\u00fcl il\u00e7esine \u00f6zel projelerin detaylar\u0131 de\u011ferlendirildi. \u00d6zellikle ula\u015f\u0131m, \u00e7evre d\u00fczenlemesi, sosyal hizmetler ve k\u00fclt\u00fcrel etkinlikler gibi alanlarda potansiyel i\u015fbirli\u011fi olanaklar\u0131n\u0131n masaya yat\u0131r\u0131ld\u0131\u011f\u0131 belirtildi.<\/p>\n<p><\/p>\n<p><h3>Ortak Ak\u0131l ve Gelecek Vizyonu<\/h3>\n<\/p>\n<p><\/p>\n<p>Bal\u0131kesir B\u00fcy\u00fck\u015fehir Belediyesi Ba\u015fkan\u0131 Ahmet Ak\u0131n, ziyaretin ard\u0131ndan yapt\u0131\u011f\u0131 a\u00e7\u0131klamada, Bal\u0131kesir&#8217;in geli\u015fimine katk\u0131 sa\u011flayacak her t\u00fcrl\u00fc projeyi desteklediklerini vurgulad\u0131. <strong>\u201cKentimizi ortak ak\u0131lla ve hep birlikte gelece\u011fe ta\u015f\u0131yaca\u011f\u0131z\u201d<\/strong> ifadesini kullanarak, t\u00fcm payda\u015flarla koordineli bir \u015fekilde \u00e7al\u0131\u015fman\u0131n \u00f6nemine dikkat \u00e7ekti.<\/p>\n<p><\/p>\n<p><p>Alt\u0131eyl\u00fcl Belediye Ba\u015fkan\u0131 Hakan \u015eehirli ise ziyaretinden duydu\u011fu memnuniyeti dile getirerek, Bal\u0131kesir B\u00fcy\u00fck\u015fehir Belediyesi ile uyumlu bir \u00e7al\u0131\u015fma ortam\u0131n\u0131n kendilerini de motive etti\u011fini s\u00f6yledi. Her iki belediye ba\u015fkan\u0131n\u0131n da ortak hedefinin, Bal\u0131kesir&#8217;i daha ya\u015fanabilir ve geli\u015fmi\u015f bir \u015fehir haline getirmek oldu\u011fu vurguland\u0131.<\/p>\n<\/p>\n<p><\/p>\n<p><ul>  <\/p>\n<ul>\n<li>Ula\u015f\u0131m projelerinde koordinasyon art\u0131\u015f\u0131<\/li>\n<p>  <\/p>\n<li>\u00c7evre d\u00fczenlemesi \u00e7al\u0131\u015fmalar\u0131nda ortak stratejiler<\/li>\n<p>  <\/p>\n<li>Sosyal hizmetlerin etkinle\u015ftirilmesi i\u00e7in i\u015fbirli\u011fi<\/li>\n<p>  <\/p>\n<li>K\u00fclt\u00fcrel etkinliklerin \u00e7e\u015fitlendirilmesi ve desteklenmesi<\/li>\n<\/ul>\n<p><\/ul>\n<\/p>\n<p><\/p>\n<p><p>G\u00f6r\u00fc\u015fmede, Bal\u0131kesir&#8217;in turizm potansiyelini art\u0131rmaya y\u00f6nelik projelerin de de\u011ferlendirildi\u011fi \u00f6\u011frenildi. \u00d6zellikle tarihi ve k\u00fclt\u00fcrel miras\u0131n korunmas\u0131, do\u011fal g\u00fczelliklerin tan\u0131t\u0131m\u0131 ve yerel ekonominin g\u00fc\u00e7lendirilmesi konular\u0131nda ortak hareket edilmesi konusunda mutabakat sa\u011fland\u0131.<\/p><\/p>\n","protected":false},"excerpt":{"rendered":"<p>Bal\u0131kesir \u0130\u00e7in Ortak Gelecek Vizyonu Bal\u0131kesir B\u00fcy\u00fck\u015fehir Belediyesi Ba\u015fkan\u0131 Ahmet Ak\u0131n, Alt\u0131eyl\u00fcl Belediye Ba\u015fkan\u0131 Hakan \u015eehirli\u2019yi makam\u0131nda ziyaret ederek kent ve il\u00e7e projeleri \u00fczerine g\u00f6r\u00fc\u015f al\u0131\u015fveri\u015finde bulundu. Ziyarette, Bal\u0131kesir&#8217;in gelece\u011fine y\u00f6nelik ortak \u00e7al\u0131\u015fmalar ve i\u015fbirli\u011fi imkanlar\u0131 ele al\u0131nd\u0131. Proje De\u011ferlendirmesi&#8230;<\/p>\n","protected":false},"author":1,"featured_media":27343,"comment_status":"closed","ping_status":"closed","sticky":false,"template":"","format":"standard","meta":{"footnotes":""},"categories":[36],"tags":[],"class_list":["post-27342","post","type-post","status-publish","format-standard","has-post-thumbnail","hentry","category-manset"],"_links":{"self":[{"href":"http:\/\/gazetevizyon.com\/index.php?rest_route=\/wp\/v2\/posts\/27342","targetHints":{"allow":["GET"]}}],"collection":[{"href":"http:\/\/gazetevizyon.com\/index.php?rest_route=\/wp\/v2\/posts"}],"about":[{"href":"http:\/\/gazetevizyon.com\/index.php?rest_route=\/wp\/v2\/types\/post"}],"author":[{"embeddable":true,"href":"http:\/\/gazetevizyon.com\/index.php?rest_route=\/wp\/v2\/users\/1"}],"replies":[{"embeddable":true,"href":"http:\/\/gazetevizyon.com\/index.php?rest_route=%2Fwp%2Fv2%2Fcomments&post=27342"}],"version-history":[{"count":1,"href":"http:\/\/gazetevizyon.com\/index.php?rest_route=\/wp\/v2\/posts\/27342\/revisions"}],"predecessor-version":[{"id":27366,"href":"http:\/\/gazetevizyon.com\/index.php?rest_route=\/wp\/v2\/posts\/27342\/revisions\/27366"}],"wp:featuredmedia":[{"embeddable":true,"href":"http:\/\/gazetevizyon.com\/index.php?rest_route=\/wp\/v2\/media\/27343"}],"wp:attachment":[{"href":"http:\/\/gazetevizyon.com\/index.php?rest_route=%2Fwp%2Fv2%2Fmedia&parent=27342"}],"wp:term":[{"taxonomy":"category","embeddable":true,"href":"http:\/\/gazetevizyon.com\/index.php?rest_route=%2Fwp%2Fv2%2Fcategories&post=27342"},{"taxonomy":"post_tag","embeddable":true,"href":"http:\/\/gazetevizyon.com\/index.php?rest_route=%2Fwp%2Fv2%2Ftags&post=27342"}],"curies":[{"name":"wp","href":"https:\/\/api.w.org\/{rel}","templated":true}]}}