{"id":27346,"date":"2025-04-28T22:07:23","date_gmt":"2025-04-28T22:07:23","guid":{"rendered":"http:\/\/gazetevizyon.com\/?p=27346"},"modified":"2025-04-28T22:07:23","modified_gmt":"2025-04-28T22:07:23","slug":"gonende-nufus-yaslaniyor-egitim-seviyesi-yukseliyor","status":"publish","type":"post","link":"http:\/\/gazetevizyon.com\/?p=27346","title":{"rendered":"G\u00f6nen&#8217;de N\u00fcfus Ya\u015flan\u0131yor, E\u011fitim Seviyesi Y\u00fckseliyor"},"content":{"rendered":"<p>\n<h2>G\u00f6nen&#8217;in Demografik Profili De\u011fi\u015fiyor<\/h2>\n<\/p>\n<p><\/p>\n<p>Bal\u0131kesir\u2019e ba\u011fl\u0131 G\u00f6nen il\u00e7esi, g\u00fcncel demografik verileriyle \u00f6ne \u00e7\u0131k\u0131yor. Endeksa verilerine g\u00f6re il\u00e7e n\u00fcfusu <strong>74.871 ki\u015fi<\/strong> olarak kaydedildi. N\u00fcfusun %50,1&#8217;i kad\u0131nlardan olu\u015furken, erkeklerin oran\u0131 %49,9\u2019da yer al\u0131yor. G\u00f6nen\u2019in demografik yap\u0131s\u0131 incelendi\u011finde dikkat \u00e7ekici de\u011fi\u015fimler g\u00f6zlemleniyor.<\/p>\n<p><\/p>\n<p><h3>Ya\u015f Da\u011f\u0131l\u0131m\u0131nda \u00d6nemli Art\u0131\u015f<\/h3>\n<\/p>\n<p><\/p>\n<p>G\u00f6nen\u2019deki ya\u015f da\u011f\u0131l\u0131m\u0131, il\u00e7e n\u00fcfusunun giderek ya\u015fland\u0131\u011f\u0131n\u0131 g\u00f6steriyor. Verilere g\u00f6re 65 ya\u015f ve \u00fczeri n\u00fcfus oran\u0131 <strong>%20<\/strong> olarak ger\u00e7ekle\u015fti; bu oran T\u00fcrkiye ortalamas\u0131n\u0131n \u00fczerinde seyrediyor. \u00c7al\u0131\u015fma \u00e7a\u011f\u0131ndaki (15<\/p>\n<ul>\n<li>64 ya\u015f) n\u00fcfus ise %65\u2019lik bir dilimi olu\u015ftururken, \u00e7ocuk n\u00fcfusu (0-14 ya\u015f) yakla\u015f\u0131k %15 civar\u0131nda bulunuyor. Bu durum, G\u00f6nen&#8217;in demografik ge\u00e7i\u015f s\u00fcrecinde oldu\u011funu ve ya\u015fl\u0131 n\u00fcfusun a\u011f\u0131rl\u0131\u011f\u0131n\u0131n artt\u0131\u011f\u0131n\u0131 ortaya koyuyor.<\/p>\n<\/li>\n<p><\/p>\n<p><h3>E\u011fitim Seviyesi K\u0131rsal B\u00f6lgelere G\u00f6re Y\u00fcksek<\/h3>\n<\/p>\n<p><\/p>\n<p>G\u00f6nen\u2019deki e\u011fitim durumu da \u00f6nemli bir de\u011fi\u015fim g\u00f6steriyor. \u0130l\u00e7e halk\u0131n\u0131n %42&#8217;si lise veya dengi okul mezunu iken, \u00fcniversite mezunlar\u0131n\u0131n oran\u0131 ise yakla\u015f\u0131k <strong>%14<\/strong> seviyesinde bulunuyor. \u00d6zellikle k\u0131rsal il\u00e7elerle kar\u015f\u0131la\u015ft\u0131r\u0131ld\u0131\u011f\u0131nda G\u00f6nen\u2019in e\u011fitim seviyesi olduk\u00e7a y\u00fcksek bir orana sahip oldu\u011fu g\u00f6r\u00fcl\u00fcyor. Bu durum, il\u00e7e halk\u0131n\u0131n e\u011fitime verdi\u011fi \u00f6nemin ve e\u011fitim olanaklar\u0131na eri\u015fiminin artt\u0131\u011f\u0131n\u0131n bir g\u00f6stergesi olarak de\u011ferlendiriliyor.<\/p>\n<p><\/p>\n<p><h3>Hane Halk\u0131 B\u00fcy\u00fckl\u00fc\u011f\u00fc K\u00fc\u00e7\u00fcl\u00fcyor<\/h3>\n<\/p>\n<p><\/p>\n<p>G\u00f6nen\u2019de ortalama hane b\u00fcy\u00fckl\u00fc\u011f\u00fc 2,7 ki\u015fi olarak \u00f6l\u00e7\u00fcld\u00fc. Tek ki\u015filik hane say\u0131s\u0131nda art\u0131\u015f g\u00f6zlenirken, 4 ve \u00fczeri ki\u015fiden olu\u015fan haneler ise giderek azal\u0131yor. Bu durum, aile yap\u0131s\u0131n\u0131n de\u011fi\u015fti\u011fini ve bireysel ya\u015fama olan talebin artt\u0131\u011f\u0131n\u0131 g\u00f6steriyor.<\/p>\n<p><\/p>\n<p><h3>Konut Piyasas\u0131nda Y\u00fckseli\u015f<\/h3>\n<\/p>\n<p><\/p>\n<p>\u0130l\u00e7edeki konut verileri de dikkat \u00e7ekici bir tablo sergiliyor. Ortalama konut b\u00fcy\u00fckl\u00fc\u011f\u00fc 130 m\u00b2 civar\u0131nda bulunurken, sat\u0131l\u0131k konut fiyatlar\u0131nda son bir y\u0131lda <strong>%57\u2019lik<\/strong> bir art\u0131\u015f ya\u015fand\u0131. Kiral\u0131k konutlarda ise bu oran %63 olarak ger\u00e7ekle\u015fti. Konut piyasas\u0131ndaki bu y\u00fckseli\u015f, G\u00f6nen&#8217;e olan talebin artt\u0131\u011f\u0131n\u0131 ve il\u00e7e ekonomisinin canland\u0131\u011f\u0131n\u0131 g\u00f6steriyor.<\/p>\n<p><\/p>\n<p><ul>  <\/p>\n<li><strong>Toplam N\u00fcfus:<\/strong> 74.871 ki\u015fi<\/li>\n<p>  <\/p>\n<li><strong>Kad\u0131n\/Erkek Oran\u0131:<\/strong> %50,1 kad\u0131n \/ %49,9 erkek<\/li>\n<p>  <\/p>\n<li><strong>65 Ya\u015f \u00dcst\u00fc Oran\u0131:<\/strong> %20<\/li>\n<p>  <\/p>\n<li><strong>Lise Mezunu Oran\u0131:<\/strong> %42<\/li>\n<p>  <\/p>\n<li><strong>\u00dcniversite Mezunu Oran\u0131:<\/strong> %14<\/li>\n<p>  <\/p>\n<li><strong>Ortalama Hane B\u00fcy\u00fckl\u00fc\u011f\u00fc:<\/strong> 2,7 ki\u015fi<\/li>\n<p>  <\/p>\n<li><strong>Konut Fiyat Art\u0131\u015f\u0131 (Y\u0131ll\u0131k):<\/strong> %57<\/li>\n<p>  <\/p>\n<li><strong>Kira Art\u0131\u015f\u0131 (Y\u0131ll\u0131k):<\/strong> %63<\/li>\n<\/ul>\n<p><\/ul>\n<\/p>\n<p><\/p>\n<p>G\u00f6nen, ya\u015flanan n\u00fcfusu ve y\u00fckselen e\u011fitim seviyesi ile Marmara B\u00f6lgesi&#8217;nde dikkat \u00e7eken il\u00e7elerden biri olmaya devam ediyor. Konut fiyatlar\u0131ndaki art\u0131\u015f ise il\u00e7e ekonomisine olan talebin artt\u0131\u011f\u0131n\u0131n bir g\u00f6stergesi olarak de\u011ferlendiriliyor.<\/p><\/p>\n","protected":false},"excerpt":{"rendered":"<p>G\u00f6nen&#8217;in Demografik Profili De\u011fi\u015fiyor Bal\u0131kesir\u2019e ba\u011fl\u0131 G\u00f6nen il\u00e7esi, g\u00fcncel demografik verileriyle \u00f6ne \u00e7\u0131k\u0131yor. Endeksa verilerine g\u00f6re il\u00e7e n\u00fcfusu 74.871 ki\u015fi olarak kaydedildi. N\u00fcfusun %50,1&#8217;i kad\u0131nlardan olu\u015furken, erkeklerin oran\u0131 %49,9\u2019da yer al\u0131yor. G\u00f6nen\u2019in demografik yap\u0131s\u0131 incelendi\u011finde dikkat \u00e7ekici de\u011fi\u015fimler g\u00f6zlemleniyor. Ya\u015f&#8230;<\/p>\n","protected":false},"author":1,"featured_media":27347,"comment_status":"closed","ping_status":"closed","sticky":false,"template":"","format":"standard","meta":{"footnotes":""},"categories":[36],"tags":[],"class_list":["post-27346","post","type-post","status-publish","format-standard","has-post-thumbnail","hentry","category-manset"],"_links":{"self":[{"href":"http:\/\/gazetevizyon.com\/index.php?rest_route=\/wp\/v2\/posts\/27346","targetHints":{"allow":["GET"]}}],"collection":[{"href":"http:\/\/gazetevizyon.com\/index.php?rest_route=\/wp\/v2\/posts"}],"about":[{"href":"http:\/\/gazetevizyon.com\/index.php?rest_route=\/wp\/v2\/types\/post"}],"author":[{"embeddable":true,"href":"http:\/\/gazetevizyon.com\/index.php?rest_route=\/wp\/v2\/users\/1"}],"replies":[{"embeddable":true,"href":"http:\/\/gazetevizyon.com\/index.php?rest_route=%2Fwp%2Fv2%2Fcomments&post=27346"}],"version-history":[{"count":1,"href":"http:\/\/gazetevizyon.com\/index.php?rest_route=\/wp\/v2\/posts\/27346\/revisions"}],"predecessor-version":[{"id":27367,"href":"http:\/\/gazetevizyon.com\/index.php?rest_route=\/wp\/v2\/posts\/27346\/revisions\/27367"}],"wp:featuredmedia":[{"embeddable":true,"href":"http:\/\/gazetevizyon.com\/index.php?rest_route=\/wp\/v2\/media\/27347"}],"wp:attachment":[{"href":"http:\/\/gazetevizyon.com\/index.php?rest_route=%2Fwp%2Fv2%2Fmedia&parent=27346"}],"wp:term":[{"taxonomy":"category","embeddable":true,"href":"http:\/\/gazetevizyon.com\/index.php?rest_route=%2Fwp%2Fv2%2Fcategories&post=27346"},{"taxonomy":"post_tag","embeddable":true,"href":"http:\/\/gazetevizyon.com\/index.php?rest_route=%2Fwp%2Fv2%2Ftags&post=27346"}],"curies":[{"name":"wp","href":"https:\/\/api.w.org\/{rel}","templated":true}]}}