{"id":27402,"date":"2025-04-29T16:19:09","date_gmt":"2025-04-29T16:19:09","guid":{"rendered":"http:\/\/gazetevizyon.com\/?p=27402"},"modified":"2025-04-29T16:19:09","modified_gmt":"2025-04-29T16:19:09","slug":"balikesir-valisi-ustaoglu-aygoren-sut-urunleri-isletmecisinin-cenaze-torenine-katildi","status":"publish","type":"post","link":"http:\/\/gazetevizyon.com\/?p=27402","title":{"rendered":"Bal\u0131kesir Valisi Ustao\u011flu, Ayg\u00f6ren S\u00fct \u00dcr\u00fcnleri \u0130\u015fletmecisinin Cenaze T\u00f6renine Kat\u0131ld\u0131"},"content":{"rendered":"<p>\n<h2>Bal\u0131kesir Valisi Ustao\u011flu, \u0130\u015f Adam\u0131 Halil Ayg\u00f6ren&#8217;e Veda Etti<\/h2>\n<\/p>\n<p><\/p>\n<p><p>Bal\u0131kesir Valisi \u0130smail Ustao\u011flu, Karesi il\u00e7esi Kocaav\u015far Mahallesi&#8217;nde ikamet eden ve Ayg\u00f6ren S\u00fct \u00dcr\u00fcnleri \u0130\u015fletmesinin sahibi olan Halil Ayg\u00f6ren&#8217;in vefat\u0131 \u00fczerine ailesine ve sevenlerine ba\u015fsa\u011fl\u0131\u011f\u0131 diledi. \u0130\u015f adam\u0131 Ayg\u00f6ren&#8217;in cenaze t\u00f6reni, \u00f6\u011fleden sonra d\u00fczenlendi.<\/p>\n<\/p>\n<p><\/p>\n<p><h3>Halil Ayg\u00f6ren Kimdi?<\/h3>\n<\/p>\n<p><\/p>\n<p><p>Halil Ayg\u00f6ren, Bal\u0131kesir&#8217;de s\u00fct \u00fcr\u00fcnleri sekt\u00f6r\u00fcne \u00f6nemli katk\u0131lar\u0131 bulunan tan\u0131nm\u0131\u015f bir i\u015f adam\u0131yd\u0131. Ayg\u00f6ren S\u00fct \u00dcr\u00fcnleri \u0130\u015fletmesi, b\u00f6lge halk\u0131n\u0131n uzun y\u0131llard\u0131r tercih etti\u011fi, kaliteli ve do\u011fal s\u00fct \u00fcr\u00fcnleriyle bilinir. \u0130\u015fletme, y\u00f6re ekonomisine de \u00f6nemli bir katk\u0131 sa\u011flam\u0131\u015ft\u0131r. Ayg\u00f6ren&#8217;in s\u00fct \u00fcr\u00fcnleri, \u00f6zellikle y\u00f6resel lezzetleriyle tan\u0131n\u0131r ve farkl\u0131 ya\u015f gruplar\u0131na hitap eden geni\u015f bir \u00fcr\u00fcn yelpazesine sahiptir. \u00d6rne\u011fin, y\u00f6resel peynirleri ve do\u011fal yo\u011furtlar\u0131 b\u00fcy\u00fck be\u011feni toplam\u0131\u015ft\u0131r.<\/p>\n<\/p>\n<p><\/p>\n<p><h3>Cenaze T\u00f6renine Yo\u011fun Kat\u0131l\u0131m<\/h3>\n<\/p>\n<p><\/p>\n<p><p>Halil Ayg\u00f6ren&#8217;in cenaze t\u00f6renine, i\u015f d\u00fcnyas\u0131ndan, siyasetten ve toplumun \u00e7e\u015fitli kesimlerinden bir\u00e7ok ki\u015fi kat\u0131ld\u0131. Vali Ustao\u011flu, t\u00f6rende Ayg\u00f6ren ailesine ve yak\u0131nlar\u0131na ba\u015fsa\u011fl\u0131\u011f\u0131 dileklerini iletti. T\u00f6rende, merhum Ayg\u00f6ren&#8217;in hayat\u0131 ve ba\u015far\u0131lar\u0131 an\u0131larak, ailesine ve sevenlerine sab\u0131r ve metanet temenni edildi.<\/p>\n<\/p>\n<p><\/p>\n<p><h3>Vali Ustao\u011flu&#8217;nun Ba\u015fsa\u011fl\u0131\u011f\u0131 Mesaj\u0131<\/h3>\n<\/p>\n<p><\/p>\n<p><p>Vali Ustao\u011flu, ba\u015fsa\u011fl\u0131\u011f\u0131 mesaj\u0131nda \u015fu ifadelere yer verdi: &#8220;De\u011ferli i\u015f adam\u0131 Halil Ayg\u00f6ren&#8217;in vefat\u0131n\u0131 b\u00fcy\u00fck bir \u00fcz\u00fcnt\u00fcyle \u00f6\u011frenmi\u015f bulunmaktay\u0131m. Merhum, s\u00fct \u00fcr\u00fcnleri sekt\u00f6r\u00fcne yapt\u0131\u011f\u0131 katk\u0131larla ve i\u015f ahlak\u0131yla tan\u0131nan bir isimdi. Ailesine, sevenlerine ve t\u00fcm topluma ba\u015fsa\u011fl\u0131\u011f\u0131 diliyorum.&#8221;<\/p>\n<\/p>\n<p><\/p>\n<p><h3>Ayg\u00f6ren S\u00fct \u00dcr\u00fcnleri \u0130\u015fletmesi Hakk\u0131nda<\/h3>\n<\/p>\n<p><\/p>\n<p><p>Ayg\u00f6ren S\u00fct \u00dcr\u00fcnleri \u0130\u015fletmesi, uzun y\u0131llard\u0131r Bal\u0131kesir ve \u00e7evresinde faaliyet g\u00f6steren, do\u011fal ve geleneksel y\u00f6ntemlerle \u00fcretilen s\u00fct \u00fcr\u00fcnleriyle tan\u0131nmaktad\u0131r. \u0130\u015fletme, <strong>s\u00fct hijyenine ve kalite standartlar\u0131na b\u00fcy\u00fck \u00f6nem vermektedir<\/strong>. \u00dcr\u00fcn \u00e7e\u015fitlili\u011fi aras\u0131nda taze s\u00fct, yo\u011furt, peynir, tereya\u011f\u0131 ve di\u011fer geleneksel s\u00fct \u00fcr\u00fcnleri yer almaktad\u0131r. <strong>M\u00fc\u015fteri memnuniyetini \u00f6n planda tutan<\/strong> i\u015fletme, b\u00f6lge halk\u0131n\u0131n g\u00fcvenini kazanm\u0131\u015ft\u0131r.<\/p>\n<\/p>\n<p><\/p>\n<p><h3>Bal\u0131kesir&#8217;in Kayb\u0131<\/h3>\n<\/p>\n<p><\/p>\n<p><p>Halil Ayg\u00f6ren&#8217;in vefat\u0131, Bal\u0131kesir i\u00e7in b\u00fcy\u00fck bir kay\u0131pt\u0131r. \u0130\u015f adam\u0131, hem ticari hayat\u0131yla hem de sosyal sorumluluk projeleriyle tan\u0131nan bir fig\u00fcrd\u00fc. Vefat\u0131, sevenleri ve i\u015f d\u00fcnyas\u0131 taraf\u0131ndan derin bir \u00fcz\u00fcnt\u00fcyle kar\u015f\u0131land\u0131.<\/p><\/p>\n","protected":false},"excerpt":{"rendered":"<p>Bal\u0131kesir Valisi Ustao\u011flu, \u0130\u015f Adam\u0131 Halil Ayg\u00f6ren&#8217;e Veda Etti Bal\u0131kesir Valisi \u0130smail Ustao\u011flu, Karesi il\u00e7esi Kocaav\u015far Mahallesi&#8217;nde ikamet eden ve Ayg\u00f6ren S\u00fct \u00dcr\u00fcnleri \u0130\u015fletmesinin sahibi olan Halil Ayg\u00f6ren&#8217;in vefat\u0131 \u00fczerine ailesine ve sevenlerine ba\u015fsa\u011fl\u0131\u011f\u0131 diledi. \u0130\u015f adam\u0131 Ayg\u00f6ren&#8217;in cenaze t\u00f6reni,&#8230;<\/p>\n","protected":false},"author":1,"featured_media":27403,"comment_status":"closed","ping_status":"closed","sticky":false,"template":"","format":"standard","meta":{"footnotes":""},"categories":[36],"tags":[],"class_list":["post-27402","post","type-post","status-publish","format-standard","has-post-thumbnail","hentry","category-manset"],"_links":{"self":[{"href":"http:\/\/gazetevizyon.com\/index.php?rest_route=\/wp\/v2\/posts\/27402","targetHints":{"allow":["GET"]}}],"collection":[{"href":"http:\/\/gazetevizyon.com\/index.php?rest_route=\/wp\/v2\/posts"}],"about":[{"href":"http:\/\/gazetevizyon.com\/index.php?rest_route=\/wp\/v2\/types\/post"}],"author":[{"embeddable":true,"href":"http:\/\/gazetevizyon.com\/index.php?rest_route=\/wp\/v2\/users\/1"}],"replies":[{"embeddable":true,"href":"http:\/\/gazetevizyon.com\/index.php?rest_route=%2Fwp%2Fv2%2Fcomments&post=27402"}],"version-history":[{"count":1,"href":"http:\/\/gazetevizyon.com\/index.php?rest_route=\/wp\/v2\/posts\/27402\/revisions"}],"predecessor-version":[{"id":27442,"href":"http:\/\/gazetevizyon.com\/index.php?rest_route=\/wp\/v2\/posts\/27402\/revisions\/27442"}],"wp:featuredmedia":[{"embeddable":true,"href":"http:\/\/gazetevizyon.com\/index.php?rest_route=\/wp\/v2\/media\/27403"}],"wp:attachment":[{"href":"http:\/\/gazetevizyon.com\/index.php?rest_route=%2Fwp%2Fv2%2Fmedia&parent=27402"}],"wp:term":[{"taxonomy":"category","embeddable":true,"href":"http:\/\/gazetevizyon.com\/index.php?rest_route=%2Fwp%2Fv2%2Fcategories&post=27402"},{"taxonomy":"post_tag","embeddable":true,"href":"http:\/\/gazetevizyon.com\/index.php?rest_route=%2Fwp%2Fv2%2Ftags&post=27402"}],"curies":[{"name":"wp","href":"https:\/\/api.w.org\/{rel}","templated":true}]}}