{"id":27436,"date":"2025-04-29T19:20:05","date_gmt":"2025-04-29T19:20:05","guid":{"rendered":"http:\/\/gazetevizyon.com\/?p=27436"},"modified":"2025-04-29T19:20:05","modified_gmt":"2025-04-29T19:20:05","slug":"chp-balikesir-1-mayista-emegin-ve-barisin-sesini-meydanda-yukseltecek","status":"publish","type":"post","link":"http:\/\/gazetevizyon.com\/?p=27436","title":{"rendered":"CHP Bal\u0131kesir, 1 May\u0131s&#8217;ta Eme\u011fin ve Bar\u0131\u015f\u0131n Sesini Meydanda Y\u00fckseltecek"},"content":{"rendered":"<p>\n<h2>CHP Bal\u0131kesir, 1 May\u0131s \u0130\u015f\u00e7i Bayram\u0131&#8217;nda Alanda olacak<\/h2>\n<\/p>\n<p><\/p>\n<p><p>CHP Bal\u0131kesir \u0130l Ba\u015fkanl\u0131\u011f\u0131, s\u00f6m\u00fcr\u00fcye, adaletsizliklere ve sava\u015fa kar\u015f\u0131 emek, bar\u0131\u015f ve \u00f6zg\u00fcrl\u00fck taleplerini dile getirmek amac\u0131yla 1 May\u0131s \u0130\u015f\u00e7i Bayram\u0131&#8217;nda Bal\u0131kesir&#8217;de bir etkinlik d\u00fczenleyece\u011fini duyurdu. Partililer ve destek\u00e7iler, 1 May\u0131s&#8217;ta alanlarda bir araya gelerek emek m\u00fccadelelerine dikkat \u00e7ekecek.<\/p>\n<\/p>\n<p><\/p>\n<p><h3>Etkinlik Detaylar\u0131<\/h3>\n<\/p>\n<p><\/p>\n<p><p>CHP Bal\u0131kesir \u0130l Ba\u015fkanl\u0131\u011f\u0131&#8217;n\u0131n d\u00fczenleyece\u011fi etkinlik program\u0131 \u015fu \u015fekilde:<\/p>\n<p><\/p>\n<ul>  <\/p>\n<ul>\n<li><strong>Bulu\u015fma Yeri:<\/strong> Bah\u00e7elievler \u00c7ar\u015famba Pazar\u0131<\/li>\n<p>  <\/p>\n<li><strong>Bulu\u015fma Saati:<\/strong> 11:00<\/li>\n<p>  <\/p>\n<li><strong>Miting Alan\u0131:<\/strong> Kuvayi Milliye Meydan\u0131<\/li>\n<\/ul>\n<p><\/ul>\n<\/p>\n<p><\/p>\n<p><p>Parti, t\u00fcm Bal\u0131kesir halk\u0131n\u0131 bu etkinlikte bir araya gelerek eme\u011fin onurunu ve birli\u011fin g\u00fcc\u00fcn\u00fc hayk\u0131rmaya davet ediyor. <strong>Bu etkinlik, i\u015f\u00e7ilerin haklar\u0131n\u0131 savunmak ve daha adil bir \u00e7al\u0131\u015fma ortam\u0131 talep etmek amac\u0131yla d\u00fczenleniyor.<\/strong><\/p>\n<\/p>\n<p><\/p>\n<p><h3>Neden 1 May\u0131s \u00d6nemli?<\/h3>\n<\/p>\n<p><\/p>\n<p><p>1 May\u0131s \u0130\u015f\u00e7i Bayram\u0131, d\u00fcnya genelinde i\u015f\u00e7ilerin haklar\u0131 i\u00e7in verilen m\u00fccadelelere ve kazan\u0131mlara bir an\u0131 olarak kutlan\u0131yor. Bu g\u00fcn, i\u015f\u00e7ilerin ekonomik, sosyal ve siyasi haklar\u0131n\u0131 savunmak i\u00e7in bir f\u0131rsat sunuyor. <strong>Bal\u0131kesir&#8217;de d\u00fczenlenecek etkinlik, i\u015f\u00e7ilerin sesi olmak ve onlar\u0131n taleplerini kamuoyuna duyurmak amac\u0131yla d\u00fczenleniyor.<\/strong><\/p>\n<\/p>\n<p><\/p>\n<p><h3>Kat\u0131l\u0131m\u0131n \u00d6nemi<\/h3>\n<\/p>\n<p><\/p>\n<p><p>CHP Bal\u0131kesir \u0130l Ba\u015fkanl\u0131\u011f\u0131, i\u015f\u00e7i s\u0131n\u0131f\u0131n\u0131n ve t\u00fcm toplumun kat\u0131l\u0131m\u0131n\u0131n \u00f6nemine vurgu yapt\u0131. Etkinli\u011fe kat\u0131l\u0131m\u0131n, emek m\u00fccadelesine destek vermek ve daha adil bir gelecek i\u00e7in birlikte hareket etmek anlam\u0131na geldi\u011fini belirtti. <strong>Kat\u0131l\u0131mc\u0131lar, i\u015f\u00e7ilerin haklar\u0131n\u0131 savunmak ve daha iyi \u00e7al\u0131\u015fma ko\u015fullar\u0131 talep etmek i\u00e7in bir araya gelerek birlik ve beraberlik mesaj\u0131 verecekler.<\/strong><\/p>\n<\/p>\n<p><\/p>\n<p><p>CHP Bal\u0131kesir \u0130l Ba\u015fkan\u0131 ve partililer, etkinli\u011fin ba\u015far\u0131l\u0131 ge\u00e7mesi i\u00e7in gerekli t\u00fcm haz\u0131rl\u0131klar\u0131 tamamlad\u0131klar\u0131n\u0131 ve halk\u0131n yo\u011fun kat\u0131l\u0131m\u0131n\u0131 beklediklerini ifade ettiler.<\/p><\/p>\n","protected":false},"excerpt":{"rendered":"<p>CHP Bal\u0131kesir, 1 May\u0131s \u0130\u015f\u00e7i Bayram\u0131&#8217;nda Alanda olacak CHP Bal\u0131kesir \u0130l Ba\u015fkanl\u0131\u011f\u0131, s\u00f6m\u00fcr\u00fcye, adaletsizliklere ve sava\u015fa kar\u015f\u0131 emek, bar\u0131\u015f ve \u00f6zg\u00fcrl\u00fck taleplerini dile getirmek amac\u0131yla 1 May\u0131s \u0130\u015f\u00e7i Bayram\u0131&#8217;nda Bal\u0131kesir&#8217;de bir etkinlik d\u00fczenleyece\u011fini duyurdu. Partililer ve destek\u00e7iler, 1 May\u0131s&#8217;ta alanlarda&#8230;<\/p>\n","protected":false},"author":1,"featured_media":27437,"comment_status":"closed","ping_status":"closed","sticky":false,"template":"","format":"standard","meta":{"footnotes":""},"categories":[23],"tags":[],"class_list":["post-27436","post","type-post","status-publish","format-standard","has-post-thumbnail","hentry","category-siyaset"],"_links":{"self":[{"href":"http:\/\/gazetevizyon.com\/index.php?rest_route=\/wp\/v2\/posts\/27436","targetHints":{"allow":["GET"]}}],"collection":[{"href":"http:\/\/gazetevizyon.com\/index.php?rest_route=\/wp\/v2\/posts"}],"about":[{"href":"http:\/\/gazetevizyon.com\/index.php?rest_route=\/wp\/v2\/types\/post"}],"author":[{"embeddable":true,"href":"http:\/\/gazetevizyon.com\/index.php?rest_route=\/wp\/v2\/users\/1"}],"replies":[{"embeddable":true,"href":"http:\/\/gazetevizyon.com\/index.php?rest_route=%2Fwp%2Fv2%2Fcomments&post=27436"}],"version-history":[{"count":1,"href":"http:\/\/gazetevizyon.com\/index.php?rest_route=\/wp\/v2\/posts\/27436\/revisions"}],"predecessor-version":[{"id":27462,"href":"http:\/\/gazetevizyon.com\/index.php?rest_route=\/wp\/v2\/posts\/27436\/revisions\/27462"}],"wp:featuredmedia":[{"embeddable":true,"href":"http:\/\/gazetevizyon.com\/index.php?rest_route=\/wp\/v2\/media\/27437"}],"wp:attachment":[{"href":"http:\/\/gazetevizyon.com\/index.php?rest_route=%2Fwp%2Fv2%2Fmedia&parent=27436"}],"wp:term":[{"taxonomy":"category","embeddable":true,"href":"http:\/\/gazetevizyon.com\/index.php?rest_route=%2Fwp%2Fv2%2Fcategories&post=27436"},{"taxonomy":"post_tag","embeddable":true,"href":"http:\/\/gazetevizyon.com\/index.php?rest_route=%2Fwp%2Fv2%2Ftags&post=27436"}],"curies":[{"name":"wp","href":"https:\/\/api.w.org\/{rel}","templated":true}]}}