{"id":27455,"date":"2025-04-29T22:19:08","date_gmt":"2025-04-29T22:19:08","guid":{"rendered":"http:\/\/gazetevizyon.com\/?p=27455"},"modified":"2025-04-29T22:19:08","modified_gmt":"2025-04-29T22:19:08","slug":"kutul-amare-zaferinin-109-yili-sehitlerimizin-ruhlari-sad","status":"publish","type":"post","link":"http:\/\/gazetevizyon.com\/?p=27455","title":{"rendered":"Kut\u00fcl Amare Zaferi&#8217;nin 109. Y\u0131l\u0131: \u015eehitlerimizin Ruhlar\u0131 \u015ead"},"content":{"rendered":"<p>\n<h2>Kut\u00fcl Amare Zaferi&#8217;nin 109. Y\u0131l\u0131 Kutlan\u0131yor<\/h2>\n<\/p>\n<p><\/p>\n<p><p>Kut\u00fcl Amare Zaferi&#8217;nin 109. y\u0131l d\u00f6n\u00fcm\u00fc, T\u00fcrkiye&#8217;de b\u00fcy\u00fck bir co\u015fkuyla kutlan\u0131yor. <strong>Bu zafer, T\u00fcrk tarihinde \u00f6nemli bir d\u00f6n\u00fcm noktas\u0131d\u0131r<\/strong> ve T\u00fcrk milletinin kahramanl\u0131\u011f\u0131n\u0131 t\u00fcm d\u00fcnyaya g\u00f6stermi\u015ftir. Bug\u00fcn, Kut\u00fcl Amare&#8217;nin \u015feref ve \u015fan dolu atmosferi, \u015fehitlerimizin ruhlar\u0131n\u0131n \u015fad olmas\u0131yla daha da anlam kazan\u0131yor.<\/p>\n<\/p>\n<p><\/p>\n<p><h3>Kut\u00fcl Amare: T\u00fcrk Silah\u0131n\u0131n Parlak Zaferi<\/h3>\n<\/p>\n<p><\/p>\n<p><p>Kut\u00fcl Amare, 1915 y\u0131l\u0131nda Osmanl\u0131 \u0130mparatorlu\u011fu&#8217;nun \u0130ngilizlere kar\u015f\u0131 kazand\u0131\u011f\u0131 \u00f6nemli bir zaferdir. <strong>Sava\u015f\u0131n zorlu ko\u015fullar\u0131na ra\u011fmen, T\u00fcrk askerleri b\u00fcy\u00fck bir azim ve kahramanl\u0131kla d\u00fc\u015fman kuvvetlerini p\u00fcsk\u00fcrtmeyi ba\u015farm\u0131\u015ft\u0131r.<\/strong> Bu zafer, \u0130ngilizlerin Ba\u011fdat&#8217;a ula\u015fma planlar\u0131n\u0131 engellemi\u015f ve Osmanl\u0131 \u0130mparatorlu\u011fu&#8217;nun toprak b\u00fct\u00fcnl\u00fc\u011f\u00fcn\u00fc koruma m\u00fccadelesine \u00f6nemli bir katk\u0131 sa\u011flam\u0131\u015ft\u0131r.<\/p>\n<\/p>\n<p><\/p>\n<p><h3>&#8220;Kut Bayram\u0131&#8221;: \u015eehitlerimizi Anma G\u00fcn\u00fc<\/h3>\n<\/p>\n<p><\/p>\n<p><p>Kut\u00fcl Amare Zaferi&#8217;nin ard\u0131ndan, bu g\u00fcn\u00fc anmak ve \u015fehitleri rahmetle yad etmek amac\u0131yla &#8220;Kut Bayram\u0131&#8221; ad\u0131 verilmi\u015ftir. <strong>Her y\u0131l Kut Bayram\u0131&#8217;nda, \u015fehitlerimizin ruhlar\u0131 i\u00e7in Yasin, Tebareke ve Fatiha okumak gelenekselle\u015fmi\u015ftir.<\/strong> Bu anlaml\u0131 g\u00fcnde, \u015fehitlerimizin fedakarl\u0131klar\u0131 ve kahramanl\u0131klar\u0131 bir kez daha hat\u0131rlan\u0131yor.<\/p>\n<\/p>\n<p><\/p>\n<p><h3>Mirliva Halil Pa\u015fa ve Kut\u00fcl Amare&#8217;nin Muzaffer Komutan\u0131<\/h3>\n<\/p>\n<p><\/p>\n<p><p>Kut\u00fcl Amare Zaferi&#8217;nin ba\u015f\u0131n\u0131 \u00e7eken ve bu zaferin mimar\u0131 olan Mirliva Halil Pa\u015fa, T\u00fcrk askeri tarihine alt\u0131n harflerle yaz\u0131lm\u0131\u015ft\u0131r. <strong>Pa\u015fa&#8217;n\u0131n liderli\u011fi ve stratejik zekas\u0131, T\u00fcrk askerinin zafer yolunu a\u00e7m\u0131\u015ft\u0131r.<\/strong> Kut\u00fcl Amare&#8217;nin muzaffer komutan\u0131 olarak an\u0131lan Halil Pa\u015fa, T\u00fcrk milletinin g\u00f6nl\u00fcnde \u00f6zel bir yere sahiptir.<\/p>\n<\/p>\n<p><\/p>\n<p><h3>\u015eehitlerimize Minnet ve Rahmet<\/h3>\n<\/p>\n<p><\/p>\n<p><p>Kut Bayram\u0131&#8217;nda, aziz \u015fehitlerimizi ve gazilerimizi rahmet ve minnetle y\u00e2d ediyoruz. <strong>Onlar\u0131n fedakarl\u0131klar\u0131 sayesinde bug\u00fcn T\u00fcrk vatanda\u015f\u0131 olarak \u00f6zg\u00fcrce ya\u015f\u0131yoruz.<\/strong> Bu anlaml\u0131 g\u00fcnde, \u015fehitlerimizin ruhlar\u0131n\u0131 \u015fad etmek i\u00e7in dualar\u0131m\u0131z\u0131 y\u00fckseltiyor ve onlar\u0131n kahramanl\u0131klar\u0131n\u0131 gelecek nesillere aktarmay\u0131 taahh\u00fct ediyoruz.<\/p>\n<\/p>\n<p><\/p>\n<p><h3>Kutlama Etkinlikleri<\/h3>\n<\/p>\n<p><\/p>\n<p><p>Kut Bayram\u0131 nedeniyle \u00e7e\u015fitli etkinlikler d\u00fczenleniyor. Bu etkinlikler aras\u0131nda anma t\u00f6renleri, konferanslar, sergiler ve konserler yer al\u0131yor. <strong>Ama\u00e7, Kut\u00fcl Amare Zaferi&#8217;nin \u00f6nemini vurgulamak ve \u015fehitlerimizi sayg\u0131yla anmakt\u0131r.<\/strong><\/p>\n<\/p>\n<p><\/p>\n<p><ul>    <\/p>\n<ul>\n<li>Anma T\u00f6renleri<\/li>\n<p>    <\/p>\n<li>Konferanslar<\/li>\n<p>    <\/p>\n<li>Sergiler<\/li>\n<p>    <\/p>\n<li>Konserler<\/li>\n<\/ul>\n<p><\/ul><\/p>\n","protected":false},"excerpt":{"rendered":"<p>Kut\u00fcl Amare Zaferi&#8217;nin 109. Y\u0131l\u0131 Kutlan\u0131yor Kut\u00fcl Amare Zaferi&#8217;nin 109. y\u0131l d\u00f6n\u00fcm\u00fc, T\u00fcrkiye&#8217;de b\u00fcy\u00fck bir co\u015fkuyla kutlan\u0131yor. Bu zafer, T\u00fcrk tarihinde \u00f6nemli bir d\u00f6n\u00fcm noktas\u0131d\u0131r ve T\u00fcrk milletinin kahramanl\u0131\u011f\u0131n\u0131 t\u00fcm d\u00fcnyaya g\u00f6stermi\u015ftir. Bug\u00fcn, Kut\u00fcl Amare&#8217;nin \u015feref ve \u015fan dolu atmosferi,&#8230;<\/p>\n","protected":false},"author":1,"featured_media":27456,"comment_status":"closed","ping_status":"closed","sticky":false,"template":"","format":"standard","meta":{"footnotes":""},"categories":[23],"tags":[],"class_list":["post-27455","post","type-post","status-publish","format-standard","has-post-thumbnail","hentry","category-siyaset"],"_links":{"self":[{"href":"http:\/\/gazetevizyon.com\/index.php?rest_route=\/wp\/v2\/posts\/27455","targetHints":{"allow":["GET"]}}],"collection":[{"href":"http:\/\/gazetevizyon.com\/index.php?rest_route=\/wp\/v2\/posts"}],"about":[{"href":"http:\/\/gazetevizyon.com\/index.php?rest_route=\/wp\/v2\/types\/post"}],"author":[{"embeddable":true,"href":"http:\/\/gazetevizyon.com\/index.php?rest_route=\/wp\/v2\/users\/1"}],"replies":[{"embeddable":true,"href":"http:\/\/gazetevizyon.com\/index.php?rest_route=%2Fwp%2Fv2%2Fcomments&post=27455"}],"version-history":[{"count":1,"href":"http:\/\/gazetevizyon.com\/index.php?rest_route=\/wp\/v2\/posts\/27455\/revisions"}],"predecessor-version":[{"id":27473,"href":"http:\/\/gazetevizyon.com\/index.php?rest_route=\/wp\/v2\/posts\/27455\/revisions\/27473"}],"wp:featuredmedia":[{"embeddable":true,"href":"http:\/\/gazetevizyon.com\/index.php?rest_route=\/wp\/v2\/media\/27456"}],"wp:attachment":[{"href":"http:\/\/gazetevizyon.com\/index.php?rest_route=%2Fwp%2Fv2%2Fmedia&parent=27455"}],"wp:term":[{"taxonomy":"category","embeddable":true,"href":"http:\/\/gazetevizyon.com\/index.php?rest_route=%2Fwp%2Fv2%2Fcategories&post=27455"},{"taxonomy":"post_tag","embeddable":true,"href":"http:\/\/gazetevizyon.com\/index.php?rest_route=%2Fwp%2Fv2%2Ftags&post=27455"}],"curies":[{"name":"wp","href":"https:\/\/api.w.org\/{rel}","templated":true}]}}