{"id":27457,"date":"2025-04-29T22:18:45","date_gmt":"2025-04-29T22:18:45","guid":{"rendered":"http:\/\/gazetevizyon.com\/?p=27457"},"modified":"2025-04-29T22:18:45","modified_gmt":"2025-04-29T22:18:45","slug":"ekrem-imamogluna-destek-basaksehirde-ozgurluk-yuruyusu","status":"publish","type":"post","link":"http:\/\/gazetevizyon.com\/?p=27457","title":{"rendered":"Ekrem \u0130mamo\u011flu&#8217;na Destek: Ba\u015fak\u015fehir&#8217;de \u00d6zg\u00fcrl\u00fck Y\u00fcr\u00fcy\u00fc\u015f\u00fc"},"content":{"rendered":"<p>\n<h2>Ba\u015fak\u015fehir&#8217;de \u0130mamo\u011flu&#8217;na Sloganl\u0131 Destek<\/h2>\n<\/p>\n<p><\/p>\n<p>Ba\u015fak\u015fehir&#8217;de d\u00fczenlenen bir etkinlikte, Cumhurba\u015fkan\u0131 aday\u0131 Ekrem \u0130mamo\u011flu&#8217;na ve belediye ba\u015fkanlar\u0131na destek mesajlar\u0131 dile getirildi. 30 Nisan \u00c7ar\u015famba g\u00fcn\u00fc Ba\u015fak\u015fehir \u0130kinci K\u0131s\u0131m Mahallesi Mustafa Kemal Atat\u00fcrk Bulvar\u0131 \u0130ETT \u0130\u015fletmeleri M\u00fcd\u00fcrl\u00fc\u011f\u00fc Bo\u011fazk\u00f6y Peron Amirli\u011fi&#8217;nde ger\u00e7ekle\u015ftirilen etkinlikte, kat\u0131l\u0131mc\u0131lar, <strong>\u00f6zg\u00fcrl\u00fck i\u00e7in millet iradesine sahip \u00e7\u0131kmak<\/strong> amac\u0131yla sloganlar att\u0131.<\/p>\n<p><\/p>\n<p><h3>Etkinlik Detaylar\u0131 ve Kat\u0131l\u0131m<\/h3>\n<\/p>\n<p><\/p>\n<p>Etkinli\u011fe kat\u0131lanlar, \u00f6zellikle T\u00fcrkiye&#8217;nin mevcut siyasi atmosferinde <strong>millet iradesinin \u00f6nemi<\/strong>&#8221; vurgusu yaparak, desteklerini g\u00f6sterdi.  Kat\u0131l\u0131mc\u0131lar, T\u00fcrkiye&#8217;nin gelece\u011fi i\u00e7in umutlu olduklar\u0131n\u0131 ve demokratik de\u011ferlere sahip \u00e7\u0131kacaklar\u0131n\u0131 ifade etti.  Bu t\u00fcr etkinliklerin, halk\u0131n iradesinin g\u00fcc\u00fcn\u00fc g\u00f6stermesi a\u00e7\u0131s\u0131ndan \u00f6nemli oldu\u011fu belirtildi.<\/p>\n<p><\/p>\n<p><h3>Neden Ba\u015fak\u015fehir?<\/h3>\n<\/p>\n<p><\/p>\n<p>Ba\u015fak\u015fehir&#8217;in, \u0130stanbul&#8217;un h\u0131zla geli\u015fen ve farkl\u0131 ya\u015fam tarzlar\u0131n\u0131n bir arada bulundu\u011fu bir il\u00e7e olmas\u0131, etkinli\u011fin se\u00e7imi a\u00e7\u0131s\u0131ndan \u00f6nem ta\u015f\u0131yor.  Bu durum, etkinli\u011fin geni\u015f bir kesime ula\u015fmas\u0131n\u0131 sa\u011flam\u0131\u015f ve farkl\u0131 g\u00f6r\u00fc\u015flerden insanlar\u0131n bir araya gelmesine olanak sa\u011flam\u0131\u015ft\u0131r.<\/p>\n<p><\/p>\n<p><h3>\u00d6zg\u00fcrl\u00fck ve Millet \u0130radesi Vurgusu<\/h3>\n<\/p>\n<p><\/p>\n<p>Etkinlikte \u00f6ne \u00e7\u0131kan ana tema, <strong>\u00f6zg\u00fcrl\u00fck<\/strong>&#8221; ve <strong>millet iradesi<\/strong>&#8221; kavramlar\u0131yd\u0131.  Kat\u0131l\u0131mc\u0131lar, T\u00fcrkiye&#8217;nin demokratik bir gelece\u011fe sahip olmas\u0131 i\u00e7in bu de\u011ferlere sahip \u00e7\u0131kman\u0131n \u00f6nemini vurgulad\u0131lar.  Bu ba\u011flamda, T\u00fcrkiye&#8217;nin Avrupa Birli\u011fi ile ili\u015fkileri, ifade \u00f6zg\u00fcrl\u00fc\u011f\u00fc ve bas\u0131n \u00f6zg\u00fcrl\u00fc\u011f\u00fc gibi konular da dile getirildi.<\/p>\n<p><\/p>\n<p><h3>Sonu\u00e7<\/h3>\n<\/p>\n<p><\/p>\n<p>Ba\u015fak\u015fehir&#8217;deki bu destek etkinli\u011fi, T\u00fcrkiye&#8217;nin siyasi arenas\u0131nda dikkat \u00e7eken bir olay olarak kayda ge\u00e7ti.  Kat\u0131l\u0131mc\u0131lar, <strong>millet iradesine sahip \u00e7\u0131kman\u0131n<\/strong>&#8221; ve <strong>\u00f6zg\u00fcrl\u00fck<\/strong>&#8221; i\u00e7in m\u00fccadele etmenin \u00f6nemini bir kez daha g\u00f6sterdiler.  Bu t\u00fcr etkinliklerin, T\u00fcrkiye&#8217;nin demokratik gelece\u011fi i\u00e7in \u00f6nemli bir rol oynamas\u0131 bekleniyor.<\/p><\/p>\n","protected":false},"excerpt":{"rendered":"<p>Ba\u015fak\u015fehir&#8217;de \u0130mamo\u011flu&#8217;na Sloganl\u0131 Destek Ba\u015fak\u015fehir&#8217;de d\u00fczenlenen bir etkinlikte, Cumhurba\u015fkan\u0131 aday\u0131 Ekrem \u0130mamo\u011flu&#8217;na ve belediye ba\u015fkanlar\u0131na destek mesajlar\u0131 dile getirildi. 30 Nisan \u00c7ar\u015famba g\u00fcn\u00fc Ba\u015fak\u015fehir \u0130kinci K\u0131s\u0131m Mahallesi Mustafa Kemal Atat\u00fcrk Bulvar\u0131 \u0130ETT \u0130\u015fletmeleri M\u00fcd\u00fcrl\u00fc\u011f\u00fc Bo\u011fazk\u00f6y Peron Amirli\u011fi&#8217;nde ger\u00e7ekle\u015ftirilen etkinlikte, kat\u0131l\u0131mc\u0131lar,&#8230;<\/p>\n","protected":false},"author":1,"featured_media":27458,"comment_status":"closed","ping_status":"closed","sticky":false,"template":"","format":"standard","meta":{"footnotes":""},"categories":[23],"tags":[],"class_list":["post-27457","post","type-post","status-publish","format-standard","has-post-thumbnail","hentry","category-siyaset"],"_links":{"self":[{"href":"http:\/\/gazetevizyon.com\/index.php?rest_route=\/wp\/v2\/posts\/27457","targetHints":{"allow":["GET"]}}],"collection":[{"href":"http:\/\/gazetevizyon.com\/index.php?rest_route=\/wp\/v2\/posts"}],"about":[{"href":"http:\/\/gazetevizyon.com\/index.php?rest_route=\/wp\/v2\/types\/post"}],"author":[{"embeddable":true,"href":"http:\/\/gazetevizyon.com\/index.php?rest_route=\/wp\/v2\/users\/1"}],"replies":[{"embeddable":true,"href":"http:\/\/gazetevizyon.com\/index.php?rest_route=%2Fwp%2Fv2%2Fcomments&post=27457"}],"version-history":[{"count":1,"href":"http:\/\/gazetevizyon.com\/index.php?rest_route=\/wp\/v2\/posts\/27457\/revisions"}],"predecessor-version":[{"id":27470,"href":"http:\/\/gazetevizyon.com\/index.php?rest_route=\/wp\/v2\/posts\/27457\/revisions\/27470"}],"wp:featuredmedia":[{"embeddable":true,"href":"http:\/\/gazetevizyon.com\/index.php?rest_route=\/wp\/v2\/media\/27458"}],"wp:attachment":[{"href":"http:\/\/gazetevizyon.com\/index.php?rest_route=%2Fwp%2Fv2%2Fmedia&parent=27457"}],"wp:term":[{"taxonomy":"category","embeddable":true,"href":"http:\/\/gazetevizyon.com\/index.php?rest_route=%2Fwp%2Fv2%2Fcategories&post=27457"},{"taxonomy":"post_tag","embeddable":true,"href":"http:\/\/gazetevizyon.com\/index.php?rest_route=%2Fwp%2Fv2%2Ftags&post=27457"}],"curies":[{"name":"wp","href":"https:\/\/api.w.org\/{rel}","templated":true}]}}