{"id":27467,"date":"2025-04-30T01:07:44","date_gmt":"2025-04-30T01:07:44","guid":{"rendered":"http:\/\/gazetevizyon.com\/?p=27467"},"modified":"2025-04-30T01:07:44","modified_gmt":"2025-04-30T01:07:44","slug":"gonende-soguk-ve-ruzgarli-hava","status":"publish","type":"post","link":"http:\/\/gazetevizyon.com\/?p=27467","title":{"rendered":"G\u00f6nen&#8217;de So\u011fuk ve R\u00fczgarl\u0131 Hava"},"content":{"rendered":"<p>\n<h2>G\u00f6nen&#8217;de Hava Durumu: So\u011fuk ve R\u00fczgarl\u0131 Bir Gece<\/h2>\n<\/p>\n<p><\/p>\n<p>G\u00f6nen il\u00e7esinde, so\u011fuk ve r\u00fczgarl\u0131 bir hava etkili oluyor. So\u011fuk hava, vatanda\u015flar\u0131n \u00fczerlerine giyecekleri k\u0131yafetlere dikkat etmelerini gerektirirken, r\u00fczgar\u0131n da etkisiyle hissedilen s\u0131cakl\u0131k daha da d\u00fc\u015f\u00fcyor. G\u00f6nen&#8217;de ya\u015fayanlar, \u00f6zellikle ak\u015fam saatlerinde d\u0131\u015far\u0131 \u00e7\u0131karken dikkatli olmalar\u0131 konusunda uyar\u0131ld\u0131.<\/p>\n<p><\/p>\n<p><h3>Hava Durumu Tahminleri ve Vatanda\u015flar\u0131n Dikkat Etmesi Gerekenler<\/h3>\n<\/p>\n<p><\/p>\n<p>Yerel meteoroloji kaynaklar\u0131, G\u00f6nen&#8217;de \u00f6n\u00fcm\u00fczdeki g\u00fcnlerde de benzer hava ko\u015fullar\u0131n\u0131n devam edece\u011fini bildiriyor. \u00d6zellikle ya\u015fl\u0131lar, \u00e7ocuklar ve kronik rahats\u0131zl\u0131\u011f\u0131 olanlar\u0131n so\u011fuk havadan daha fazla etkilenmesi bekleniyor. Bu nedenle, vatanda\u015flar\u0131n a\u015fa\u011f\u0131daki \u00f6nlemleri almas\u0131 \u00f6neriliyor:<\/p>\n<p><\/p>\n<p><ul>  <\/p>\n<ul>\n<li>S\u0131cak tutacak giysiler giyin: Kat kat giyim tercih edin.<\/li>\n<p>  <\/p>\n<li>Ba\u015f\u0131n\u0131z\u0131 ve ellerinizi s\u0131cak tutun: Bere, eldiven ve atk\u0131 kullan\u0131n.<\/li>\n<p>  <\/p>\n<li>A\u00e7\u0131kta kalmamaya \u00f6zen g\u00f6sterin: M\u00fcmk\u00fcn oldu\u011funca kapal\u0131 alanlarda kal\u0131n.<\/li>\n<p>  <\/p>\n<li>S\u0131cak i\u00e7ecekler t\u00fcketin: \u00c7ay, kahve veya s\u0131cak \u00e7orba gibi i\u00e7ecekler v\u00fccut \u0131s\u0131s\u0131n\u0131 korumaya yard\u0131mc\u0131 olur.<\/li>\n<p>  <\/p>\n<li>Sa\u011fl\u0131k sorunlar\u0131 olanlar doktorlar\u0131na dan\u0131\u015fs\u0131n: Kronik rahats\u0131zl\u0131\u011f\u0131 olanlar\u0131n so\u011fuk havadan etkilenme olas\u0131l\u0131\u011f\u0131 daha y\u00fcksektir.<\/li>\n<\/ul>\n<p><\/ul>\n<\/p>\n<p><\/p>\n<p><h3>G\u00f6nen&#8217;de Ya\u015fam\u0131n Etkilenme Durumu<\/h3>\n<\/p>\n<p><\/p>\n<p>So\u011fuk ve r\u00fczgarl\u0131 hava, G\u00f6nen&#8217;de ya\u015fam\u0131 genel olarak etkiliyor. \u00d6zellikle d\u0131\u015f mekan aktiviteleri azal\u0131rken, vatanda\u015flar evlerinde daha fazla vakit ge\u00e7irmeyi tercih ediyor. <strong>Yerel esnaf, so\u011fuk hava nedeniyle sat\u0131\u015flarda bir miktar d\u00fc\u015f\u00fc\u015f oldu\u011funu belirtiyor.<\/strong> Ancak, i\u00e7 mekan al\u0131\u015fveri\u015f merkezleri ve restoranlar yo\u011funlu\u011funu koruyor.<\/p>\n<p><\/p>\n<p><h3>G\u00f6nen Belediyesi&#8217;nin Yapt\u0131\u011f\u0131 \u00c7al\u0131\u015fmalar<\/h3>\n<\/p>\n<p><\/p>\n<p>G\u00f6nen Belediyesi, so\u011fuk hava ko\u015fullar\u0131na kar\u015f\u0131 \u00e7e\u015fitli \u00e7al\u0131\u015fmalar y\u00fcr\u00fct\u00fcyor. <strong>Belediye ekipleri, buzlanma ve don olaylar\u0131na kar\u015f\u0131 tuzlama \u00e7al\u0131\u015fmalar\u0131na devam ediyor.<\/strong> Ayr\u0131ca, ihtiya\u00e7 sahibi vatanda\u015flara y\u00f6nelik destek \u00e7al\u0131\u015fmalar\u0131 da s\u00fcr\u00fcyor.<\/p>\n<p><\/p>\n<p>G\u00f6nen&#8217;de ya\u015fayanlar\u0131n so\u011fuk havadan etkilenmemeleri ve sa\u011fl\u0131kl\u0131 bir k\u0131\u015f ge\u00e7irmeleri i\u00e7in gerekli \u00f6nlemleri almalar\u0131 \u00f6nem ta\u015f\u0131yor.<\/p><\/p>\n","protected":false},"excerpt":{"rendered":"<p>G\u00f6nen&#8217;de Hava Durumu: So\u011fuk ve R\u00fczgarl\u0131 Bir Gece G\u00f6nen il\u00e7esinde, so\u011fuk ve r\u00fczgarl\u0131 bir hava etkili oluyor. So\u011fuk hava, vatanda\u015flar\u0131n \u00fczerlerine giyecekleri k\u0131yafetlere dikkat etmelerini gerektirirken, r\u00fczgar\u0131n da etkisiyle hissedilen s\u0131cakl\u0131k daha da d\u00fc\u015f\u00fcyor. G\u00f6nen&#8217;de ya\u015fayanlar, \u00f6zellikle ak\u015fam saatlerinde d\u0131\u015far\u0131&#8230;<\/p>\n","protected":false},"author":1,"featured_media":27468,"comment_status":"closed","ping_status":"closed","sticky":false,"template":"","format":"standard","meta":{"footnotes":""},"categories":[36],"tags":[],"class_list":["post-27467","post","type-post","status-publish","format-standard","has-post-thumbnail","hentry","category-manset"],"_links":{"self":[{"href":"http:\/\/gazetevizyon.com\/index.php?rest_route=\/wp\/v2\/posts\/27467","targetHints":{"allow":["GET"]}}],"collection":[{"href":"http:\/\/gazetevizyon.com\/index.php?rest_route=\/wp\/v2\/posts"}],"about":[{"href":"http:\/\/gazetevizyon.com\/index.php?rest_route=\/wp\/v2\/types\/post"}],"author":[{"embeddable":true,"href":"http:\/\/gazetevizyon.com\/index.php?rest_route=\/wp\/v2\/users\/1"}],"replies":[{"embeddable":true,"href":"http:\/\/gazetevizyon.com\/index.php?rest_route=%2Fwp%2Fv2%2Fcomments&post=27467"}],"version-history":[{"count":1,"href":"http:\/\/gazetevizyon.com\/index.php?rest_route=\/wp\/v2\/posts\/27467\/revisions"}],"predecessor-version":[{"id":27474,"href":"http:\/\/gazetevizyon.com\/index.php?rest_route=\/wp\/v2\/posts\/27467\/revisions\/27474"}],"wp:featuredmedia":[{"embeddable":true,"href":"http:\/\/gazetevizyon.com\/index.php?rest_route=\/wp\/v2\/media\/27468"}],"wp:attachment":[{"href":"http:\/\/gazetevizyon.com\/index.php?rest_route=%2Fwp%2Fv2%2Fmedia&parent=27467"}],"wp:term":[{"taxonomy":"category","embeddable":true,"href":"http:\/\/gazetevizyon.com\/index.php?rest_route=%2Fwp%2Fv2%2Fcategories&post=27467"},{"taxonomy":"post_tag","embeddable":true,"href":"http:\/\/gazetevizyon.com\/index.php?rest_route=%2Fwp%2Fv2%2Ftags&post=27467"}],"curies":[{"name":"wp","href":"https:\/\/api.w.org\/{rel}","templated":true}]}}