{"id":27508,"date":"2025-04-30T16:26:17","date_gmt":"2025-04-30T16:26:17","guid":{"rendered":"http:\/\/gazetevizyon.com\/?p=27508"},"modified":"2025-04-30T16:26:17","modified_gmt":"2025-04-30T16:26:17","slug":"balikesir-buyuksehir-belediyesi-bir-yillik-calismalarini-degerlendirdi-gelecek-vizyonunu-paylasti","status":"publish","type":"post","link":"http:\/\/gazetevizyon.com\/?p=27508","title":{"rendered":"Bal\u0131kesir B\u00fcy\u00fck\u015fehir Belediyesi, Bir Y\u0131ll\u0131k \u00c7al\u0131\u015fmalar\u0131n\u0131 De\u011ferlendirdi, Gelecek Vizyonunu Payla\u015ft\u0131"},"content":{"rendered":"<p>\n<h2>Bal\u0131kesir&#8217;de Bir Y\u0131ll\u0131k D\u00f6nem De\u011ferlendirmesi ve Gelecek Hedefleri<\/h2>\n<\/p>\n<p><\/p>\n<p>Bal\u0131kesir B\u00fcy\u00fck\u015fehir Belediyesi, 27 Nisan 2025 tarihinde ger\u00e7ekle\u015fen &#8220;B\u00fcy\u00fck Bal\u0131kesir Bulu\u015fmas\u0131&#8221; program\u0131 ile geride kalan bir y\u0131ll\u0131k d\u00f6nemin de\u011ferlendirmesini yapt\u0131 ve gelecek y\u0131llara y\u00f6nelik vizyon ve hedeflerini halka aktard\u0131. Programda, belediyenin \u00e7al\u0131\u015fmalar\u0131na ili\u015fkin \u00f6nemli bilgilere yer verildi ve Bal\u0131kesir&#8217;in gelece\u011fine dair umutlu bir tablo \u00e7izildi.<\/p>\n<p><\/p>\n<p><h3>Belediyenin Ba\u015far\u0131lar\u0131 ve Geride B\u0131rak\u0131lan \u00c7al\u0131\u015fmalar<\/h3>\n<\/p>\n<p><\/p>\n<p>Bal\u0131kesir B\u00fcy\u00fck\u015fehir Belediyesi, son bir y\u0131lda \u00e7e\u015fitli alanlarda \u00f6nemli \u00e7al\u0131\u015fmalar y\u00fcr\u00fctt\u00fc. Bu \u00e7al\u0131\u015fmalar aras\u0131nda altyap\u0131 yat\u0131r\u0131mlar\u0131, ula\u015f\u0131m projeleri, \u00e7evre d\u00fczenlemesi ve sosyal hizmetler yer ald\u0131. \u00d6zellikle \u015fehir merkezlerindeki yollar\u0131n iyile\u015ftirilmesi, yeni parklar\u0131n olu\u015fturulmas\u0131 ve toplu ta\u015f\u0131ma sisteminin modernizasyonu gibi projeler dikkat \u00e7ekti. <strong>Belediye, bu s\u00fcre\u00e7te vatanda\u015flar\u0131n ya\u015fam kalitesini art\u0131rmaya y\u00f6nelik \u00e7al\u0131\u015fmalar\u0131na odakland\u0131.<\/strong><\/p>\n<p><\/p>\n<p>*   <strong>Altyap\u0131 Yat\u0131r\u0131mlar\u0131:<\/strong> \u015eehirdeki su ve kanalizasyon hatlar\u0131n\u0131n yenilenmesi, \u00f6zellikle k\u0131rsal b\u00f6lgelerde ya\u015fayan vatanda\u015flar\u0131n temiz suya eri\u015fimini kolayla\u015ft\u0131rd\u0131.<br \/>*   <strong>Ula\u015f\u0131m Projeleri:<\/strong> Yeni yollar\u0131n a\u00e7\u0131lmas\u0131 ve mevcut yollar\u0131n geni\u015fletilmesi, \u015fehir i\u00e7i ve \u015fehirler aras\u0131 ula\u015f\u0131m\u0131 h\u0131zland\u0131rd\u0131.<br \/>*   <strong>\u00c7evre D\u00fczenlemesi:<\/strong> \u015eehirdeki ye\u015fil alanlar\u0131n art\u0131r\u0131lmas\u0131 ve \u00e7evre kirlili\u011finin \u00f6nlenmesi amac\u0131yla \u00e7e\u015fitli \u00e7al\u0131\u015fmalar yap\u0131ld\u0131.<br \/>*   <strong>Sosyal Hizmetler:<\/strong> \u0130htiya\u00e7 sahibi vatanda\u015flara y\u00f6nelik \u00e7e\u015fitli destekler sa\u011fland\u0131 ve sosyal projeler hayata ge\u00e7irildi.<\/p>\n<p><\/p>\n<p><h3>Gelecek Y\u0131llara Y\u00f6nelik Vizyon ve Hedefler<\/h3>\n<\/p>\n<p><\/p>\n<p>Bal\u0131kesir B\u00fcy\u00fck\u015fehir Belediyesi, gelecek y\u0131llarda da \u00e7al\u0131\u015fmalar\u0131na aral\u0131ks\u0131z devam etme kararl\u0131l\u0131\u011f\u0131n\u0131 g\u00f6sterdi. Programda, \u015fehirdeki ya\u015fam kalitesini daha da art\u0131rmak amac\u0131yla belirlenen yeni hedefler ve projeler halka duyuruldu. Bu hedefler aras\u0131nda s\u00fcrd\u00fcr\u00fclebilir bir \u015fehirle\u015fme anlay\u0131\u015f\u0131, ak\u0131ll\u0131 \u015fehir uygulamalar\u0131 ve turizm potansiyelinin de\u011ferlendirilmesi gibi konular yer ald\u0131. <strong>Belediye, Bal\u0131kesir&#8217;i T\u00fcrkiye&#8217;nin en ya\u015fanabilir \u015fehirlerinden biri haline getirmeyi hedefliyor.<\/strong><\/p>\n<p><\/p>\n<p>*   <strong>S\u00fcrd\u00fcr\u00fclebilir \u015eehirle\u015fme:<\/strong> Do\u011fal kaynaklar\u0131n korunmas\u0131 ve \u00e7evre dostu uygulamalar\u0131n te\u015fvik edilmesi.<br \/>*   <strong>Ak\u0131ll\u0131 \u015eehir Uygulamalar\u0131:<\/strong> \u015eehirdeki hizmetlerin daha verimli ve ak\u0131ll\u0131 bir \u015fekilde sunulmas\u0131.<br \/>*   <strong>Turizm Potansiyelinin De\u011ferlendirilmesi:<\/strong> Bal\u0131kesir&#8217;in tarihi ve do\u011fal g\u00fczelliklerinin tan\u0131t\u0131lmas\u0131 ve turizm gelirlerinin art\u0131r\u0131lmas\u0131.<br \/>*   <strong>K\u0131rsal Kalk\u0131nma:<\/strong> K\u0131rsal b\u00f6lgelerdeki ya\u015fam ko\u015fullar\u0131n\u0131n iyile\u015ftirilmesi ve tar\u0131m sekt\u00f6r\u00fcn\u00fcn desteklenmesi.<\/p>\n<p><\/p>\n<p>Bu kapsaml\u0131 program, Bal\u0131kesir B\u00fcy\u00fck\u015fehir Belediyesi&#8217;nin halkla \u015feffafl\u0131k ilkesini benimseyerek, \u00e7al\u0131\u015fmalar\u0131n\u0131 kamuoyuyla payla\u015fma \u00e7abas\u0131n\u0131n bir g\u00f6stergesi olarak de\u011ferlendirildi.<\/p><\/p>\n","protected":false},"excerpt":{"rendered":"<p>Bal\u0131kesir&#8217;de Bir Y\u0131ll\u0131k D\u00f6nem De\u011ferlendirmesi ve Gelecek Hedefleri Bal\u0131kesir B\u00fcy\u00fck\u015fehir Belediyesi, 27 Nisan 2025 tarihinde ger\u00e7ekle\u015fen &#8220;B\u00fcy\u00fck Bal\u0131kesir Bulu\u015fmas\u0131&#8221; program\u0131 ile geride kalan bir y\u0131ll\u0131k d\u00f6nemin de\u011ferlendirmesini yapt\u0131 ve gelecek y\u0131llara y\u00f6nelik vizyon ve hedeflerini halka aktard\u0131. Programda, belediyenin \u00e7al\u0131\u015fmalar\u0131na&#8230;<\/p>\n","protected":false},"author":1,"featured_media":27509,"comment_status":"closed","ping_status":"closed","sticky":false,"template":"","format":"standard","meta":{"footnotes":""},"categories":[36],"tags":[],"class_list":["post-27508","post","type-post","status-publish","format-standard","has-post-thumbnail","hentry","category-manset"],"_links":{"self":[{"href":"http:\/\/gazetevizyon.com\/index.php?rest_route=\/wp\/v2\/posts\/27508","targetHints":{"allow":["GET"]}}],"collection":[{"href":"http:\/\/gazetevizyon.com\/index.php?rest_route=\/wp\/v2\/posts"}],"about":[{"href":"http:\/\/gazetevizyon.com\/index.php?rest_route=\/wp\/v2\/types\/post"}],"author":[{"embeddable":true,"href":"http:\/\/gazetevizyon.com\/index.php?rest_route=\/wp\/v2\/users\/1"}],"replies":[{"embeddable":true,"href":"http:\/\/gazetevizyon.com\/index.php?rest_route=%2Fwp%2Fv2%2Fcomments&post=27508"}],"version-history":[{"count":1,"href":"http:\/\/gazetevizyon.com\/index.php?rest_route=\/wp\/v2\/posts\/27508\/revisions"}],"predecessor-version":[{"id":27554,"href":"http:\/\/gazetevizyon.com\/index.php?rest_route=\/wp\/v2\/posts\/27508\/revisions\/27554"}],"wp:featuredmedia":[{"embeddable":true,"href":"http:\/\/gazetevizyon.com\/index.php?rest_route=\/wp\/v2\/media\/27509"}],"wp:attachment":[{"href":"http:\/\/gazetevizyon.com\/index.php?rest_route=%2Fwp%2Fv2%2Fmedia&parent=27508"}],"wp:term":[{"taxonomy":"category","embeddable":true,"href":"http:\/\/gazetevizyon.com\/index.php?rest_route=%2Fwp%2Fv2%2Fcategories&post=27508"},{"taxonomy":"post_tag","embeddable":true,"href":"http:\/\/gazetevizyon.com\/index.php?rest_route=%2Fwp%2Fv2%2Ftags&post=27508"}],"curies":[{"name":"wp","href":"https:\/\/api.w.org\/{rel}","templated":true}]}}