{"id":27510,"date":"2025-04-30T16:20:34","date_gmt":"2025-04-30T16:20:34","guid":{"rendered":"http:\/\/gazetevizyon.com\/?p=27510"},"modified":"2025-04-30T16:20:34","modified_gmt":"2025-04-30T16:20:34","slug":"chp-balikesir-1-mayis-isci-bayraminda-alanda","status":"publish","type":"post","link":"http:\/\/gazetevizyon.com\/?p=27510","title":{"rendered":"CHP Bal\u0131kesir, 1 May\u0131s \u0130\u015f\u00e7i Bayram\u0131&#8217;nda Alanda"},"content":{"rendered":"<p>\n<h2>CHP Bal\u0131kesir, \u0130\u015f\u00e7i Bayram\u0131 Etkinli\u011fi D\u00fczenliyor<\/h2>\n<\/p>\n<p><\/p>\n<p>CHP Bal\u0131kesir \u0130l Ba\u015fkanl\u0131\u011f\u0131, 1 May\u0131s \u0130\u015f\u00e7i Bayram\u0131&#8217;nda s\u00f6m\u00fcr\u00fcye, yasaklara ve sava\u015fa kar\u015f\u0131 eme\u011fin, bar\u0131\u015f\u0131n ve \u00f6zg\u00fcrl\u00fc\u011f\u00fcn sesini y\u00fckseltmek i\u00e7in Bal\u0131kesir halk\u0131yla bulu\u015facak. Partinin d\u00fczenleyece\u011fi etkinlik, i\u015f\u00e7i s\u0131n\u0131f\u0131n\u0131n haklar\u0131 ve m\u00fccadelesi i\u00e7in bir f\u0131rsat sunuyor.<\/p>\n<p><\/p>\n<p><h3>Etkinlik Detaylar\u0131<\/h3>\n<\/p>\n<p><\/p>\n<p>CHP Bal\u0131kesir \u0130l Ba\u015fkanl\u0131\u011f\u0131&#8217;n\u0131n d\u00fczenleyece\u011fi 1 May\u0131s etkinli\u011fi \u015fu \u015fekilde ger\u00e7ekle\u015fecek:<\/p>\n<p><\/p>\n<p><ul>  <\/p>\n<ul>\n<li><strong>Bulu\u015fma Yeri:<\/strong> Bah\u00e7elievler \u00c7ar\u015famba Pazar\u0131<\/li>\n<p>  <\/p>\n<li><strong>Saat:<\/strong> 11:00<\/li>\n<p>  <\/p>\n<li><strong>Miting Alan\u0131:<\/strong> Kuvayi Milliye Meydan\u0131<\/li>\n<\/ul>\n<p><\/ul>\n<\/p>\n<p><\/p>\n<p><p><strong>\u00d6nemli Bilgi:<\/strong> Etkinli\u011fe kat\u0131l\u0131m\u0131n \u00fccretsiz oldu\u011fu ve t\u00fcm halk\u0131n davetli oldu\u011fu belirtildi.<\/p>\n<\/p>\n<p><\/p>\n<p><h3>Neden 1 May\u0131s?<\/h3>\n<\/p>\n<p><\/p>\n<p>1 May\u0131s \u0130\u015f\u00e7i Bayram\u0131, i\u015f\u00e7i s\u0131n\u0131f\u0131n\u0131n d\u00fcnya \u00e7ap\u0131ndaki m\u00fccadelelerini ve kazan\u0131mlar\u0131n\u0131 kutlamak i\u00e7in her y\u0131l geleneksel olarak kutlanan bir g\u00fcnd\u00fcr. Bu g\u00fcn, i\u015f\u00e7ilerin haklar\u0131 i\u00e7in verdi\u011fi m\u00fccadelelere dikkat \u00e7ekmek ve daha iyi \u00e7al\u0131\u015fma ko\u015fullar\u0131 talep etmek i\u00e7in bir f\u0131rsat sunar. 1 May\u0131s, ayn\u0131 zamanda dayan\u0131\u015fma ve birlik mesaj\u0131 veren \u00f6nemli bir platformdur.<\/p>\n<p><\/p>\n<p><h3>CHP&#8217;nin \u0130\u015f\u00e7i S\u0131n\u0131f\u0131na Yakla\u015f\u0131m\u0131<\/h3>\n<\/p>\n<p><\/p>\n<p>CHP, i\u015f\u00e7i s\u0131n\u0131f\u0131n\u0131n haklar\u0131n\u0131 savunmak ve onlar\u0131n ya\u015fam ko\u015fullar\u0131n\u0131 iyile\u015ftirmek i\u00e7in s\u00fcrekli olarak \u00e7al\u0131\u015fmaktad\u0131r. Partinin program\u0131nda, i\u015f\u00e7ilerin \u00fccretlerinin art\u0131r\u0131lmas\u0131, \u00e7al\u0131\u015fma ko\u015fullar\u0131n\u0131n iyile\u015ftirilmesi ve sosyal g\u00fcvencelerinin g\u00fc\u00e7lendirilmesi gibi \u00f6nemli maddeler yer almaktad\u0131r. CHP, i\u015f\u00e7i haklar\u0131 m\u00fccadelesine destek vermeye ve i\u015f\u00e7i s\u0131n\u0131f\u0131n\u0131n taleplerini Meclis&#8217;e ta\u015f\u0131maya devam edecektir.<\/p>\n<p><\/p>\n<p><h3>Bal\u0131kesir Halk\u0131 Davetli<\/h3>\n<\/p>\n<p><\/p>\n<p>CHP Bal\u0131kesir \u0130l Ba\u015fkanl\u0131\u011f\u0131, t\u00fcm Bal\u0131kesir halk\u0131n\u0131 1 May\u0131s \u0130\u015f\u00e7i Bayram\u0131 etkinli\u011fine davet ediyor. Etkinlikte, i\u015f\u00e7ilerin onurunu ve birli\u011fin g\u00fcc\u00fcn\u00fc birlikte hayk\u0131rarak, daha adil ve e\u015fit bir gelecek i\u00e7in mesajlar verilecek. <strong>Kat\u0131l\u0131m\u0131n y\u00fcksek olmas\u0131 bekleniyor.<\/strong><\/p><\/p>\n","protected":false},"excerpt":{"rendered":"<p>CHP Bal\u0131kesir, \u0130\u015f\u00e7i Bayram\u0131 Etkinli\u011fi D\u00fczenliyor CHP Bal\u0131kesir \u0130l Ba\u015fkanl\u0131\u011f\u0131, 1 May\u0131s \u0130\u015f\u00e7i Bayram\u0131&#8217;nda s\u00f6m\u00fcr\u00fcye, yasaklara ve sava\u015fa kar\u015f\u0131 eme\u011fin, bar\u0131\u015f\u0131n ve \u00f6zg\u00fcrl\u00fc\u011f\u00fcn sesini y\u00fckseltmek i\u00e7in Bal\u0131kesir halk\u0131yla bulu\u015facak. Partinin d\u00fczenleyece\u011fi etkinlik, i\u015f\u00e7i s\u0131n\u0131f\u0131n\u0131n haklar\u0131 ve m\u00fccadelesi i\u00e7in bir f\u0131rsat&#8230;<\/p>\n","protected":false},"author":1,"featured_media":27511,"comment_status":"closed","ping_status":"closed","sticky":false,"template":"","format":"standard","meta":{"footnotes":""},"categories":[23],"tags":[],"class_list":["post-27510","post","type-post","status-publish","format-standard","has-post-thumbnail","hentry","category-siyaset"],"_links":{"self":[{"href":"http:\/\/gazetevizyon.com\/index.php?rest_route=\/wp\/v2\/posts\/27510","targetHints":{"allow":["GET"]}}],"collection":[{"href":"http:\/\/gazetevizyon.com\/index.php?rest_route=\/wp\/v2\/posts"}],"about":[{"href":"http:\/\/gazetevizyon.com\/index.php?rest_route=\/wp\/v2\/types\/post"}],"author":[{"embeddable":true,"href":"http:\/\/gazetevizyon.com\/index.php?rest_route=\/wp\/v2\/users\/1"}],"replies":[{"embeddable":true,"href":"http:\/\/gazetevizyon.com\/index.php?rest_route=%2Fwp%2Fv2%2Fcomments&post=27510"}],"version-history":[{"count":1,"href":"http:\/\/gazetevizyon.com\/index.php?rest_route=\/wp\/v2\/posts\/27510\/revisions"}],"predecessor-version":[{"id":27553,"href":"http:\/\/gazetevizyon.com\/index.php?rest_route=\/wp\/v2\/posts\/27510\/revisions\/27553"}],"wp:featuredmedia":[{"embeddable":true,"href":"http:\/\/gazetevizyon.com\/index.php?rest_route=\/wp\/v2\/media\/27511"}],"wp:attachment":[{"href":"http:\/\/gazetevizyon.com\/index.php?rest_route=%2Fwp%2Fv2%2Fmedia&parent=27510"}],"wp:term":[{"taxonomy":"category","embeddable":true,"href":"http:\/\/gazetevizyon.com\/index.php?rest_route=%2Fwp%2Fv2%2Fcategories&post=27510"},{"taxonomy":"post_tag","embeddable":true,"href":"http:\/\/gazetevizyon.com\/index.php?rest_route=%2Fwp%2Fv2%2Ftags&post=27510"}],"curies":[{"name":"wp","href":"https:\/\/api.w.org\/{rel}","templated":true}]}}