{"id":27512,"date":"2025-04-30T16:19:18","date_gmt":"2025-04-30T16:19:18","guid":{"rendered":"http:\/\/gazetevizyon.com\/?p=27512"},"modified":"2025-04-30T16:19:18","modified_gmt":"2025-04-30T16:19:18","slug":"tbmmde-balikesir-muhtarlari-ziyareti-yerel-yonetim-is-birligi-gucleniyor","status":"publish","type":"post","link":"http:\/\/gazetevizyon.com\/?p=27512","title":{"rendered":"TBMM&#8217;de Bal\u0131kesir Muhtarlar\u0131 Ziyareti: Yerel Y\u00f6netim \u0130\u015f Birli\u011fi G\u00fc\u00e7leniyor"},"content":{"rendered":"<p>\n<h2>Bal\u0131kesir Muhtarlar\u0131, TBMM&#8217;de Serkan Sar\u0131 Taraf\u0131ndan Kabul Edildi<\/h2>\n<\/p>\n<p><\/p>\n<p><p>T\u00fcrkiye B\u00fcy\u00fck Millet Meclisi&#8217;nde (TBMM) Bal\u0131kesir&#8217;in de\u011ferli mahalle muhtarlar\u0131n\u0131 a\u011f\u0131rlayan Serkan Sar\u0131, yerel y\u00f6netimler ile meclis aras\u0131ndaki i\u015f birli\u011finin \u00f6nemini vurgulad\u0131. Ziyarette, yerel halk\u0131n nabz\u0131n\u0131 tutan ve sorunlar\u0131 do\u011frudan ya\u015fayan muhtarlar\u0131n g\u00f6r\u00fc\u015fleri dinlendi ve \u00e7\u00f6z\u00fcm \u00f6nerileri de\u011ferlendirildi.<\/p>\n<\/p>\n<p><\/p>\n<p><h3>Ziyarette Bulunan Muhtarlar ve Te\u015fekk\u00fcrler<\/h3>\n<\/p>\n<p><\/p>\n<p><p>TBMM&#8217;de ger\u00e7ekle\u015fen ziyarette, Bal\u0131kesir&#8217;in \u00e7e\u015fitli mahallelerinden muhtarlar haz\u0131r bulundu. Ziyarette yer alan ve Serkan Sar\u0131 taraf\u0131ndan te\u015fekk\u00fcr edilen muhtarlar \u015funlard\u0131r:<\/p>\n<p><\/p>\n<ul>  <\/p>\n<ul>\n<li>Orhanl\u0131 Mahallesi Muhtar\u0131 Halis Cemal Albayrak<\/li>\n<p>  <\/p>\n<li>Karamank\u00f6y Mahallesi Muhtar\u0131 Bekir Ho\u015faf\u00e7\u0131<\/li>\n<p>  <\/p>\n<li>Yenice Mahallesi Muhtar\u0131 Yasin Kar\u0131nc\u0131<\/li>\n<p>  <\/p>\n<li>Yakupk\u00f6y Mahallesi Muhtar\u0131 Mehmet Y\u0131k\u0131lmaz<\/li>\n<p>  <\/p>\n<li>Ovak\u00f6y Mahallesi Muhtar\u0131 Ahmet Karadeniz<\/li>\n<\/ul>\n<p><\/ul>\n<\/p>\n<p><\/p>\n<p><p>Serkan Sar\u0131, muhtarlar\u0131n ziyaretinden duydu\u011fu memnuniyeti dile getirerek, &#8220;Nazik ziyaretleri ve samimi sohbetleri i\u00e7in i\u00e7ten te\u015fekk\u00fcrlerimi sunuyorum. Muhtarlar\u0131m\u0131z, yerelde halk\u0131n ihtiya\u00e7lar\u0131n\u0131 do\u011frudan \u00f6\u011frenerek, sorunlar\u0131 tespit etme ve \u00e7\u00f6z\u00fcm \u00fcretme konusunda hayati bir rol oynamaktad\u0131r&#8221; \u015feklinde konu\u015ftu.<\/p>\n<\/p>\n<p><\/p>\n<p><h3>Yerel Y\u00f6netim ve Meclis \u0130\u015f Birli\u011finin \u00d6nemi<\/h3>\n<\/p>\n<p><\/p>\n<p><p>Muhtarlar\u0131n ziyaretinde, yerel y\u00f6netimlerin kar\u015f\u0131la\u015ft\u0131\u011f\u0131 zorluklar ve bu zorluklar\u0131n \u00e7\u00f6z\u00fcm\u00fcne y\u00f6nelik \u00f6neriler tart\u0131\u015f\u0131ld\u0131. <strong>Muhtarlar\u0131n, halk\u0131n sorunlar\u0131n\u0131 do\u011frudan Meclis&#8217;e ta\u015f\u0131mas\u0131 ve Meclis&#8217;in de bu sorunlara \u00e7\u00f6z\u00fcm \u00fcretme \u00e7abalar\u0131n\u0131 desteklemesi<\/strong>, yerel y\u00f6netimlerin etkinli\u011fini art\u0131racakt\u0131r.<\/p>\n<\/p>\n<p><\/p>\n<p><p>Serkan Sar\u0131, Meclis&#8217;teki \u00e7al\u0131\u015fmalar\u0131n, yereldeki ihtiya\u00e7lar\u0131 g\u00f6z \u00f6n\u00fcnde bulundurarak y\u00fcr\u00fct\u00fclmesinin \u00f6nemini vurgulad\u0131. &#8220;Biz Meclis&#8217;te, onlar mahallede, ayn\u0131 sorumlulu\u011fun farkl\u0131 cephelerindeyiz. <strong>Yerel y\u00f6netimler ve Meclis aras\u0131ndaki koordinasyon, Bal\u0131kesir&#8217;i daha ya\u015fanabilir ve daha g\u00fc\u00e7l\u00fc bir gelece\u011fe ta\u015f\u0131man\u0131n anahtar\u0131d\u0131r<\/strong>,&#8221; dedi.<\/p>\n<\/p>\n<p><\/p>\n<p><h3>Gelece\u011fe Y\u00f6nelik \u0130\u015f Birli\u011fi Vaadi<\/h3>\n<\/p>\n<p><\/p>\n<p><p>Ziyaretin sonunda, yerel y\u00f6netimler ve Meclis aras\u0131nda daha g\u00fc\u00e7l\u00fc bir i\u015f birli\u011fi yap\u0131lmas\u0131na y\u00f6nelik kararlar al\u0131nd\u0131. Muhtarlar\u0131n g\u00f6r\u00fc\u015flerinin dikkate al\u0131nmas\u0131 ve Meclis&#8217;teki \u00e7al\u0131\u015fmalar\u0131n yerel ihtiya\u00e7lara uygun hale getirilmesi i\u00e7in \u00e7al\u0131\u015fmalar\u0131n h\u0131zland\u0131r\u0131lmas\u0131 taahh\u00fct edildi. Bu i\u015f birli\u011fi sayesinde, Bal\u0131kesir&#8217;in daha ya\u015fanabilir bir \u015fehir haline gelmesi ve halk\u0131n refah\u0131n\u0131n artmas\u0131 hedefleniyor.<\/p><\/p>\n","protected":false},"excerpt":{"rendered":"<p>Bal\u0131kesir Muhtarlar\u0131, TBMM&#8217;de Serkan Sar\u0131 Taraf\u0131ndan Kabul Edildi T\u00fcrkiye B\u00fcy\u00fck Millet Meclisi&#8217;nde (TBMM) Bal\u0131kesir&#8217;in de\u011ferli mahalle muhtarlar\u0131n\u0131 a\u011f\u0131rlayan Serkan Sar\u0131, yerel y\u00f6netimler ile meclis aras\u0131ndaki i\u015f birli\u011finin \u00f6nemini vurgulad\u0131. Ziyarette, yerel halk\u0131n nabz\u0131n\u0131 tutan ve sorunlar\u0131 do\u011frudan ya\u015fayan muhtarlar\u0131n g\u00f6r\u00fc\u015fleri&#8230;<\/p>\n","protected":false},"author":1,"featured_media":27513,"comment_status":"closed","ping_status":"closed","sticky":false,"template":"","format":"standard","meta":{"footnotes":""},"categories":[23],"tags":[],"class_list":["post-27512","post","type-post","status-publish","format-standard","has-post-thumbnail","hentry","category-siyaset"],"_links":{"self":[{"href":"http:\/\/gazetevizyon.com\/index.php?rest_route=\/wp\/v2\/posts\/27512","targetHints":{"allow":["GET"]}}],"collection":[{"href":"http:\/\/gazetevizyon.com\/index.php?rest_route=\/wp\/v2\/posts"}],"about":[{"href":"http:\/\/gazetevizyon.com\/index.php?rest_route=\/wp\/v2\/types\/post"}],"author":[{"embeddable":true,"href":"http:\/\/gazetevizyon.com\/index.php?rest_route=\/wp\/v2\/users\/1"}],"replies":[{"embeddable":true,"href":"http:\/\/gazetevizyon.com\/index.php?rest_route=%2Fwp%2Fv2%2Fcomments&post=27512"}],"version-history":[{"count":1,"href":"http:\/\/gazetevizyon.com\/index.php?rest_route=\/wp\/v2\/posts\/27512\/revisions"}],"predecessor-version":[{"id":27552,"href":"http:\/\/gazetevizyon.com\/index.php?rest_route=\/wp\/v2\/posts\/27512\/revisions\/27552"}],"wp:featuredmedia":[{"embeddable":true,"href":"http:\/\/gazetevizyon.com\/index.php?rest_route=\/wp\/v2\/media\/27513"}],"wp:attachment":[{"href":"http:\/\/gazetevizyon.com\/index.php?rest_route=%2Fwp%2Fv2%2Fmedia&parent=27512"}],"wp:term":[{"taxonomy":"category","embeddable":true,"href":"http:\/\/gazetevizyon.com\/index.php?rest_route=%2Fwp%2Fv2%2Fcategories&post=27512"},{"taxonomy":"post_tag","embeddable":true,"href":"http:\/\/gazetevizyon.com\/index.php?rest_route=%2Fwp%2Fv2%2Ftags&post=27512"}],"curies":[{"name":"wp","href":"https:\/\/api.w.org\/{rel}","templated":true}]}}