{"id":27521,"date":"2025-04-30T16:27:11","date_gmt":"2025-04-30T16:27:11","guid":{"rendered":"http:\/\/gazetevizyon.com\/?p=27521"},"modified":"2025-04-30T16:27:11","modified_gmt":"2025-04-30T16:27:11","slug":"balikesir-buyuksehir-belediyesi-1-yillik-donem-hesabini-verdi-ve-gelecek-vizyonunu-paylasti","status":"publish","type":"post","link":"http:\/\/gazetevizyon.com\/?p=27521","title":{"rendered":"Bal\u0131kesir B\u00fcy\u00fck\u015fehir Belediyesi, 1 Y\u0131ll\u0131k D\u00f6nem Hesab\u0131n\u0131 Verdi ve Gelecek Vizyonunu Payla\u015ft\u0131"},"content":{"rendered":"<p>\n<h2>Bal\u0131kesir&#8217;de D\u00f6nem Hesab\u0131 ve Gelecek Vizyonu Payla\u015f\u0131ld\u0131<\/h2>\n<\/p>\n<p><\/p>\n<p>Bal\u0131kesir B\u00fcy\u00fck\u015fehir Belediyesi, geride kalan bir y\u0131ll\u0131k s\u00fcreyi de\u011ferlendiren ve gelecek hedeflerini a\u00e7\u0131klayan &#8220;1 Y\u0131l\u0131m\u0131zda B\u00fcy\u00fck Bal\u0131kesir Bulu\u015fmas\u0131&#8221; program\u0131n\u0131 ger\u00e7ekle\u015ftirdi. Belediye Ba\u015fkan\u0131, programda halka hitaben bir konu\u015fma yaparak, belediyenin \u00e7al\u0131\u015fmalar\u0131n\u0131 ve gelecek planlar\u0131n\u0131 detayl\u0131 bir \u015fekilde aktard\u0131.<\/p>\n<p><\/p>\n<p><h3>Belediyenin Ba\u015far\u0131lar\u0131 ve Ger\u00e7ekle\u015ftirilen \u00c7al\u0131\u015fmalar<\/h3>\n<\/p>\n<p><\/p>\n<p>Belediye Ba\u015fkan\u0131, konu\u015fmas\u0131nda son bir y\u0131lda tamamlanan projeleri ve ger\u00e7ekle\u015ftirilen \u00e7al\u0131\u015fmalar\u0131 vurgulad\u0131. \u00d6zellikle altyap\u0131 yat\u0131r\u0131mlar\u0131, ula\u015f\u0131m projeleri ve kentsel d\u00f6n\u00fc\u015f\u00fcm \u00e7al\u0131\u015fmalar\u0131na de\u011finildi. \u00d6rne\u011fin, <strong>Bal\u0131kesir merkezin kanalizasyon sistemi iyile\u015ftirme projesi<\/strong> tamamland\u0131 ve bu sayede \u015fehirde su bask\u0131nlar\u0131 \u00f6nemli \u00f6l\u00e7\u00fcde azald\u0131. Ayr\u0131ca, <strong>\u015fehir merkezindeki yollar\u0131n asfaltlanmas\u0131<\/strong> \u00e7al\u0131\u015fmalar\u0131yla ula\u015f\u0131m konforu artt\u0131r\u0131ld\u0131.<\/p>\n<p><\/p>\n<p><ul>  <\/p>\n<ul>\n<li>\u015eehir merkezinde yeni parklar ve ye\u015fil alanlar olu\u015fturuldu.<\/li>\n<p>  <\/p>\n<li>Toplu ta\u015f\u0131ma filosu yenilendi ve yeni g\u00fczergahlar hizmete girdi.<\/li>\n<p>  <\/p>\n<li>\u0130l\u00e7e belediyelerine destek programlar\u0131 kapsam\u0131nda \u00e7e\u015fitli projeler hayata ge\u00e7irildi.<\/li>\n<\/ul>\n<p><\/ul>\n<\/p>\n<p><\/p>\n<p><h3>Gelecek Y\u0131llar\u0131n Hedefleri ve Vizyonu<\/h3>\n<\/p>\n<p><\/p>\n<p>Belediye Ba\u015fkan\u0131, &#8220;B\u00fcy\u00fck Bal\u0131kesir Bulu\u015fmas\u0131&#8221; program\u0131nda gelecek y\u0131llar i\u00e7in belirlenen hedefleri de halka aktard\u0131. Bu hedefler aras\u0131nda s\u00fcrd\u00fcr\u00fclebilir kalk\u0131nma, \u00e7evre koruma ve ya\u015fam kalitesinin art\u0131r\u0131lmas\u0131 \u00f6ncelikli olarak yer al\u0131yor.<\/p>\n<p><\/p>\n<p><h3>\u00d6nemli Gelecek Projeleri<\/h3>\n<\/p>\n<p><\/p>\n<p>*   <strong>Ye\u015fil Bal\u0131kesir Projesi:<\/strong> \u015eehirdeki ye\u015fil alanlar\u0131n art\u0131r\u0131lmas\u0131 ve s\u00fcrd\u00fcr\u00fclebilir \u00e7evre uygulamalar\u0131n\u0131n hayata ge\u00e7irilmesi hedefleniyor.<br \/>*   <strong>Ak\u0131ll\u0131 \u015eehir Uygulamalar\u0131:<\/strong> \u015eehirdeki ya\u015fam\u0131 kolayla\u015ft\u0131rmak ve verimlili\u011fi art\u0131rmak amac\u0131yla ak\u0131ll\u0131 \u015fehir teknolojileri kullan\u0131lacak. \u00d6rne\u011fin, <strong>trafik yo\u011funlu\u011funu azaltmak i\u00e7in ak\u0131ll\u0131 trafik sistemleri<\/strong> kurulacak.<br \/>*   <strong>Turizm Potansiyelinin Art\u0131r\u0131lmas\u0131:<\/strong> Bal\u0131kesir&#8217;in tarihi ve do\u011fal g\u00fczelliklerinin tan\u0131t\u0131lmas\u0131 ve turizm potansiyelinin art\u0131r\u0131lmas\u0131 i\u00e7in \u00e7e\u015fitli \u00e7al\u0131\u015fmalar planlan\u0131yor.<br \/>*   <strong>G\u00fcne\u015f Enerjisi Projeleri:<\/strong> \u015eehirdeki kamu binalar\u0131nda ve konutlarda g\u00fcne\u015f enerjisi kullan\u0131m\u0131n\u0131n yayg\u0131nla\u015ft\u0131r\u0131lmas\u0131 hedefleniyor.<\/p>\n<p><\/p>\n<p>Belediye Ba\u015fkan\u0131, program sonunda halka te\u015fekk\u00fcr ederek, Bal\u0131kesir&#8217;i daha ya\u015fanabilir bir \u015fehir haline getirmek i\u00e7in \u00e7al\u0131\u015fmaya devam edeceklerini belirtti.<\/p><\/p>\n","protected":false},"excerpt":{"rendered":"<p>Bal\u0131kesir&#8217;de D\u00f6nem Hesab\u0131 ve Gelecek Vizyonu Payla\u015f\u0131ld\u0131 Bal\u0131kesir B\u00fcy\u00fck\u015fehir Belediyesi, geride kalan bir y\u0131ll\u0131k s\u00fcreyi de\u011ferlendiren ve gelecek hedeflerini a\u00e7\u0131klayan &#8220;1 Y\u0131l\u0131m\u0131zda B\u00fcy\u00fck Bal\u0131kesir Bulu\u015fmas\u0131&#8221; program\u0131n\u0131 ger\u00e7ekle\u015ftirdi. Belediye Ba\u015fkan\u0131, programda halka hitaben bir konu\u015fma yaparak, belediyenin \u00e7al\u0131\u015fmalar\u0131n\u0131 ve gelecek planlar\u0131n\u0131&#8230;<\/p>\n","protected":false},"author":1,"featured_media":27522,"comment_status":"closed","ping_status":"closed","sticky":false,"template":"","format":"standard","meta":{"footnotes":""},"categories":[36],"tags":[],"class_list":["post-27521","post","type-post","status-publish","format-standard","has-post-thumbnail","hentry","category-manset"],"_links":{"self":[{"href":"http:\/\/gazetevizyon.com\/index.php?rest_route=\/wp\/v2\/posts\/27521","targetHints":{"allow":["GET"]}}],"collection":[{"href":"http:\/\/gazetevizyon.com\/index.php?rest_route=\/wp\/v2\/posts"}],"about":[{"href":"http:\/\/gazetevizyon.com\/index.php?rest_route=\/wp\/v2\/types\/post"}],"author":[{"embeddable":true,"href":"http:\/\/gazetevizyon.com\/index.php?rest_route=\/wp\/v2\/users\/1"}],"replies":[{"embeddable":true,"href":"http:\/\/gazetevizyon.com\/index.php?rest_route=%2Fwp%2Fv2%2Fcomments&post=27521"}],"version-history":[{"count":1,"href":"http:\/\/gazetevizyon.com\/index.php?rest_route=\/wp\/v2\/posts\/27521\/revisions"}],"predecessor-version":[{"id":27556,"href":"http:\/\/gazetevizyon.com\/index.php?rest_route=\/wp\/v2\/posts\/27521\/revisions\/27556"}],"wp:featuredmedia":[{"embeddable":true,"href":"http:\/\/gazetevizyon.com\/index.php?rest_route=\/wp\/v2\/media\/27522"}],"wp:attachment":[{"href":"http:\/\/gazetevizyon.com\/index.php?rest_route=%2Fwp%2Fv2%2Fmedia&parent=27521"}],"wp:term":[{"taxonomy":"category","embeddable":true,"href":"http:\/\/gazetevizyon.com\/index.php?rest_route=%2Fwp%2Fv2%2Fcategories&post=27521"},{"taxonomy":"post_tag","embeddable":true,"href":"http:\/\/gazetevizyon.com\/index.php?rest_route=%2Fwp%2Fv2%2Ftags&post=27521"}],"curies":[{"name":"wp","href":"https:\/\/api.w.org\/{rel}","templated":true}]}}