{"id":27523,"date":"2025-04-30T16:26:43","date_gmt":"2025-04-30T16:26:43","guid":{"rendered":"http:\/\/gazetevizyon.com\/?p=27523"},"modified":"2025-04-30T16:26:43","modified_gmt":"2025-04-30T16:26:43","slug":"balikesir-buyuksehir-belediyesinden-halkla-bulusma-gelecek-vizyonu-paylasildi","status":"publish","type":"post","link":"http:\/\/gazetevizyon.com\/?p=27523","title":{"rendered":"Bal\u0131kesir B\u00fcy\u00fck\u015fehir Belediyesi&#8217;nden Halkla Bulu\u015fma: Gelecek Vizyonu Payla\u015f\u0131ld\u0131"},"content":{"rendered":"<p>\n<h2>Bal\u0131kesir&#8217;de Halkla Bulu\u015fma<\/h2>\n<\/p>\n<p><\/p>\n<p>Bal\u0131kesir B\u00fcy\u00fck\u015fehir Belediyesi, geride kalan bir y\u0131ll\u0131k s\u00fcreyi de\u011ferlendirirken gelecek hedeflerini ve vizyonunu &#8220;1 Y\u0131l\u0131m\u0131zda B\u00fcy\u00fck Bal\u0131kesir Bulu\u015fmas\u0131&#8221; program\u0131 ile halka aktard\u0131. Belediye Ba\u015fkan\u0131, programda sunulan bilgilere g\u00f6re, belediye \u00e7al\u0131\u015fmalar\u0131n\u0131n kapsaml\u0131 bir de\u011ferlendirmesini yapt\u0131 ve \u00f6n\u00fcm\u00fczdeki y\u0131llar i\u00e7in belirlenen hedefleri detayl\u0131 bir \u015fekilde payla\u015ft\u0131.<\/p>\n<p><\/p>\n<p><h3>Belediye&#8217;nin Y\u0131ll\u0131k De\u011ferlendirmesi<\/h3>\n<\/p>\n<p><\/p>\n<p>Belediye Ba\u015fkan\u0131&#8217;n\u0131n yapt\u0131\u011f\u0131 sunumda, belediyenin \u00e7e\u015fitli sekt\u00f6rlerdeki faaliyetleri ve ba\u015far\u0131lar\u0131 vurguland\u0131. \u00d6zellikle altyap\u0131 yat\u0131r\u0131mlar\u0131, ula\u015f\u0131m projeleri, \u00e7evre d\u00fczenlemesi ve sosyal hizmetler alan\u0131ndaki \u00e7al\u0131\u015fmalar \u00f6rneklerle a\u00e7\u0131kland\u0131. \u00d6rne\u011fin, \u015fehir i\u00e7i ula\u015f\u0131mda ger\u00e7ekle\u015ftirilen iyile\u015ftirmeler sayesinde vatanda\u015flar\u0131n ula\u015f\u0131m\u0131n\u0131n kolayla\u015ft\u0131\u011f\u0131, park ve ye\u015fil alanlar\u0131n art\u0131r\u0131lmas\u0131yla ya\u015fam kalitesinin y\u00fckseltildi\u011fi belirtildi. <strong>Belediyenin 2024 y\u0131l\u0131nda tamamlad\u0131\u011f\u0131 \u00f6nemli projeler aras\u0131nda yeni bir toplu ta\u015f\u0131ma merkezi, engelliler i\u00e7in eri\u015filebilir parklar ve modern bir at\u0131k geri d\u00f6n\u00fc\u015f\u00fcm tesisi yer ald\u0131.<\/strong><\/p>\n<p><\/p>\n<p><h3>Gelecek Y\u0131llar\u0131n Hedefleri<\/h3>\n<\/p>\n<p><\/p>\n<p>Belediye Ba\u015fkan\u0131, gelece\u011fe y\u00f6nelik hedefleri de kat\u0131l\u0131mc\u0131larla payla\u015ft\u0131. Bu hedefler aras\u0131nda s\u00fcrd\u00fcr\u00fclebilir \u015fehir planlamas\u0131, ak\u0131ll\u0131 \u015fehir uygulamalar\u0131, ekonomik kalk\u0131nma projeleri ve sosyal uyumun g\u00fc\u00e7lendirilmesi yer al\u0131yor.  <strong>\u00d6ncelikli hedefler aras\u0131nda enerji verimlili\u011finin art\u0131r\u0131lmas\u0131, yenilenebilir enerji kaynaklar\u0131n\u0131n kullan\u0131m\u0131 ve \u015fehirdeki tarihi dokunun korunmas\u0131 bulunuyor.<\/strong>  Ayr\u0131ca, turizm potansiyelinin art\u0131r\u0131lmas\u0131 ve yerel \u00fcreticilerin desteklenmesi gibi konulara da \u00f6zel \u00f6nem verilece\u011fi belirtildi.<\/p>\n<p><\/p>\n<p><ul>  <\/p>\n<ul>\n<li><strong>Ak\u0131ll\u0131 \u015eehir Uygulamalar\u0131:<\/strong> \u015eehirdeki trafik ak\u0131\u015f\u0131n\u0131n iyile\u015ftirilmesi, enerji t\u00fcketiminin azalt\u0131lmas\u0131 ve kamu hizmetlerinin daha verimli sunulmas\u0131 i\u00e7in ak\u0131ll\u0131 \u015fehir teknolojileri kullan\u0131lacak.<\/li>\n<p>  <\/p>\n<li><strong>S\u00fcrd\u00fcr\u00fclebilir Ula\u015f\u0131m:<\/strong> Elektrikli ara\u00e7 kullan\u0131m\u0131n\u0131n te\u015fvik edilmesi, bisiklet yollar\u0131n\u0131n yayg\u0131nla\u015ft\u0131r\u0131lmas\u0131 ve toplu ta\u015f\u0131ma sisteminin modernizasyonu hedefleniyor.<\/li>\n<p>  <\/p>\n<li><strong>Ekonomik Kalk\u0131nma:<\/strong> Yerel i\u015fletmelerin desteklenmesi, yeni yat\u0131r\u0131m f\u0131rsatlar\u0131n\u0131n yarat\u0131lmas\u0131 ve istihdam\u0131n art\u0131r\u0131lmas\u0131 i\u00e7in \u00e7al\u0131\u015fmalar y\u00fcr\u00fct\u00fclecek.<\/li>\n<p>  <\/p>\n<li><strong>Sosyal Hizmetler:<\/strong> \u0130htiya\u00e7 sahibi vatanda\u015flara y\u00f6nelik sosyal yard\u0131m programlar\u0131 geni\u015fletilecek ve dezavantajl\u0131 gruplara y\u00f6nelik destekler art\u0131r\u0131lacak.<\/li>\n<\/ul>\n<p><\/ul>\n<\/p>\n<p><\/p>\n<p><h3>Halk\u0131n Kat\u0131l\u0131m\u0131 Vurgusu<\/h3>\n<\/p>\n<p><\/p>\n<p>Belediye Ba\u015fkan\u0131, ba\u015far\u0131l\u0131 bir \u015fehir y\u00f6netimi i\u00e7in halk\u0131n kat\u0131l\u0131m\u0131n\u0131n ve geri bildirimlerinin \u00f6nemine dikkat \u00e7ekti. Gelecek projelerde de halk\u0131n g\u00f6r\u00fc\u015fleri al\u0131narak, ortak ak\u0131lla hareket edilece\u011fi vurguland\u0131.  <strong>Halk\u0131n \u00f6nerileri ve ele\u015ftirileri do\u011frultusunda projelerin \u015fekillendirilmesi, belediye ile vatanda\u015flar aras\u0131nda daha g\u00fc\u00e7l\u00fc bir ba\u011f kurulmas\u0131n\u0131 sa\u011flayacak.<\/strong><\/p>\n<p><\/p>\n<p>Bu bulu\u015fma, Bal\u0131kesir B\u00fcy\u00fck\u015fehir Belediyesi&#8217;nin \u015feffafl\u0131k ilkesine ba\u011fl\u0131l\u0131\u011f\u0131n\u0131n ve halkla i\u00e7 ileti\u015fimine verdi\u011fi \u00f6nemin bir g\u00f6stergesi olarak de\u011ferlendirildi.<\/p><\/p>\n","protected":false},"excerpt":{"rendered":"<p>Bal\u0131kesir&#8217;de Halkla Bulu\u015fma Bal\u0131kesir B\u00fcy\u00fck\u015fehir Belediyesi, geride kalan bir y\u0131ll\u0131k s\u00fcreyi de\u011ferlendirirken gelecek hedeflerini ve vizyonunu &#8220;1 Y\u0131l\u0131m\u0131zda B\u00fcy\u00fck Bal\u0131kesir Bulu\u015fmas\u0131&#8221; program\u0131 ile halka aktard\u0131. Belediye Ba\u015fkan\u0131, programda sunulan bilgilere g\u00f6re, belediye \u00e7al\u0131\u015fmalar\u0131n\u0131n kapsaml\u0131 bir de\u011ferlendirmesini yapt\u0131 ve \u00f6n\u00fcm\u00fczdeki y\u0131llar&#8230;<\/p>\n","protected":false},"author":1,"featured_media":27524,"comment_status":"closed","ping_status":"closed","sticky":false,"template":"","format":"standard","meta":{"footnotes":""},"categories":[36],"tags":[],"class_list":["post-27523","post","type-post","status-publish","format-standard","has-post-thumbnail","hentry","category-manset"],"_links":{"self":[{"href":"http:\/\/gazetevizyon.com\/index.php?rest_route=\/wp\/v2\/posts\/27523","targetHints":{"allow":["GET"]}}],"collection":[{"href":"http:\/\/gazetevizyon.com\/index.php?rest_route=\/wp\/v2\/posts"}],"about":[{"href":"http:\/\/gazetevizyon.com\/index.php?rest_route=\/wp\/v2\/types\/post"}],"author":[{"embeddable":true,"href":"http:\/\/gazetevizyon.com\/index.php?rest_route=\/wp\/v2\/users\/1"}],"replies":[{"embeddable":true,"href":"http:\/\/gazetevizyon.com\/index.php?rest_route=%2Fwp%2Fv2%2Fcomments&post=27523"}],"version-history":[{"count":1,"href":"http:\/\/gazetevizyon.com\/index.php?rest_route=\/wp\/v2\/posts\/27523\/revisions"}],"predecessor-version":[{"id":27555,"href":"http:\/\/gazetevizyon.com\/index.php?rest_route=\/wp\/v2\/posts\/27523\/revisions\/27555"}],"wp:featuredmedia":[{"embeddable":true,"href":"http:\/\/gazetevizyon.com\/index.php?rest_route=\/wp\/v2\/media\/27524"}],"wp:attachment":[{"href":"http:\/\/gazetevizyon.com\/index.php?rest_route=%2Fwp%2Fv2%2Fmedia&parent=27523"}],"wp:term":[{"taxonomy":"category","embeddable":true,"href":"http:\/\/gazetevizyon.com\/index.php?rest_route=%2Fwp%2Fv2%2Fcategories&post=27523"},{"taxonomy":"post_tag","embeddable":true,"href":"http:\/\/gazetevizyon.com\/index.php?rest_route=%2Fwp%2Fv2%2Ftags&post=27523"}],"curies":[{"name":"wp","href":"https:\/\/api.w.org\/{rel}","templated":true}]}}