{"id":27752,"date":"2025-05-03T19:05:45","date_gmt":"2025-05-03T19:05:45","guid":{"rendered":"http:\/\/gazetevizyon.com\/?p=27752"},"modified":"2025-05-03T19:05:45","modified_gmt":"2025-05-03T19:05:45","slug":"marmara-adalarinda-temizlik-duzenleme-ve-tamirat-calismalari-araliksiz-suruyor","status":"publish","type":"post","link":"http:\/\/gazetevizyon.com\/?p=27752","title":{"rendered":"Marmara Adalar\u0131nda Temizlik, D\u00fczenleme ve Tamirat \u00c7al\u0131\u015fmalar\u0131 Aral\u0131ks\u0131z S\u00fcr\u00fcyor"},"content":{"rendered":"<p>\n<h2>Marmara Adalar\u0131nda Ya\u015fam Kalitesini Art\u0131rma \u00c7abalar\u0131<\/h2>\n<\/p>\n<p><\/p>\n<p>Marmara Adalar\u0131&#8217;nda temizlik, d\u00fczenleme ve tamirat \u00e7al\u0131\u015fmalar\u0131 aral\u0131ks\u0131z olarak devam ediyor. Bu kapsaml\u0131 \u00e7al\u0131\u015fmalar, adalar\u0131n do\u011fal g\u00fczelli\u011fini koruma ve ya\u015fam kalitesini art\u0131rma hedefiyle y\u00fcr\u00fct\u00fcl\u00fcyor. Belediye ekipleri, adalar\u0131n farkl\u0131 noktalar\u0131nda yo\u011fun \u00e7aba sarf ederek, hem yerli halk\u0131n hem de misafirlerin daha temiz ve d\u00fczenli bir ortamda bulunmalar\u0131n\u0131 sa\u011fl\u0131yor.<\/p>\n<p><\/p>\n<p><h3>Temizlik \u00c7al\u0131\u015fmalar\u0131 Yo\u011fun Bir \u015eekilde S\u00fcr\u00fcyor<\/h3>\n<\/p>\n<p><\/p>\n<p>Adalar\u0131n her k\u00f6\u015fesinde ger\u00e7ekle\u015ftirilen temizlik \u00e7al\u0131\u015fmalar\u0131, \u00f6zellikle turistik b\u00f6lgelerde ve konut alanlar\u0131nda yo\u011funla\u015ft\u0131r\u0131l\u0131yor. Bu \u00e7al\u0131\u015fmalar kapsam\u0131nda, \u00e7\u00f6p toplama, cadde ve sokaklar\u0131n y\u0131kanmas\u0131, ye\u015fil alanlar\u0131n bak\u0131m\u0131 ve d\u00fczenlenmesi gibi faaliyetler y\u00fcr\u00fct\u00fcl\u00fcyor. \u00d6rne\u011fin, B\u00fcy\u00fckada&#8217;daki plajlar ve sahil \u015feritleri, yaz sezonu \u00f6ncesinde \u00f6zel bir temizli\u011fe tabi tutuluyor.<\/p>\n<p><\/p>\n<p><h3>D\u00fczenleme ve Tamirat \u0130\u015fleri ile Estetik Kat\u0131l\u0131yor<\/h3>\n<\/p>\n<p><\/p>\n<p>Temizlik \u00e7al\u0131\u015fmalar\u0131n\u0131n yan\u0131 s\u0131ra, adalar\u0131n genel g\u00f6r\u00fcn\u00fcm\u00fcn\u00fc iyile\u015ftirmek amac\u0131yla d\u00fczenleme ve tamirat i\u015fleri de ger\u00e7ekle\u015ftiriliyor. Bu kapsamda, binalar\u0131n cephelerinin boyanmas\u0131, kald\u0131r\u0131mlar\u0131n onar\u0131m\u0131, park ve bah\u00e7e d\u00fczenlemeleri yap\u0131l\u0131yor. \u00d6zellikle tarihi dokuya sahip olan adalar\u0131n bu \u00e7al\u0131\u015fmalar\u0131, adalar\u0131n \u00f6zg\u00fcn karakterini koruma amac\u0131 ta\u015f\u0131yor. \u00d6rne\u011fin, Heybeliada&#8217;daki tarihi k\u00f6\u015fklerin d\u0131\u015f cepheleri restore edilerek, adan\u0131n tarihi dokusu g\u00fc\u00e7lendiriliyor.<\/p>\n<p><\/p>\n<p><h3>Ya\u015fanabilir Adalar \u0130\u00e7in Birlikte \u00c7al\u0131\u015fma<\/h3>\n<\/p>\n<p><\/p>\n<p>Belediye, adalar\u0131n temizli\u011fi ve d\u00fczenlenmesi konusunda vatanda\u015flar\u0131 da bilin\u00e7lendirme \u00e7abas\u0131 i\u00e7inde. Bu do\u011frultuda, \u00e7e\u015fitli bilgilendirme kampanyalar\u0131 d\u00fczenleniyor ve vatanda\u015flar\u0131n \u00e7evreye duyarl\u0131 davranmalar\u0131 te\u015fvik ediliyor. <strong>Vatanda\u015flar\u0131n kat\u0131l\u0131m\u0131, adalar\u0131n daha temiz ve ya\u015fanabilir hale gelmesinde \u00f6nemli bir rol oynuyor.<\/strong><\/p>\n<p><\/p>\n<p><h3>\u00c7al\u0131\u015fmalar\u0131n Amac\u0131: G\u00fczelli\u011fi Koruma ve Ya\u015fanabilirli\u011fi Art\u0131rma<\/h3>\n<\/p>\n<p><\/p>\n<p>Marmara Adalar\u0131 Belediyesi, adalar\u0131n do\u011fal g\u00fczelli\u011fini koruma ve ya\u015fam kalitesini art\u0131rma amac\u0131yla ger\u00e7ekle\u015ftirdi\u011fi \u00e7al\u0131\u015fmalarla, adalar\u0131n cazibesini art\u0131rmaya devam ediyor. <strong>Bu kapsaml\u0131 \u00e7al\u0131\u015fmalar, adalar\u0131n hem yerli halk\u0131 hem de turistler i\u00e7in daha keyifli bir ya\u015fam ortam\u0131 sunmay\u0131 hedefliyor.<\/strong><\/p>\n<p><\/p>\n<p><ul><\/p>\n<ul>\n<li>\u00c7\u00f6p toplama ve imha \u00e7al\u0131\u015fmalar\u0131<\/li>\n<p><\/p>\n<li>Cadde ve sokaklar\u0131n d\u00fczenli olarak y\u0131kanmas\u0131<\/li>\n<p><\/p>\n<li>Ye\u015fil alanlar\u0131n bak\u0131m\u0131 ve d\u00fczenlenmesi<\/li>\n<p><\/p>\n<li>Kald\u0131r\u0131m ve yol onar\u0131m \u00e7al\u0131\u015fmalar\u0131<\/li>\n<p><\/p>\n<li>Bina cephelerinin boyanmas\u0131 ve restore edilmesi<\/li>\n<\/ul>\n<p><\/ul><\/p>\n","protected":false},"excerpt":{"rendered":"<p>Marmara Adalar\u0131nda Ya\u015fam Kalitesini Art\u0131rma \u00c7abalar\u0131 Marmara Adalar\u0131&#8217;nda temizlik, d\u00fczenleme ve tamirat \u00e7al\u0131\u015fmalar\u0131 aral\u0131ks\u0131z olarak devam ediyor. Bu kapsaml\u0131 \u00e7al\u0131\u015fmalar, adalar\u0131n do\u011fal g\u00fczelli\u011fini koruma ve ya\u015fam kalitesini art\u0131rma hedefiyle y\u00fcr\u00fct\u00fcl\u00fcyor. Belediye ekipleri, adalar\u0131n farkl\u0131 noktalar\u0131nda yo\u011fun \u00e7aba sarf ederek, hem&#8230;<\/p>\n","protected":false},"author":1,"featured_media":27753,"comment_status":"closed","ping_status":"closed","sticky":false,"template":"","format":"standard","meta":{"footnotes":""},"categories":[36],"tags":[],"class_list":["post-27752","post","type-post","status-publish","format-standard","has-post-thumbnail","hentry","category-manset"],"_links":{"self":[{"href":"http:\/\/gazetevizyon.com\/index.php?rest_route=\/wp\/v2\/posts\/27752","targetHints":{"allow":["GET"]}}],"collection":[{"href":"http:\/\/gazetevizyon.com\/index.php?rest_route=\/wp\/v2\/posts"}],"about":[{"href":"http:\/\/gazetevizyon.com\/index.php?rest_route=\/wp\/v2\/types\/post"}],"author":[{"embeddable":true,"href":"http:\/\/gazetevizyon.com\/index.php?rest_route=\/wp\/v2\/users\/1"}],"replies":[{"embeddable":true,"href":"http:\/\/gazetevizyon.com\/index.php?rest_route=%2Fwp%2Fv2%2Fcomments&post=27752"}],"version-history":[{"count":1,"href":"http:\/\/gazetevizyon.com\/index.php?rest_route=\/wp\/v2\/posts\/27752\/revisions"}],"predecessor-version":[{"id":27759,"href":"http:\/\/gazetevizyon.com\/index.php?rest_route=\/wp\/v2\/posts\/27752\/revisions\/27759"}],"wp:featuredmedia":[{"embeddable":true,"href":"http:\/\/gazetevizyon.com\/index.php?rest_route=\/wp\/v2\/media\/27753"}],"wp:attachment":[{"href":"http:\/\/gazetevizyon.com\/index.php?rest_route=%2Fwp%2Fv2%2Fmedia&parent=27752"}],"wp:term":[{"taxonomy":"category","embeddable":true,"href":"http:\/\/gazetevizyon.com\/index.php?rest_route=%2Fwp%2Fv2%2Fcategories&post=27752"},{"taxonomy":"post_tag","embeddable":true,"href":"http:\/\/gazetevizyon.com\/index.php?rest_route=%2Fwp%2Fv2%2Ftags&post=27752"}],"curies":[{"name":"wp","href":"https:\/\/api.w.org\/{rel}","templated":true}]}}