{"id":27756,"date":"2025-05-03T19:19:56","date_gmt":"2025-05-03T19:19:56","guid":{"rendered":"http:\/\/gazetevizyon.com\/?p=27756"},"modified":"2025-05-03T19:19:56","modified_gmt":"2025-05-03T19:19:56","slug":"mahmudiye-ve-ivrindide-geleneksel-hidrellez-coskusu-ve-dayanisma-ruhu","status":"publish","type":"post","link":"http:\/\/gazetevizyon.com\/?p=27756","title":{"rendered":"Mahmudiye ve \u0130vrindi&#8217;de Geleneksel H\u0131drellez Co\u015fkusu ve Dayan\u0131\u015fma Ruhu"},"content":{"rendered":"<p>\n<h2>Mahmudiye ve \u0130vrindi&#8217;de Geleneksel H\u0131drellez Co\u015fkusu ve Dayan\u0131\u015fma Ruhu<\/h2>\n<\/p>\n<p><\/p>\n<p><p>Bahar\u0131n geli\u015fini m\u00fcjdeleyen g\u00fcnler, <strong>Mahmudiye ve \u0130vrindi<\/strong> il\u00e7elerinde geleneksel H\u0131drellez kutlamalar\u0131yla co\u015ftu. Topra\u011f\u0131n bereketi, sofralar\u0131n c\u00f6mertli\u011fi ve halk\u0131n dayan\u0131\u015fmas\u0131yla Mac\u0131r k\u00fclt\u00fcr\u00fcnden s\u00fcz\u00fclen kadim gelenekler, <strong>Korucu<\/strong>&#8216;nun imece ruhuyla bulu\u015farak, bu topraklarda karde\u015flik, payla\u015fmak ve \u00fcretmek gibi de\u011ferlerin hala en b\u00fcy\u00fck zenginlikler oldu\u011funu bir kez daha g\u00f6sterdi.<\/p>\n<\/p>\n<p><\/p>\n<p><h3>Mac\u0131r K\u00fclt\u00fcr\u00fcn\u00fcn Canl\u0131 Tan\u0131\u011f\u0131: H\u0131drellez \u015eenli\u011fi<\/h3>\n<\/p>\n<p><\/p>\n<p><p><strong>Mahmudiye K\u00f6y\u00fc<\/strong>&#8216;nde d\u00fczenlenen Mac\u0131rlar\u0131 H\u0131drellez \u015eenli\u011fi, b\u00f6lge halk\u0131n\u0131n birlikteli\u011fini ve geleneklerine olan ba\u011fl\u0131l\u0131\u011f\u0131n\u0131 g\u00f6zler \u00f6n\u00fcne serdi. \u015eenlikte, Mac\u0131r k\u00fclt\u00fcr\u00fcne \u00f6zg\u00fc geleneksel danslar, m\u00fczikler ve yemekler b\u00fcy\u00fck ilgi g\u00f6rd\u00fc. Ayn\u0131 zamanda, k\u00f6y\u00fcn gen\u00e7leri de geleneklerini ya\u015fatmak i\u00e7in \u00f6nemli bir rol \u00fcstlendi.<\/p>\n<\/p>\n<p><\/p>\n<p><h3>Korucu Mahallesi&#8217;nde K\u00f6y Hayr\u0131n\u0131n Birle\u015ftirici G\u00fcc\u00fc<\/h3>\n<\/p>\n<p><\/p>\n<p><p><strong>\u0130vrindi Korucu Mahallesi<\/strong>&#8216;ndeki geleneksel k\u00f6y hayr\u0131nda, b\u00f6lge halk\u0131 bir araya gelerek dayan\u0131\u015fma k\u00fclt\u00fcr\u00fcn\u00fc ya\u015fatt\u0131. K\u00f6y hayr\u0131nda, geleneksel yemekler ikram edildi ve sohbetler e\u015fli\u011finde keyifli vakit ge\u00e7irildi. <strong>\u0130vrindi \u00c7arkac\u0131 Mahallesi<\/strong>&#8216;nin de kat\u0131l\u0131m\u0131yla ger\u00e7ekle\u015fen bu etkinlik, b\u00f6lge halk\u0131n\u0131n g\u00fc\u00e7l\u00fc ba\u011flar\u0131n\u0131 peki\u015ftirdi.<\/p>\n<\/p>\n<p><\/p>\n<p><h3>Payla\u015fman\u0131n ve Dayan\u0131\u015fman\u0131n \u00d6nemi<\/h3>\n<\/p>\n<p><\/p>\n<p><p>H\u0131drellez&#8217;in bereketi, k\u00f6y hayr\u0131n\u0131n birle\u015ftirici ruhu, t\u00fcm kat\u0131l\u0131mc\u0131lara umut, dayan\u0131\u015fma ve diren\u00e7 a\u015f\u0131lad\u0131. Etkinlikler boyunca sergilenen misafirperverlik, samimiyet ve g\u00f6n\u00fclden sohbetler, toplumsal ba\u011flar\u0131n g\u00fc\u00e7lenmesine katk\u0131 sa\u011flad\u0131. <strong>Payla\u015fman\u0131n g\u00fczelli\u011fi<\/strong>, k\u00f6ylerimizin dayan\u0131\u015fma k\u00fclt\u00fcr\u00fc ve y\u00fczy\u0131llard\u0131r s\u00fcregelen toplumsal ba\u011flar, bu co\u011frafyan\u0131n en de\u011ferli miras\u0131 olarak \u00f6ne \u00e7\u0131kt\u0131.<\/p>\n<\/p>\n<p><\/p>\n<p><h3>T\u00fcm Hem\u015fehrilere Te\u015fekk\u00fcr<\/h3>\n<\/p>\n<p><\/p>\n<p><p><strong>Misafirperverlikleri<\/strong>, <strong>samimiyetleri<\/strong> ve g\u00f6n\u00fclden sohbetleriyle kat\u0131l\u0131mc\u0131lar\u0131 ba\u011fr\u0131na basan t\u00fcm hem\u015fehrilere y\u00fcrekten te\u015fekk\u00fcr edildi. Bu t\u00fcr etkinliklerin, toplumsal birlik ve beraberli\u011fin g\u00fc\u00e7lenmesine \u00f6nemli katk\u0131 sa\u011flad\u0131\u011f\u0131 vurguland\u0131.<\/p>\n<\/p>\n<p><\/p>\n<p><ul>  <\/p>\n<ul>\n<li><strong>Anahtar Kelimeler:<\/strong> Mahmudiye, \u0130vrindi, Mac\u0131r K\u00fclt\u00fcr\u00fc, H\u0131drellez, Korucu, K\u00f6y Hayr\u0131, Dayan\u0131\u015fma, Geleneksel Etkinlikler<\/li>\n<\/ul>\n<p><\/ul><\/p>\n","protected":false},"excerpt":{"rendered":"<p>Mahmudiye ve \u0130vrindi&#8217;de Geleneksel H\u0131drellez Co\u015fkusu ve Dayan\u0131\u015fma Ruhu Bahar\u0131n geli\u015fini m\u00fcjdeleyen g\u00fcnler, Mahmudiye ve \u0130vrindi il\u00e7elerinde geleneksel H\u0131drellez kutlamalar\u0131yla co\u015ftu. Topra\u011f\u0131n bereketi, sofralar\u0131n c\u00f6mertli\u011fi ve halk\u0131n dayan\u0131\u015fmas\u0131yla Mac\u0131r k\u00fclt\u00fcr\u00fcnden s\u00fcz\u00fclen kadim gelenekler, Korucu&#8216;nun imece ruhuyla bulu\u015farak, bu topraklarda karde\u015flik,&#8230;<\/p>\n","protected":false},"author":1,"featured_media":27757,"comment_status":"closed","ping_status":"closed","sticky":false,"template":"","format":"standard","meta":{"footnotes":""},"categories":[23],"tags":[],"class_list":["post-27756","post","type-post","status-publish","format-standard","has-post-thumbnail","hentry","category-siyaset"],"_links":{"self":[{"href":"http:\/\/gazetevizyon.com\/index.php?rest_route=\/wp\/v2\/posts\/27756","targetHints":{"allow":["GET"]}}],"collection":[{"href":"http:\/\/gazetevizyon.com\/index.php?rest_route=\/wp\/v2\/posts"}],"about":[{"href":"http:\/\/gazetevizyon.com\/index.php?rest_route=\/wp\/v2\/types\/post"}],"author":[{"embeddable":true,"href":"http:\/\/gazetevizyon.com\/index.php?rest_route=\/wp\/v2\/users\/1"}],"replies":[{"embeddable":true,"href":"http:\/\/gazetevizyon.com\/index.php?rest_route=%2Fwp%2Fv2%2Fcomments&post=27756"}],"version-history":[{"count":1,"href":"http:\/\/gazetevizyon.com\/index.php?rest_route=\/wp\/v2\/posts\/27756\/revisions"}],"predecessor-version":[{"id":27760,"href":"http:\/\/gazetevizyon.com\/index.php?rest_route=\/wp\/v2\/posts\/27756\/revisions\/27760"}],"wp:featuredmedia":[{"embeddable":true,"href":"http:\/\/gazetevizyon.com\/index.php?rest_route=\/wp\/v2\/media\/27757"}],"wp:attachment":[{"href":"http:\/\/gazetevizyon.com\/index.php?rest_route=%2Fwp%2Fv2%2Fmedia&parent=27756"}],"wp:term":[{"taxonomy":"category","embeddable":true,"href":"http:\/\/gazetevizyon.com\/index.php?rest_route=%2Fwp%2Fv2%2Fcategories&post=27756"},{"taxonomy":"post_tag","embeddable":true,"href":"http:\/\/gazetevizyon.com\/index.php?rest_route=%2Fwp%2Fv2%2Ftags&post=27756"}],"curies":[{"name":"wp","href":"https:\/\/api.w.org\/{rel}","templated":true}]}}