{"id":27804,"date":"2025-05-05T16:34:56","date_gmt":"2025-05-05T16:34:56","guid":{"rendered":"http:\/\/gazetevizyon.com\/?p=27804"},"modified":"2025-05-05T16:34:56","modified_gmt":"2025-05-05T16:34:56","slug":"balikesirdeki-ureticilerin-sorunlari-bakanlara-aktarildi","status":"publish","type":"post","link":"http:\/\/gazetevizyon.com\/?p=27804","title":{"rendered":"Bal\u0131kesir&#8217;deki \u00dcreticilerin Sorunlar\u0131 Bakanlara Aktar\u0131ld\u0131"},"content":{"rendered":"<p>\n<h2>Bal\u0131kesir&#8217;deki \u00c7ift\u00e7ilerin Talepleri Bakanlara Ta\u015f\u0131nd\u0131<\/h2>\n<\/p>\n<p><\/p>\n<p><p>Bal\u0131kesir&#8217;deki s\u00fct \u00fcreticileri ve \u00e7ift\u00e7ilerin ya\u015fad\u0131\u011f\u0131 sorunlar, milletvekili Serkan Sar\u0131 taraf\u0131ndan Tar\u0131m ve Orman Bakan\u0131 \u0130brahim Yumakl\u0131 ile Hazine ve Maliye Bakan\u0131 Mehmet \u015eim\u015fek&#8217;e y\u00f6nelik yaz\u0131l\u0131 soru \u00f6nergesiyle ilgili bakanlar\u0131n dikkatine sunuldu. Bu ad\u0131m, b\u00f6lgedeki tar\u0131msal \u00fcreticilerin kar\u015f\u0131la\u015ft\u0131\u011f\u0131 zorluklar\u0131n \u00e7\u00f6z\u00fcm\u00fcne y\u00f6nelik bir \u00e7aba olarak de\u011ferlendiriliyor.<\/p>\n<\/p>\n<p><\/p>\n<p><h3>S\u00fct \u00dcreticilerinin Kar\u015f\u0131la\u015ft\u0131\u011f\u0131 Zorluklar<\/h3>\n<\/p>\n<p><\/p>\n<p><p>Bal\u0131kesir&#8217;deki s\u00fct \u00fcreticileri, son d\u00f6nemde artan girdi maliyetleri, d\u00fc\u015f\u00fck s\u00fct fiyatlar\u0131 ve destekleme \u00f6demelerindeki gecikmeler gibi \u00e7e\u015fitli sorunlarla m\u00fccadele ediyor. \u00d6zellikle yem fiyatlar\u0131ndaki art\u0131\u015f, s\u00fct \u00fcreticilerinin \u00fcretim maliyetlerini \u00f6nemli \u00f6l\u00e7\u00fcde y\u00fckseltirken, d\u00fc\u015f\u00fck s\u00fct fiyatlar\u0131 da karl\u0131l\u0131klar\u0131n\u0131 olumsuz etkiliyor. <strong>Bu durum, baz\u0131 \u00fcreticilerin hayvanc\u0131l\u0131k faaliyetlerini s\u00fcrd\u00fcrmekte zorlanmas\u0131na neden oluyor.<\/strong><\/p>\n<\/p>\n<p><\/p>\n<p><h3>\u00c7ift\u00e7ilerin Y\u00fcz Y\u00fcze Kald\u0131\u011f\u0131 Problemler<\/h3>\n<\/p>\n<p><\/p>\n<p><p>Sadece s\u00fct \u00fcreticileri de\u011fil, Bal\u0131kesir&#8217;deki genel \u00e7ift\u00e7i kitlesi de benzer zorluklarla kar\u015f\u0131 kar\u015f\u0131ya. \u0130klim de\u011fi\u015fikli\u011finin etkileri, su kaynaklar\u0131n\u0131n azalmas\u0131, g\u00fcbre fiyatlar\u0131ndaki dalgalanmalar ve tar\u0131m sigortas\u0131 konusundaki belirsizlikler, \u00e7ift\u00e7ilerin \u00fcretimini ve gelirini olumsuz etkiliyor. <strong>\u00c7ift\u00e7ilerin modern tar\u0131m tekniklerine eri\u015fimindeki eksiklikler de verimlili\u011fi d\u00fc\u015f\u00fcren bir di\u011fer fakt\u00f6r olarak \u00f6ne \u00e7\u0131k\u0131yor.<\/strong><\/p>\n<\/p>\n<p><\/p>\n<p><h3>Soru \u00d6nergesinin \u0130\u00e7eri\u011fi ve Beklentiler<\/h3>\n<\/p>\n<p><\/p>\n<p><p>Milletvekili Serkan Sar\u0131 taraf\u0131ndan verilen soru \u00f6nergesi, s\u00fct \u00fcreticilerinin ve \u00e7ift\u00e7ilerin ya\u015fad\u0131\u011f\u0131 sorunlar\u0131n detayl\u0131 bir \u015fekilde aktar\u0131lmas\u0131n\u0131 ve bu sorunlara y\u00f6nelik \u00e7\u00f6z\u00fcm \u00f6nerilerinin bakanlar taraf\u0131ndan de\u011ferlendirilmesini ama\u00e7l\u0131yor. \u00d6nergede, girdi maliyetlerinin d\u00fc\u015f\u00fcr\u00fclmesi, s\u00fct fiyatlar\u0131n\u0131n desteklenmesi, destekleme \u00f6demelerinin zaman\u0131nda yap\u0131lmas\u0131 ve tar\u0131m sigortas\u0131n\u0131n yayg\u0131nla\u015ft\u0131r\u0131lmas\u0131 gibi talepler yer al\u0131yor. <strong>Bu t\u00fcr d\u00fczenlemelerin, b\u00f6lgedeki tar\u0131msal \u00fcretimin s\u00fcrd\u00fcr\u00fclebilirli\u011fi a\u00e7\u0131s\u0131ndan b\u00fcy\u00fck \u00f6nem ta\u015f\u0131d\u0131\u011f\u0131 belirtiliyor.<\/strong><\/p>\n<\/p>\n<p><\/p>\n<p><h3>Talepler Neler?<\/h3>\n<\/p>\n<p><\/p>\n<p><ul>  <\/p>\n<ul>\n<li>Girdi maliyetlerinin d\u00fc\u015f\u00fcr\u00fclmesi<\/li>\n<p>  <\/p>\n<li>S\u00fct fiyatlar\u0131n\u0131n desteklenmesi<\/li>\n<p>  <\/p>\n<li>Destekleme \u00f6demelerinin zaman\u0131nda yap\u0131lmas\u0131<\/li>\n<p>  <\/p>\n<li>Tar\u0131m sigortas\u0131n\u0131n yayg\u0131nla\u015ft\u0131r\u0131lmas\u0131<\/li>\n<p>  <\/p>\n<li>Modern tar\u0131m tekniklerine eri\u015fimin kolayla\u015ft\u0131r\u0131lmas\u0131<\/li>\n<\/ul>\n<p><\/ul>\n<\/p>\n<p><\/p>\n<p><h3>Gelecek Ad\u0131mlar<\/h3>\n<\/p>\n<p><\/p>\n<p><p>Milletvekili Serkan Sar\u0131, s\u00fct \u00fcreticilerinin ve \u00e7ift\u00e7ilerin sesi olmaya devam edece\u011fini belirterek, bakanlardan gelecek yan\u0131tlar\u0131 yak\u0131ndan takip edece\u011fini ve b\u00f6lgedeki \u00fcreticilerin sorunlar\u0131n\u0131n \u00e7\u00f6z\u00fcm\u00fc i\u00e7in gerekli t\u00fcm giri\u015fimleri g\u00f6sterece\u011fini ifade etti.<\/p><\/p>\n","protected":false},"excerpt":{"rendered":"<p>Bal\u0131kesir&#8217;deki \u00c7ift\u00e7ilerin Talepleri Bakanlara Ta\u015f\u0131nd\u0131 Bal\u0131kesir&#8217;deki s\u00fct \u00fcreticileri ve \u00e7ift\u00e7ilerin ya\u015fad\u0131\u011f\u0131 sorunlar, milletvekili Serkan Sar\u0131 taraf\u0131ndan Tar\u0131m ve Orman Bakan\u0131 \u0130brahim Yumakl\u0131 ile Hazine ve Maliye Bakan\u0131 Mehmet \u015eim\u015fek&#8217;e y\u00f6nelik yaz\u0131l\u0131 soru \u00f6nergesiyle ilgili bakanlar\u0131n dikkatine sunuldu. Bu ad\u0131m, b\u00f6lgedeki&#8230;<\/p>\n","protected":false},"author":1,"featured_media":27805,"comment_status":"closed","ping_status":"closed","sticky":false,"template":"","format":"standard","meta":{"footnotes":""},"categories":[23],"tags":[],"class_list":["post-27804","post","type-post","status-publish","format-standard","has-post-thumbnail","hentry","category-siyaset"],"_links":{"self":[{"href":"http:\/\/gazetevizyon.com\/index.php?rest_route=\/wp\/v2\/posts\/27804","targetHints":{"allow":["GET"]}}],"collection":[{"href":"http:\/\/gazetevizyon.com\/index.php?rest_route=\/wp\/v2\/posts"}],"about":[{"href":"http:\/\/gazetevizyon.com\/index.php?rest_route=\/wp\/v2\/types\/post"}],"author":[{"embeddable":true,"href":"http:\/\/gazetevizyon.com\/index.php?rest_route=\/wp\/v2\/users\/1"}],"replies":[{"embeddable":true,"href":"http:\/\/gazetevizyon.com\/index.php?rest_route=%2Fwp%2Fv2%2Fcomments&post=27804"}],"version-history":[{"count":1,"href":"http:\/\/gazetevizyon.com\/index.php?rest_route=\/wp\/v2\/posts\/27804\/revisions"}],"predecessor-version":[{"id":27819,"href":"http:\/\/gazetevizyon.com\/index.php?rest_route=\/wp\/v2\/posts\/27804\/revisions\/27819"}],"wp:featuredmedia":[{"embeddable":true,"href":"http:\/\/gazetevizyon.com\/index.php?rest_route=\/wp\/v2\/media\/27805"}],"wp:attachment":[{"href":"http:\/\/gazetevizyon.com\/index.php?rest_route=%2Fwp%2Fv2%2Fmedia&parent=27804"}],"wp:term":[{"taxonomy":"category","embeddable":true,"href":"http:\/\/gazetevizyon.com\/index.php?rest_route=%2Fwp%2Fv2%2Fcategories&post=27804"},{"taxonomy":"post_tag","embeddable":true,"href":"http:\/\/gazetevizyon.com\/index.php?rest_route=%2Fwp%2Fv2%2Ftags&post=27804"}],"curies":[{"name":"wp","href":"https:\/\/api.w.org\/{rel}","templated":true}]}}