{"id":27813,"date":"2025-05-05T19:36:49","date_gmt":"2025-05-05T19:36:49","guid":{"rendered":"http:\/\/gazetevizyon.com\/?p=27813"},"modified":"2025-05-05T19:36:49","modified_gmt":"2025-05-05T19:36:49","slug":"chp-balikesir-19-mayis-etkinliklerini-ve-izmir-mitingine-katilimi-planladi","status":"publish","type":"post","link":"http:\/\/gazetevizyon.com\/?p=27813","title":{"rendered":"CHP Bal\u0131kesir, 19 May\u0131s Etkinliklerini ve \u0130zmir Mitingine Kat\u0131l\u0131m\u0131 Planlad\u0131"},"content":{"rendered":"<p>\n<h2>CHP Bal\u0131kesir, Ola\u011fan Y\u00f6netim Kurulu Toplant\u0131s\u0131 Ger\u00e7ekle\u015ftirdi<\/h2>\n<\/p>\n<p><\/p>\n<p><p>CHP Bal\u0131kesir \u0130l Ba\u015fkanl\u0131\u011f\u0131, ola\u011fan il y\u00f6netim kurulu toplant\u0131s\u0131n\u0131 ger\u00e7ekle\u015ftirdi. Toplant\u0131da, yakla\u015fan 19 May\u0131s Atat\u00fcrk&#8217;\u00fc Anma, Gen\u00e7lik ve Spor Bayram\u0131 kapsam\u0131nda d\u00fczenlenecek etkinliklerin haz\u0131rl\u0131klar\u0131 ve \u0130zmir&#8217;de d\u00fczenlenecek &#8220;Millet \u0130radesine Sahip \u00c7\u0131k\u0131yor&#8221; mitingine kat\u0131l\u0131m\u0131n planlamas\u0131 ele al\u0131nd\u0131.<\/p>\n<\/p>\n<p><\/p>\n<p><h3>19 May\u0131s Etkinliklerinin Haz\u0131rl\u0131klar\u0131 Masaya Yat\u0131r\u0131ld\u0131<\/h3>\n<\/p>\n<p><\/p>\n<p><p>Bal\u0131kesir&#8217;de 19 May\u0131s Atat\u00fcrk&#8217;\u00fc Anma, Gen\u00e7lik ve Spor Bayram\u0131&#8217;n\u0131n co\u015fkuyla kutlanmas\u0131 i\u00e7in \u0130l Y\u00f6netim Kurulu, kapsaml\u0131 bir haz\u0131rl\u0131k s\u00fcreci ba\u015flatt\u0131. Toplant\u0131da, bayram etkinliklerinin program\u0131, g\u00f6rseller, g\u00fcvenlik \u00f6nlemleri ve kat\u0131l\u0131mc\u0131lar\u0131n ula\u015f\u0131m\u0131n\u0131n sa\u011flanmas\u0131 gibi detaylar g\u00f6r\u00fc\u015f\u00fcld\u00fc. <strong>\u00d6nemli olarak, etkinliklerin gen\u00e7lerin \u00f6n planda oldu\u011fu, yarat\u0131c\u0131 ve ilgi \u00e7ekici aktivitelere odaklanmas\u0131 kararla\u015ft\u0131r\u0131ld\u0131.<\/strong> Bu kapsamda, gen\u00e7lerin kat\u0131l\u0131m\u0131n\u0131 te\u015fvik edecek konserler, spor m\u00fcsabakalar\u0131 ve k\u00fclt\u00fcrel etkinlikler planlanmaktad\u0131r.<\/p>\n<\/p>\n<p><\/p>\n<p><h3>\u0130zmir Mitingine Yo\u011fun Kat\u0131l\u0131m Hedefi<\/h3>\n<\/p>\n<p><\/p>\n<p><p>CHP&#8217;nin \u0130zmir&#8217;de d\u00fczenleyece\u011fi &#8220;Millet \u0130radesine Sahip \u00c7\u0131k\u0131yor&#8221; mitingine Bal\u0131kesir&#8217;den kat\u0131l\u0131m\u0131n art\u0131r\u0131lmas\u0131 amac\u0131yla detayl\u0131 bir planlama yap\u0131ld\u0131. Toplant\u0131da, otob\u00fcs seferleri, ula\u015f\u0131m organizasyonlar\u0131 ve konaklama d\u00fczenlemeleri gibi konular ele al\u0131nd\u0131. <strong>CHP Bal\u0131kesir \u0130l Ba\u015fkanl\u0131\u011f\u0131, mitinge kat\u0131l\u0131m\u0131n y\u00fcksek olmas\u0131 i\u00e7in \u00e7e\u015fitli ileti\u015fim kampanyalar\u0131 ve bilgilendirme \u00e7al\u0131\u015fmalar\u0131 ba\u015flatacak.<\/strong><\/p>\n<\/p>\n<p><\/p>\n<p><h3>Cumhuriyetin Kazan\u0131mlar\u0131 ve Halk\u0131n \u0130radesi \u00d6ncelikli<\/h3>\n<\/p>\n<p><\/p>\n<p><p>CHP Bal\u0131kesir \u0130l Ba\u015fkanl\u0131\u011f\u0131, toplant\u0131da Cumhuriyetin kazan\u0131mlar\u0131na sahip \u00e7\u0131kma ve halk\u0131n iradesini koruma kararl\u0131l\u0131\u011f\u0131n\u0131 bir kez daha vurgulad\u0131. Bu do\u011frultuda, parti te\u015fkilatlar\u0131ndan halkla ili\u015fkileri g\u00fc\u00e7lendirmeleri ve vatanda\u015flar\u0131n sorunlar\u0131na \u00e7\u00f6z\u00fcm \u00fcretmeleri talep edildi. <strong>CHP, demokrasiye ve \u00f6zg\u00fcrl\u00fck\u00e7\u00fc de\u011ferlere olan ba\u011fl\u0131l\u0131\u011f\u0131n\u0131 s\u00fcrd\u00fcrerek, halk\u0131n iradesinin \u00fcst\u00fcnl\u00fc\u011f\u00fcn\u00fc savunmaya devam edecek.&lt;\/strong<\/p>\n<\/p>\n<p><\/p>\n<p><ul>  <\/p>\n<ul>\n<li>19 May\u0131s Atat\u00fcrk&#8217;\u00fc Anma, Gen\u00e7lik ve Spor Bayram\u0131 etkinlikleri kapsam\u0131nda gen\u00e7lere y\u00f6nelik programlar haz\u0131rlanacak.<\/li>\n<p>  <\/p>\n<li>\u0130zmir mitingine kat\u0131l\u0131m i\u00e7in otob\u00fcs seferleri ve ula\u015f\u0131m organizasyonlar\u0131 d\u00fczenlenecek.<\/li>\n<p>  <\/p>\n<li>Halkla ili\u015fkilerin g\u00fc\u00e7lendirilmesi ve vatanda\u015flar\u0131n sorunlar\u0131na \u00e7\u00f6z\u00fcm \u00fcretilmesi hedefleniyor.<\/li>\n<\/ul>\n<p><\/ul><\/p>\n","protected":false},"excerpt":{"rendered":"<p>CHP Bal\u0131kesir, Ola\u011fan Y\u00f6netim Kurulu Toplant\u0131s\u0131 Ger\u00e7ekle\u015ftirdi CHP Bal\u0131kesir \u0130l Ba\u015fkanl\u0131\u011f\u0131, ola\u011fan il y\u00f6netim kurulu toplant\u0131s\u0131n\u0131 ger\u00e7ekle\u015ftirdi. Toplant\u0131da, yakla\u015fan 19 May\u0131s Atat\u00fcrk&#8217;\u00fc Anma, Gen\u00e7lik ve Spor Bayram\u0131 kapsam\u0131nda d\u00fczenlenecek etkinliklerin haz\u0131rl\u0131klar\u0131 ve \u0130zmir&#8217;de d\u00fczenlenecek &#8220;Millet \u0130radesine Sahip \u00c7\u0131k\u0131yor&#8221; mitingine kat\u0131l\u0131m\u0131n&#8230;<\/p>\n","protected":false},"author":1,"featured_media":27814,"comment_status":"closed","ping_status":"closed","sticky":false,"template":"","format":"standard","meta":{"footnotes":""},"categories":[23],"tags":[],"class_list":["post-27813","post","type-post","status-publish","format-standard","has-post-thumbnail","hentry","category-siyaset"],"_links":{"self":[{"href":"http:\/\/gazetevizyon.com\/index.php?rest_route=\/wp\/v2\/posts\/27813","targetHints":{"allow":["GET"]}}],"collection":[{"href":"http:\/\/gazetevizyon.com\/index.php?rest_route=\/wp\/v2\/posts"}],"about":[{"href":"http:\/\/gazetevizyon.com\/index.php?rest_route=\/wp\/v2\/types\/post"}],"author":[{"embeddable":true,"href":"http:\/\/gazetevizyon.com\/index.php?rest_route=\/wp\/v2\/users\/1"}],"replies":[{"embeddable":true,"href":"http:\/\/gazetevizyon.com\/index.php?rest_route=%2Fwp%2Fv2%2Fcomments&post=27813"}],"version-history":[{"count":1,"href":"http:\/\/gazetevizyon.com\/index.php?rest_route=\/wp\/v2\/posts\/27813\/revisions"}],"predecessor-version":[{"id":27836,"href":"http:\/\/gazetevizyon.com\/index.php?rest_route=\/wp\/v2\/posts\/27813\/revisions\/27836"}],"wp:featuredmedia":[{"embeddable":true,"href":"http:\/\/gazetevizyon.com\/index.php?rest_route=\/wp\/v2\/media\/27814"}],"wp:attachment":[{"href":"http:\/\/gazetevizyon.com\/index.php?rest_route=%2Fwp%2Fv2%2Fmedia&parent=27813"}],"wp:term":[{"taxonomy":"category","embeddable":true,"href":"http:\/\/gazetevizyon.com\/index.php?rest_route=%2Fwp%2Fv2%2Fcategories&post=27813"},{"taxonomy":"post_tag","embeddable":true,"href":"http:\/\/gazetevizyon.com\/index.php?rest_route=%2Fwp%2Fv2%2Ftags&post=27813"}],"curies":[{"name":"wp","href":"https:\/\/api.w.org\/{rel}","templated":true}]}}