{"id":27980,"date":"2025-05-08T16:10:22","date_gmt":"2025-05-08T16:10:22","guid":{"rendered":"http:\/\/gazetevizyon.com\/?p=27980"},"modified":"2025-05-08T16:10:22","modified_gmt":"2025-05-08T16:10:22","slug":"gonen-belediye-baskani-palaz-esnafin-sorunlarini-dinledi","status":"publish","type":"post","link":"http:\/\/gazetevizyon.com\/?p=27980","title":{"rendered":"G\u00f6nen Belediye Ba\u015fkan\u0131 Palaz, Esnaf\u0131n Sorunlar\u0131n\u0131 Dinledi"},"content":{"rendered":"<p>\n<p><strong>G\u00f6nen<\/strong> Belediye Ba\u015fkan\u0131 \u0130brahim Palaz, il\u00e7enin park b\u00f6lgesinde faaliyet g\u00f6steren esnaflarla bir araya gelerek, ya\u015fad\u0131klar\u0131 sorunlar\u0131 ve beklentileri dinledi. \u00d6mer Seyfettin K\u00fclt\u00fcr Merkezi&#8217;nde d\u00fczenlenen toplant\u0131, belediye<\/p>\n<ul>\n<li>esnaf i\u015fbirli\u011fini g\u00fc\u00e7lendirmeyi ama\u00e7lad\u0131.<\/p>\n<\/li>\n<p><\/p>\n<p><h2>Belediye \u00c7al\u0131\u015fmalar\u0131 Hakk\u0131nda Bilgilendirme<\/h2>\n<\/p>\n<p><\/p>\n<p><p>Toplant\u0131da, Belediye Ba\u015fkan\u0131 \u0130brahim Palaz, son d\u00f6nemde ger\u00e7ekle\u015ftirilen belediye \u00e7al\u0131\u015fmalar\u0131n\u0131 esnafa aktard\u0131. \u00d6zellikle il\u00e7e merkezindeki altyap\u0131 iyile\u015ftirmeleri, park d\u00fczenlemeleri ve \u00e7evre d\u00fczenlemesi gibi projeler hakk\u0131nda bilgi verildi. Palaz, belediyenin mevcut kaynaklar\u0131 ve b\u00fct\u00e7esi dahilinde, esnaf\u0131n ihtiya\u00e7lar\u0131n\u0131 kar\u015f\u0131lamak i\u00e7in ellerinden geleni yapt\u0131klar\u0131n\u0131 belirtti. \u00d6rne\u011fin, il\u00e7e merkezindeki cadde ve sokaklar\u0131n ayd\u0131nlat\u0131lmas\u0131 projesi, esnaf\u0131n g\u00fcvenli\u011fini art\u0131rmay\u0131 ve i\u015flerini kolayla\u015ft\u0131rmay\u0131 hedefliyor.<\/p>\n<\/p>\n<p><\/p>\n<p><h3>Esnaflar\u0131n Kar\u015f\u0131la\u015ft\u0131\u011f\u0131 Sorunlar<\/h3>\n<\/p>\n<p><\/p>\n<p><p>Toplant\u0131da, esnaflar\u0131n kar\u015f\u0131la\u015ft\u0131\u011f\u0131 \u00e7e\u015fitli sorunlar dile getirildi. Bunlar aras\u0131nda:<\/p>\n<p><\/p>\n<ul>  <\/p>\n<li>Park yeri eksikli\u011fi ve otopark sorunlar\u0131<\/li>\n<p>  <\/p>\n<li>\u0130\u015f yerlerinin \u00f6n\u00fcndeki yaya trafi\u011finin yo\u011funlu\u011fu<\/li>\n<p>  <\/p>\n<li>Sezonluk dalgalanmalar nedeniyle gelirlerde ya\u015fanan d\u00fc\u015f\u00fc\u015fler<\/li>\n<p>  <\/p>\n<li>Rekabet ko\u015fullar\u0131n\u0131n zorlu\u011fu<\/li>\n<\/ul>\n<p><\/ul>\n<p><\/p>\n<p>Ba\u015fkan Palaz, esnaflar\u0131n sorunlar\u0131n\u0131 dikkatle dinledi ve \u00e7\u00f6z\u00fcm \u00f6nerileri konusunda beyin f\u0131rt\u0131nas\u0131 yapt\u0131. \u00d6zellikle otopark sorununa \u00e7\u00f6z\u00fcm bulmak i\u00e7in yeni projeler \u00fczerinde \u00e7al\u0131\u015f\u0131ld\u0131\u011f\u0131n\u0131 ve mevcut park alanlar\u0131n\u0131n daha verimli kullan\u0131lmas\u0131n\u0131n ama\u00e7land\u0131\u011f\u0131n\u0131 ifade etti.<\/p>\n<\/p>\n<p><\/p>\n<p><h3>\u00c7\u00f6z\u00fcm Yollar\u0131 ve \u0130\u015fbirli\u011fi<\/h3>\n<\/p>\n<p><\/p>\n<p><p>Toplant\u0131da, belediye ve esnaf aras\u0131nda s\u00fcrekli bir ileti\u015fim halinde olunmas\u0131 gerekti\u011fi vurguland\u0131. Ba\u015fkan Palaz, esnaflar\u0131n g\u00f6r\u00fc\u015f ve \u00f6nerilerinin belediye \u00e7al\u0131\u015fmalar\u0131na dahil edilece\u011fini ve bu t\u00fcr toplant\u0131lar\u0131n d\u00fczenli olarak tekrarlanaca\u011f\u0131n\u0131 belirtti. <strong>Belediye, esnaflar\u0131n sorunlar\u0131n\u0131 \u00e7\u00f6zmek i\u00e7in gerekli ad\u0131mlar\u0131 atmaya kararl\u0131 oldu\u011funu g\u00f6sterdi.<\/strong><\/p>\n<\/p>\n<p><\/p>\n<p><p>Toplant\u0131 sonunda, Ba\u015fkan Palaz, esnafa destek vermeye devam edeceklerini ve i\u015fbirli\u011finin g\u00fc\u00e7lendirilmesi i\u00e7in ellerinden geleni yapacaklar\u0131n\u0131 bir kez daha vurgulad\u0131. <strong>Esnaf\u0131n beklentilerinin kar\u015f\u0131lanmas\u0131 i\u00e7in belediye olarak \u00fczerlerine d\u00fc\u015feni yapacaklar\u0131n\u0131 s\u00f6z\u00fcne ba\u011fl\u0131d\u0131rlar.<\/strong><\/p><\/p>\n","protected":false},"excerpt":{"rendered":"<p>G\u00f6nen Belediye Ba\u015fkan\u0131 \u0130brahim Palaz, il\u00e7enin park b\u00f6lgesinde faaliyet g\u00f6steren esnaflarla bir araya gelerek, ya\u015fad\u0131klar\u0131 sorunlar\u0131 ve beklentileri dinledi. \u00d6mer Seyfettin K\u00fclt\u00fcr Merkezi&#8217;nde d\u00fczenlenen toplant\u0131, belediye esnaf i\u015fbirli\u011fini g\u00fc\u00e7lendirmeyi ama\u00e7lad\u0131. Belediye \u00c7al\u0131\u015fmalar\u0131 Hakk\u0131nda Bilgilendirme Toplant\u0131da, Belediye Ba\u015fkan\u0131 \u0130brahim Palaz, son&#8230;<\/p>\n","protected":false},"author":1,"featured_media":27981,"comment_status":"closed","ping_status":"closed","sticky":false,"template":"","format":"standard","meta":{"footnotes":""},"categories":[36],"tags":[],"class_list":["post-27980","post","type-post","status-publish","format-standard","has-post-thumbnail","hentry","category-manset"],"_links":{"self":[{"href":"http:\/\/gazetevizyon.com\/index.php?rest_route=\/wp\/v2\/posts\/27980","targetHints":{"allow":["GET"]}}],"collection":[{"href":"http:\/\/gazetevizyon.com\/index.php?rest_route=\/wp\/v2\/posts"}],"about":[{"href":"http:\/\/gazetevizyon.com\/index.php?rest_route=\/wp\/v2\/types\/post"}],"author":[{"embeddable":true,"href":"http:\/\/gazetevizyon.com\/index.php?rest_route=\/wp\/v2\/users\/1"}],"replies":[{"embeddable":true,"href":"http:\/\/gazetevizyon.com\/index.php?rest_route=%2Fwp%2Fv2%2Fcomments&post=27980"}],"version-history":[{"count":1,"href":"http:\/\/gazetevizyon.com\/index.php?rest_route=\/wp\/v2\/posts\/27980\/revisions"}],"predecessor-version":[{"id":27992,"href":"http:\/\/gazetevizyon.com\/index.php?rest_route=\/wp\/v2\/posts\/27980\/revisions\/27992"}],"wp:featuredmedia":[{"embeddable":true,"href":"http:\/\/gazetevizyon.com\/index.php?rest_route=\/wp\/v2\/media\/27981"}],"wp:attachment":[{"href":"http:\/\/gazetevizyon.com\/index.php?rest_route=%2Fwp%2Fv2%2Fmedia&parent=27980"}],"wp:term":[{"taxonomy":"category","embeddable":true,"href":"http:\/\/gazetevizyon.com\/index.php?rest_route=%2Fwp%2Fv2%2Fcategories&post=27980"},{"taxonomy":"post_tag","embeddable":true,"href":"http:\/\/gazetevizyon.com\/index.php?rest_route=%2Fwp%2Fv2%2Ftags&post=27980"}],"curies":[{"name":"wp","href":"https:\/\/api.w.org\/{rel}","templated":true}]}}