{"id":28347,"date":"2025-05-13T19:45:11","date_gmt":"2025-05-13T19:45:11","guid":{"rendered":"http:\/\/gazetevizyon.com\/?p=28347"},"modified":"2025-05-13T19:45:11","modified_gmt":"2025-05-13T19:45:11","slug":"ak-partide-istisare-ziyareti-yeni-gorevlendirmeler-ve-gelecek-planlari-hakkinda-gorusmeler","status":"publish","type":"post","link":"http:\/\/gazetevizyon.com\/?p=28347","title":{"rendered":"AK Parti&#8217;de \u0130sti\u015fare Ziyareti: Yeni G\u00f6revlendirmeler ve Gelecek Planlar\u0131 Hakk\u0131nda G\u00f6r\u00fc\u015fmeler"},"content":{"rendered":"<p>\n<p>AK Parti Genel Merkezi&#8217;nde, Mustafa Canbey, d\u00fcn \u00f6nemli bir dizi ziyaret ger\u00e7ekle\u015ftirerek, partinin \u00f6nde gelen y\u00f6neticileriyle isti\u015farelerde bulundu. Bu ziyaretler, yerel y\u00f6netimler, mali ve idari i\u015fler, ekonomi i\u015fleri ve merkez disiplin kurulu gibi kritik alanlardaki son geli\u015fmelerin de\u011ferlendirilmesi ve gelecek planlar\u0131n\u0131n g\u00f6r\u00fc\u015f\u00fclmesi amac\u0131yla yap\u0131ld\u0131.<\/p>\n<\/p>\n<p><\/p>\n<p><h2>Yerel Y\u00f6netimler, Mali \u0130\u015fler ve Ekonomi Alan\u0131ndaki G\u00f6r\u00fc\u015fmeler<\/h2>\n<\/p>\n<p><\/p>\n<p><p>Ziyaret kapsam\u0131nda, AK Parti Yerel Y\u00f6netimler Ba\u015fkan\u0131 Mustafa Demir ile yerel y\u00f6netimlerin mevcut durumu ve gelecekteki projeler hakk\u0131nda g\u00f6r\u00fc\u015fmeler yap\u0131ld\u0131. \u00d6zellikle, 2024 yerel se\u00e7imleri \u00f6ncesinde y\u00fcr\u00fct\u00fclen \u00e7al\u0131\u015fmalar\u0131n de\u011ferlendirilmesi ve saha geri bildirimlerinin tart\u0131\u015f\u0131lmas\u0131, g\u00f6r\u00fc\u015fmenin \u00f6nemli bir b\u00f6l\u00fcm\u00fcn\u00fc olu\u015fturdu. Ayr\u0131ca, mali ve idari i\u015fler sorumlusu Ahmet Baha \u00d6\u011f\u00fctken ile partinin mali kaynaklar\u0131n\u0131n etkin kullan\u0131m\u0131 ve b\u00fct\u00e7e planlamas\u0131 konular\u0131 ele al\u0131nd\u0131. Ekonomik \u0130\u015fler Ba\u015fkan\u0131 Nihat Zeybekci ile ise T\u00fcrkiye ekonomisinin mevcut durumu, enflasyonla m\u00fccadele stratejileri ve ekonomik b\u00fcy\u00fcme hedefleri \u00fczerine kapsaml\u0131 bir isti\u015fare ger\u00e7ekle\u015ftirildi.<\/p>\n<\/p>\n<p><\/p>\n<p><p><strong>\u00d6nemli Not:<\/strong> Bu g\u00f6r\u00fc\u015fmeler, AK Parti&#8217;nin yerel ve ulusal d\u00fczeydeki ekonomik ve siyasi hedeflerine ula\u015fma \u00e7abalar\u0131n\u0131n bir par\u00e7as\u0131 olarak de\u011ferlendiriliyor. <\/p>\n<\/p>\n<p><\/p>\n<p><h2>Merkez Disiplin Kurulu Ba\u015fkan\u0131 ile G\u00f6r\u00fc\u015fme<\/h2>\n<\/p>\n<p><\/p>\n<p><p>Ziyaretin bir di\u011fer \u00f6nemli ad\u0131m\u0131, Merkez Disiplin Kurulu Ba\u015fkan\u0131 Mehmet Sar\u0131 ile yap\u0131lan g\u00f6r\u00fc\u015fmeydi. Bu g\u00f6r\u00fc\u015fmede, parti i\u00e7indeki disiplin s\u00fcre\u00e7leri, kurallar ve uyumun sa\u011flanmas\u0131 konular\u0131 ele al\u0131nd\u0131. Sar\u0131, parti te\u015fkilatlar\u0131n\u0131n uyum i\u00e7inde \u00e7al\u0131\u015fmas\u0131n\u0131n \u00f6nemini vurgulayarak, disiplin s\u00fcre\u00e7lerinin adil ve \u015feffaf bir \u015fekilde y\u00fcr\u00fct\u00fclmesinin gereklili\u011fini belirtti.<\/p>\n<\/p>\n<p><\/p>\n<p><h2>Ziyaretin Amac\u0131 ve Sonu\u00e7lar\u0131<\/h2>\n<\/p>\n<p><\/p>\n<p><p>Mustafa Canbey&#8217;in AK Parti Genel Merkezi&#8217;ndeki ziyaretinin temel amac\u0131, parti y\u00f6netiminin farkl\u0131 alanlardaki \u00e7al\u0131\u015fmalar\u0131 hakk\u0131nda bilgi almak ve gelecek planlar\u0131 hakk\u0131nda fikir al\u0131\u015fveri\u015finde bulunmakt\u0131. Ziyaretin ard\u0131ndan yap\u0131lan a\u00e7\u0131klamada, g\u00f6r\u00fc\u015fmelerin olumlu ge\u00e7ti\u011fi ve parti y\u00f6netiminin, yerel y\u00f6netimlerin, mali i\u015flerin, ekonominin ve disiplin konular\u0131n\u0131n \u00f6nemini vurgulad\u0131\u011f\u0131 bildirildi. <strong>Bu ziyaret, AK Parti&#8217;nin gelece\u011fe y\u00f6nelik stratejilerinin belirlenmesinde \u00f6nemli bir rol oynamas\u0131 bekleniyor.<\/strong><\/p>\n<\/p>\n<p><\/p>\n<p><p>Ziyaretin sonunda, Mustafa Canbey, misafirperverlikleri i\u00e7in ba\u015fkanlara te\u015fekk\u00fcr ederek, g\u00f6revlerinde ba\u015far\u0131 ve kolayl\u0131klar diledi.<\/p>\n<\/p>\n<p><\/p>\n<p><ul><\/p>\n<ul>\n<li>Yerel Y\u00f6netimler Ba\u015fkan\u0131 Mustafa Demir ile yerel se\u00e7im \u00e7al\u0131\u015fmalar\u0131 de\u011ferlendirildi.<\/li>\n<p><\/p>\n<li>Mali \u0130\u015fler Ba\u015fkan\u0131 Ahmet Baha \u00d6\u011f\u00fctken ile b\u00fct\u00e7e planlamas\u0131 g\u00f6r\u00fc\u015f\u00fcld\u00fc.<\/li>\n<p><\/p>\n<li>Ekonomi \u0130\u015fleri Ba\u015fkan\u0131 Nihat Zeybekci ile ekonomik b\u00fcy\u00fcme hedefleri tart\u0131\u015f\u0131ld\u0131.<\/li>\n<p><\/p>\n<li>Merkez Disiplin Kurulu Ba\u015fkan\u0131 Mehmet Sar\u0131 ile disiplin s\u00fcre\u00e7leri ele al\u0131nd\u0131.<\/li>\n<\/ul>\n<p><\/ul><\/p>\n","protected":false},"excerpt":{"rendered":"<p>AK Parti Genel Merkezi&#8217;nde, Mustafa Canbey, d\u00fcn \u00f6nemli bir dizi ziyaret ger\u00e7ekle\u015ftirerek, partinin \u00f6nde gelen y\u00f6neticileriyle isti\u015farelerde bulundu. Bu ziyaretler, yerel y\u00f6netimler, mali ve idari i\u015fler, ekonomi i\u015fleri ve merkez disiplin kurulu gibi kritik alanlardaki son geli\u015fmelerin de\u011ferlendirilmesi ve gelecek&#8230;<\/p>\n","protected":false},"author":1,"featured_media":28348,"comment_status":"closed","ping_status":"closed","sticky":false,"template":"","format":"standard","meta":{"footnotes":""},"categories":[23],"tags":[],"class_list":["post-28347","post","type-post","status-publish","format-standard","has-post-thumbnail","hentry","category-siyaset"],"_links":{"self":[{"href":"http:\/\/gazetevizyon.com\/index.php?rest_route=\/wp\/v2\/posts\/28347","targetHints":{"allow":["GET"]}}],"collection":[{"href":"http:\/\/gazetevizyon.com\/index.php?rest_route=\/wp\/v2\/posts"}],"about":[{"href":"http:\/\/gazetevizyon.com\/index.php?rest_route=\/wp\/v2\/types\/post"}],"author":[{"embeddable":true,"href":"http:\/\/gazetevizyon.com\/index.php?rest_route=\/wp\/v2\/users\/1"}],"replies":[{"embeddable":true,"href":"http:\/\/gazetevizyon.com\/index.php?rest_route=%2Fwp%2Fv2%2Fcomments&post=28347"}],"version-history":[{"count":1,"href":"http:\/\/gazetevizyon.com\/index.php?rest_route=\/wp\/v2\/posts\/28347\/revisions"}],"predecessor-version":[{"id":28361,"href":"http:\/\/gazetevizyon.com\/index.php?rest_route=\/wp\/v2\/posts\/28347\/revisions\/28361"}],"wp:featuredmedia":[{"embeddable":true,"href":"http:\/\/gazetevizyon.com\/index.php?rest_route=\/wp\/v2\/media\/28348"}],"wp:attachment":[{"href":"http:\/\/gazetevizyon.com\/index.php?rest_route=%2Fwp%2Fv2%2Fmedia&parent=28347"}],"wp:term":[{"taxonomy":"category","embeddable":true,"href":"http:\/\/gazetevizyon.com\/index.php?rest_route=%2Fwp%2Fv2%2Fcategories&post=28347"},{"taxonomy":"post_tag","embeddable":true,"href":"http:\/\/gazetevizyon.com\/index.php?rest_route=%2Fwp%2Fv2%2Ftags&post=28347"}],"curies":[{"name":"wp","href":"https:\/\/api.w.org\/{rel}","templated":true}]}}