{"id":28379,"date":"2025-05-14T10:47:36","date_gmt":"2025-05-14T10:47:36","guid":{"rendered":"http:\/\/gazetevizyon.com\/?p=28379"},"modified":"2025-05-14T10:47:36","modified_gmt":"2025-05-14T10:47:36","slug":"chp-dunya-ciftciler-gununu-kutladi-topragin-emegi-degerlidir","status":"publish","type":"post","link":"http:\/\/gazetevizyon.com\/?p=28379","title":{"rendered":"CHP, D\u00fcnya \u00c7ift\u00e7iler G\u00fcn\u00fc&#8217;n\u00fc Kutlad\u0131: &#8220;Topra\u011f\u0131n Eme\u011fi De\u011ferlidir&#8221;"},"content":{"rendered":"<p>\n<h2>CHP&#8217;den \u00c7ift\u00e7iler G\u00fcn\u00fc Kutlamas\u0131<\/h2>\n<\/p>\n<p><\/p>\n<p><p>Cumhuriyet Halk Partisi (CHP), aln\u0131n\u0131n teriyle topra\u011f\u0131 i\u015fleyen ve sofralar\u0131 bereketli hale getiren \u00e7ift\u00e7ilerin <strong>D\u00fcnya \u00c7ift\u00e7iler G\u00fcn\u00fc<\/strong>&#8216;n\u00fc kutlad\u0131. Partinin mesaj\u0131nda, \u00e7ift\u00e7ilerin azmi ve \u00fcretkenli\u011fi vurgulanarak, tar\u0131m sekt\u00f6r\u00fcn\u00fcn \u00fclke ekonomisi ve g\u0131da g\u00fcvenli\u011fi a\u00e7\u0131s\u0131ndan ta\u015f\u0131d\u0131\u011f\u0131 \u00f6neme dikkat \u00e7ekildi.<\/p>\n<\/p>\n<p><\/p>\n<p><h3>\u00c7ift\u00e7ili\u011fin \u00d6nemi Vurguland\u0131<\/h3>\n<\/p>\n<p><\/p>\n<p><p>CHP, tar\u0131m\u0131n T\u00fcrkiye i\u00e7in stratejik bir sekt\u00f6r oldu\u011funu belirtti. \u00d6zellikle son y\u0131llarda ya\u015fanan iklim de\u011fi\u015fikli\u011fi ve k\u00fcresel salg\u0131nlar nedeniyle g\u0131da g\u00fcvenli\u011finin \u00f6neminin daha da artt\u0131\u011f\u0131na de\u011finildi. Bu ba\u011flamda, <strong>\u00e7ift\u00e7ilerin \u00fcretti\u011fi g\u0131dan\u0131n de\u011ferinin yeterince anla\u015f\u0131lmas\u0131 ve desteklenmesi<\/strong> gerekti\u011fi vurguland\u0131.<\/p>\n<\/p>\n<p><\/p>\n<p><h3>\u00c7ift\u00e7ilerin Kar\u015f\u0131la\u015ft\u0131\u011f\u0131 Zorluklara Dikkat \u00c7ekildi<\/h3>\n<\/p>\n<p><\/p>\n<p><p>Parti a\u00e7\u0131klamas\u0131nda, \u00e7ift\u00e7ilerin kar\u015f\u0131la\u015ft\u0131\u011f\u0131 zorluklara da de\u011finildi. Girdi maliyetlerindeki art\u0131\u015f, su kaynaklar\u0131n\u0131n yetersizli\u011fi, hasat sonras\u0131 kay\u0131plar ve pazarlama sorunlar\u0131 gibi konular\u0131n \u00e7\u00f6z\u00fcme kavu\u015fturulmas\u0131 gerekti\u011fi belirtildi. <strong>\u00d6rne\u011fin, son d\u00f6nemde ya\u015fanan g\u00fcbre fiyatlar\u0131ndaki fahi\u015f art\u0131\u015f, bir\u00e7ok \u00e7ift\u00e7inin \u00fcretimini olumsuz etkiledi.<\/strong><\/p>\n<\/p>\n<p><\/p>\n<p><h3>CHP&#8217;nin \u00c7ift\u00e7ilere Y\u00f6nelik Politikalar\u0131<\/h3>\n<\/p>\n<p><\/p>\n<p><p>CHP, \u00e7ift\u00e7ilere y\u00f6nelik desteklerin art\u0131r\u0131lmas\u0131, tar\u0131m sigortalar\u0131n\u0131n yayg\u0131nla\u015ft\u0131r\u0131lmas\u0131 ve k\u0131rsal kalk\u0131nman\u0131n desteklenmesi gibi konularda \u00e7e\u015fitli politikalar izlemeyi hedefledi\u011fini a\u00e7\u0131klad\u0131. <strong>Bu kapsamda, tar\u0131msal \u00fcretimde verimlili\u011fi art\u0131rmak i\u00e7in modern teknolojilerin kullan\u0131m\u0131n\u0131n te\u015fvik edilmesi ve gen\u00e7 \u00e7ift\u00e7ilerin tar\u0131m sekt\u00f6r\u00fcne kazand\u0131r\u0131lmas\u0131 \u00f6nemli ad\u0131mlar olarak g\u00f6r\u00fcl\u00fcyor.<\/strong><\/p>\n<\/p>\n<p><\/p>\n<p><h3>T\u00fcm \u00c7ift\u00e7ilere Kutlama Mesaj\u0131<\/h3>\n<\/p>\n<p><\/p>\n<p><p>CHP, mesaj\u0131nda t\u00fcm \u00e7ift\u00e7ilere sa\u011fl\u0131kl\u0131 ve bereketli g\u00fcnler dileyerek, <strong>topra\u011f\u0131n ve eme\u011fin de\u011ferinin her zaman hat\u0131rlanmas\u0131 gerekti\u011fini vurgulad\u0131.<\/strong> &#8220;Topra\u011f\u0131n bereketine bereket katan, sofralar\u0131m\u0131zda her bir lokmada eme\u011fi olan t\u00fcm \u00e7ift\u00e7ilerimizin D\u00fcnya \u00c7ift\u00e7iler G\u00fcn\u00fc&#8217;n\u00fc kutluyoruz,&#8221; denildi.<\/p>\n<\/p>\n<p><\/p>\n<p><ul>  <\/p>\n<ul>\n<li><strong>Girdi maliyetlerinin d\u00fc\u015f\u00fcr\u00fclmesi<\/strong><\/li>\n<p>  <\/p>\n<li><strong>Su kaynaklar\u0131n\u0131n etkin kullan\u0131m\u0131<\/strong><\/li>\n<p>  <\/p>\n<li><strong>Hasat sonras\u0131 kay\u0131plar\u0131n azalt\u0131lmas\u0131<\/strong><\/li>\n<p>  <\/p>\n<li><strong>K\u0131rsal kalk\u0131nman\u0131n desteklenmesi<\/strong><\/li>\n<\/ul>\n<p><\/ul><\/p>\n","protected":false},"excerpt":{"rendered":"<p>CHP&#8217;den \u00c7ift\u00e7iler G\u00fcn\u00fc Kutlamas\u0131 Cumhuriyet Halk Partisi (CHP), aln\u0131n\u0131n teriyle topra\u011f\u0131 i\u015fleyen ve sofralar\u0131 bereketli hale getiren \u00e7ift\u00e7ilerin D\u00fcnya \u00c7ift\u00e7iler G\u00fcn\u00fc&#8216;n\u00fc kutlad\u0131. Partinin mesaj\u0131nda, \u00e7ift\u00e7ilerin azmi ve \u00fcretkenli\u011fi vurgulanarak, tar\u0131m sekt\u00f6r\u00fcn\u00fcn \u00fclke ekonomisi ve g\u0131da g\u00fcvenli\u011fi a\u00e7\u0131s\u0131ndan ta\u015f\u0131d\u0131\u011f\u0131 \u00f6neme dikkat&#8230;<\/p>\n","protected":false},"author":1,"featured_media":28380,"comment_status":"closed","ping_status":"closed","sticky":false,"template":"","format":"standard","meta":{"footnotes":""},"categories":[23],"tags":[],"class_list":["post-28379","post","type-post","status-publish","format-standard","has-post-thumbnail","hentry","category-siyaset"],"_links":{"self":[{"href":"http:\/\/gazetevizyon.com\/index.php?rest_route=\/wp\/v2\/posts\/28379","targetHints":{"allow":["GET"]}}],"collection":[{"href":"http:\/\/gazetevizyon.com\/index.php?rest_route=\/wp\/v2\/posts"}],"about":[{"href":"http:\/\/gazetevizyon.com\/index.php?rest_route=\/wp\/v2\/types\/post"}],"author":[{"embeddable":true,"href":"http:\/\/gazetevizyon.com\/index.php?rest_route=\/wp\/v2\/users\/1"}],"replies":[{"embeddable":true,"href":"http:\/\/gazetevizyon.com\/index.php?rest_route=%2Fwp%2Fv2%2Fcomments&post=28379"}],"version-history":[{"count":1,"href":"http:\/\/gazetevizyon.com\/index.php?rest_route=\/wp\/v2\/posts\/28379\/revisions"}],"predecessor-version":[{"id":28388,"href":"http:\/\/gazetevizyon.com\/index.php?rest_route=\/wp\/v2\/posts\/28379\/revisions\/28388"}],"wp:featuredmedia":[{"embeddable":true,"href":"http:\/\/gazetevizyon.com\/index.php?rest_route=\/wp\/v2\/media\/28380"}],"wp:attachment":[{"href":"http:\/\/gazetevizyon.com\/index.php?rest_route=%2Fwp%2Fv2%2Fmedia&parent=28379"}],"wp:term":[{"taxonomy":"category","embeddable":true,"href":"http:\/\/gazetevizyon.com\/index.php?rest_route=%2Fwp%2Fv2%2Fcategories&post=28379"},{"taxonomy":"post_tag","embeddable":true,"href":"http:\/\/gazetevizyon.com\/index.php?rest_route=%2Fwp%2Fv2%2Ftags&post=28379"}],"curies":[{"name":"wp","href":"https:\/\/api.w.org\/{rel}","templated":true}]}}