{"id":28383,"date":"2025-05-14T12:57:50","date_gmt":"2025-05-14T12:57:50","guid":{"rendered":"http:\/\/gazetevizyon.com\/?p=28383"},"modified":"2025-05-14T12:57:50","modified_gmt":"2025-05-14T12:57:50","slug":"balikesir-buyuksehir-belediyesinden-cini-desenli-mandala-workshopu","status":"publish","type":"post","link":"http:\/\/gazetevizyon.com\/?p=28383","title":{"rendered":"Bal\u0131kesir B\u00fcy\u00fck\u015fehir Belediyesi&#8217;nden \u00c7ini Desenli Mandala Workshopu"},"content":{"rendered":"<p>\n<h2>Geleneksel Sanata Modern Dokunu\u015f: \u00c7ini Desenli Mandala Workshopu<\/h2>\n<\/p>\n<p><\/p>\n<p>Bal\u0131kesir B\u00fcy\u00fck\u015fehir Belediyesi, vatanda\u015flar\u0131na y\u00f6nelik k\u00fclt\u00fcrel ve sanatsal etkinliklere bir yenisini daha ekledi. Bu kapsamda, geleneksel \u00e7ini sanat\u0131n\u0131 modern bir yorumla bir araya getiren \u00c7ini Desenli Mandala workshopu d\u00fczenlenecek. Etkinlik, hem yeti\u015fkinlere hem de sanata ilgi duyan herkese a\u00e7\u0131k.<\/p>\n<p><\/p>\n<p><h3>Workshop Hakk\u0131nda Bilgiler<\/h3>\n<\/p>\n<p><\/p>\n<p>\u00c7ini desenli mandala workshopu, kat\u0131l\u0131mc\u0131lara geleneksel \u00e7ini sanat\u0131n\u0131n temellerini \u00f6\u011fretecek ve bu teknikleri kullanarak kendi \u00f6zg\u00fcn tasar\u0131mlar\u0131n\u0131 olu\u015fturmalar\u0131n\u0131 sa\u011flayacak. Mandala sanat\u0131, y\u00fczy\u0131llard\u0131r farkl\u0131 k\u00fclt\u00fcrlerde ruhsal ve sanatsal bir ifade bi\u00e7imi olarak kullan\u0131lm\u0131\u015ft\u0131r. Bu workshop, kat\u0131l\u0131mc\u0131lar\u0131n yarat\u0131c\u0131l\u0131klar\u0131n\u0131 ke\u015ffetmelerine ve streslerini azaltmalar\u0131na yard\u0131mc\u0131 olmay\u0131 ama\u00e7l\u0131yor.<\/p>\n<p><\/p>\n<p>*   <strong>Tarihler:<\/strong> 17<\/p>\n<ul>\n<li>18 May\u0131s<\/li>\n<p>*   <strong>Yer:<\/strong> \u00c7aml\u0131k BALMEK Kurs Merkezi Uygulama At\u00f6lyesi<br \/>*   <strong>Gruplar ve Saatler:<\/strong><br \/>    *   1. Grup: 11:00 <\/p>\n<li>13:00<\/li>\n<p>    *   2. Grup: 14:00 <\/p>\n<li>16:00<\/li>\n<\/ul>\n<p>*   <strong>Telefon:<\/strong> 0 266 241 58 41<br \/>*   <strong>Kontenjan:<\/strong> Her grup i\u00e7in kontenjan 15 ki\u015fidir.<\/p>\n<p><\/p>\n<p><h3>Kimler Kat\u0131labilir?<\/h3>\n<\/p>\n<p><\/p>\n<p>\u00c7ini desenli mandala workshopuna, sanata ilgi duyan, yarat\u0131c\u0131l\u0131\u011f\u0131n\u0131 geli\u015ftirmek isteyen ve geleneksel el sanatlar\u0131na merakl\u0131 herkes kat\u0131labilir. Ya\u015f veya deneyim \u015fart\u0131 bulunmamaktad\u0131r. <strong>\u00d6nemli:<\/strong> Kontenjanlar\u0131n s\u0131n\u0131rl\u0131 say\u0131da olmas\u0131 nedeniyle, kay\u0131t yapt\u0131rmak isteyenlerin en k\u0131sa s\u00fcrede ba\u015fvuruda bulunmalar\u0131 tavsiye edilir.<\/p>\n<p><\/p>\n<p><h3>BALMEK&#8217;in Sanat ve K\u00fclt\u00fcr E\u011fitimine Katk\u0131s\u0131<\/h3>\n<\/p>\n<p><\/p>\n<p>Bal\u0131kesir B\u00fcy\u00fck\u015fehir Belediyesi&#8217;nin ba\u011fl\u0131 kurulu\u015fu olan BALMEK, sanatsal ve k\u00fclt\u00fcrel e\u011fitimler arac\u0131l\u0131\u011f\u0131yla vatanda\u015flar\u0131n geli\u015fimine katk\u0131da bulunmay\u0131 hedefliyor. BALMEK&#8217;in d\u00fczenledi\u011fi \u00e7e\u015fitli kurslar ve at\u00f6lyeler, vatanda\u015flara yeni beceriler kazanma ve hobilerini geli\u015ftirme f\u0131rsat\u0131 sunuyor. <strong>Bu etkinlik, BALMEK&#8217;in k\u00fclt\u00fcrel miras\u0131 ya\u015fatma ve sanata eri\u015fimi kolayla\u015ft\u0131rma \u00e7abalar\u0131n\u0131n bir par\u00e7as\u0131d\u0131r.<\/strong><\/p>\n<p><\/p>\n<p><h3>Nas\u0131l Kaydolabilirsiniz?<\/h3>\n<\/p>\n<p><\/p>\n<p>Workshop&#8217;a kat\u0131lmak isteyenlerin, yukar\u0131da belirtilen telefondan (0 266 241 58 41) en k\u0131sa s\u00fcrede ileti\u015fime ge\u00e7meleri ve kay\u0131tlar\u0131n\u0131 yapt\u0131rmalar\u0131 gerekmektedir.<\/p><\/p>\n","protected":false},"excerpt":{"rendered":"<p>Geleneksel Sanata Modern Dokunu\u015f: \u00c7ini Desenli Mandala Workshopu Bal\u0131kesir B\u00fcy\u00fck\u015fehir Belediyesi, vatanda\u015flar\u0131na y\u00f6nelik k\u00fclt\u00fcrel ve sanatsal etkinliklere bir yenisini daha ekledi. Bu kapsamda, geleneksel \u00e7ini sanat\u0131n\u0131 modern bir yorumla bir araya getiren \u00c7ini Desenli Mandala workshopu d\u00fczenlenecek. Etkinlik, hem yeti\u015fkinlere&#8230;<\/p>\n","protected":false},"author":1,"featured_media":28384,"comment_status":"closed","ping_status":"closed","sticky":false,"template":"","format":"standard","meta":{"footnotes":""},"categories":[36],"tags":[],"class_list":["post-28383","post","type-post","status-publish","format-standard","has-post-thumbnail","hentry","category-manset"],"_links":{"self":[{"href":"http:\/\/gazetevizyon.com\/index.php?rest_route=\/wp\/v2\/posts\/28383","targetHints":{"allow":["GET"]}}],"collection":[{"href":"http:\/\/gazetevizyon.com\/index.php?rest_route=\/wp\/v2\/posts"}],"about":[{"href":"http:\/\/gazetevizyon.com\/index.php?rest_route=\/wp\/v2\/types\/post"}],"author":[{"embeddable":true,"href":"http:\/\/gazetevizyon.com\/index.php?rest_route=\/wp\/v2\/users\/1"}],"replies":[{"embeddable":true,"href":"http:\/\/gazetevizyon.com\/index.php?rest_route=%2Fwp%2Fv2%2Fcomments&post=28383"}],"version-history":[{"count":1,"href":"http:\/\/gazetevizyon.com\/index.php?rest_route=\/wp\/v2\/posts\/28383\/revisions"}],"predecessor-version":[{"id":28395,"href":"http:\/\/gazetevizyon.com\/index.php?rest_route=\/wp\/v2\/posts\/28383\/revisions\/28395"}],"wp:featuredmedia":[{"embeddable":true,"href":"http:\/\/gazetevizyon.com\/index.php?rest_route=\/wp\/v2\/media\/28384"}],"wp:attachment":[{"href":"http:\/\/gazetevizyon.com\/index.php?rest_route=%2Fwp%2Fv2%2Fmedia&parent=28383"}],"wp:term":[{"taxonomy":"category","embeddable":true,"href":"http:\/\/gazetevizyon.com\/index.php?rest_route=%2Fwp%2Fv2%2Fcategories&post=28383"},{"taxonomy":"post_tag","embeddable":true,"href":"http:\/\/gazetevizyon.com\/index.php?rest_route=%2Fwp%2Fv2%2Ftags&post=28383"}],"curies":[{"name":"wp","href":"https:\/\/api.w.org\/{rel}","templated":true}]}}