{"id":28427,"date":"2025-05-15T01:46:40","date_gmt":"2025-05-15T01:46:40","guid":{"rendered":"http:\/\/gazetevizyon.com\/?p=28427"},"modified":"2025-05-15T01:46:40","modified_gmt":"2025-05-15T01:46:40","slug":"silivride-kitlesel-destek-ekrem-imamogluna-yonelik-kararlilik-mesaji-verildi","status":"publish","type":"post","link":"http:\/\/gazetevizyon.com\/?p=28427","title":{"rendered":"Silivri&#8217;de Kitlesel Destek: Ekrem \u0130mamo\u011flu&#8217;na Y\u00f6nelik Kararl\u0131l\u0131k Mesaj\u0131 Verildi"},"content":{"rendered":"<p>\n<h2>Silivri&#8217;de Halk\u0131n Aya\u011fa Kalk\u0131\u015f\u0131: Kitlesel Miting<\/h2>\n<\/p>\n<p><\/p>\n<p>Silivri&#8217;de bu ak\u015fam ger\u00e7ekle\u015fen miting, sadece bir siyasi bulu\u015fman\u0131n \u00f6tesinde, halk\u0131n sesinin y\u00fckseldi\u011fi bir platforma d\u00f6n\u00fc\u015ft\u00fc. Genel Ba\u015fkan \u00d6zg\u00fcr \u00d6zel&#8217;in \u00e7a\u011fr\u0131s\u0131yla alanlar\u0131 dolduran binlerce yurtta\u015f, saray\u0131n bask\u0131s\u0131na, kumpas siyasetine ve adaletsiz d\u00fczene kar\u015f\u0131 birlik ve beraberlik mesaj\u0131 verdi. Etkinlik, \u00f6zellikle \u0130stanbul B\u00fcy\u00fck\u015fehir Belediye Ba\u015fkan\u0131 ve Cumhurba\u015fkan\u0131 Aday\u0131 Ekrem \u0130mamo\u011flu&#8217;na olan deste\u011fin g\u00fc\u00e7l\u00fc bir g\u00f6stergesi olarak yorumlan\u0131yor.<\/p>\n<p><\/p>\n<p><h3>Kumpaslara Boyun E\u011fmeyen Ekrem \u0130mamo\u011flu&#8217;na Destek<\/h3>\n<\/p>\n<p><\/p>\n<p>Silivri&#8217;den y\u00fckselen ses, sadece bir selam de\u011fil, ayn\u0131 zamanda kumpaslara boyun e\u011fmeyen Ekrem \u0130mamo\u011flu&#8217;na y\u00f6nelen milyonlar\u0131n kararl\u0131l\u0131\u011f\u0131n\u0131 temsil ediyor. \u0130mamo\u011flu, son d\u00f6nemde \u00e7e\u015fitli siyasi s\u00fcre\u00e7lerde kar\u015f\u0131la\u015ft\u0131\u011f\u0131 zorluklara ra\u011fmen, halk\u0131n deste\u011fiyle yoluna devam ediyor. Bu miting, \u00f6zellikle son d\u00f6nemde g\u00fcndeme gelen siyasi geli\u015fmelerin ard\u0131ndan, halk\u0131n \u0130mamo\u011flu&#8217;na olan g\u00fcveninin ve deste\u011finin s\u00fcrd\u00fc\u011f\u00fcn\u00fc g\u00f6steriyor.<\/p>\n<p><\/p>\n<p><h3>&#8220;Korku \u0130mparatorlu\u011fu Ayakta Durmaz&#8221; Mesaj\u0131<\/h3>\n<\/p>\n<p><\/p>\n<p>Mitingde yap\u0131lan konu\u015fmalarda, iktidara y\u00f6nelik sert ele\u015ftiriler y\u00f6neltildi. \u00d6zellikle &#8220;Ne zulm\u00fcn\u00fcz baki kal\u0131r, ne de kurdu\u011funuz korku imparatorlu\u011fu ayakta durur&#8221; \u015feklindeki ifadeler, halk\u0131n mevcut siyasi d\u00fczene olan tepkisini a\u00e7\u0131k\u00e7a g\u00f6sterdi. Bu t\u00fcr s\u00f6ylemler, halk\u0131n umutsuzlu\u011funu ve de\u011fi\u015fim arzusunu simgeliyor.<\/p>\n<p><\/p>\n<p><h3>Silivri&#8217;den \u00c7ankaya&#8217;ya Uzanan K\u00f6pr\u00fc<\/h3>\n<\/p>\n<p><\/p>\n<p>Mitingde vurgulanan mesaj, Silivri&#8217;den ba\u015flayarak \u00c7ankaya&#8217;ya, ard\u0131ndan da halk\u0131n iktidar\u0131na uzanan bir yol haritas\u0131n\u0131 i\u015faret ediyor. Bu ifade, siyasi hedeflere ula\u015fma kararl\u0131l\u0131\u011f\u0131n\u0131 ve halk\u0131n g\u00fcc\u00fcne olan inanc\u0131 yans\u0131t\u0131yor.<\/p>\n<p><\/p>\n<p><strong>Kat\u0131l\u0131mc\u0131lar, birlik ve beraberlik i\u00e7inde, \u00f6zg\u00fcrl\u00fck i\u00e7in m\u00fccadele ettiklerini vurgulad\u0131lar.<\/strong><\/p>\n<p><\/p>\n<p><ul>  <\/p>\n<ul>\n<li><strong>Kat\u0131l\u0131m:<\/strong> Binlerce yurtta\u015f\u0131n kat\u0131l\u0131m\u0131yla ger\u00e7ekle\u015fti.<\/li>\n<p>  <\/p>\n<li><strong>Ama\u00e7:<\/strong> Saray\u0131n bask\u0131s\u0131na ve adaletsiz d\u00fczene kar\u015f\u0131 ses y\u00fckseltmek.<\/li>\n<p>  <\/p>\n<li><strong>Hedef:<\/strong> Halk\u0131n iktidar\u0131na ula\u015fmak.<\/li>\n<\/ul>\n<p><\/ul>\n<\/p>\n<p><\/p>\n<p><strong>Miting, T\u00fcrkiye&#8217;nin siyasi gelece\u011fi i\u00e7in \u00f6nemli bir d\u00f6n\u00fcm noktas\u0131 olarak de\u011ferlendiriliyor.<\/strong><\/strong><\/p><\/p>\n","protected":false},"excerpt":{"rendered":"<p>Silivri&#8217;de Halk\u0131n Aya\u011fa Kalk\u0131\u015f\u0131: Kitlesel Miting Silivri&#8217;de bu ak\u015fam ger\u00e7ekle\u015fen miting, sadece bir siyasi bulu\u015fman\u0131n \u00f6tesinde, halk\u0131n sesinin y\u00fckseldi\u011fi bir platforma d\u00f6n\u00fc\u015ft\u00fc. Genel Ba\u015fkan \u00d6zg\u00fcr \u00d6zel&#8217;in \u00e7a\u011fr\u0131s\u0131yla alanlar\u0131 dolduran binlerce yurtta\u015f, saray\u0131n bask\u0131s\u0131na, kumpas siyasetine ve adaletsiz d\u00fczene kar\u015f\u0131 birlik&#8230;<\/p>\n","protected":false},"author":1,"featured_media":28428,"comment_status":"closed","ping_status":"closed","sticky":false,"template":"","format":"standard","meta":{"footnotes":""},"categories":[23],"tags":[],"class_list":["post-28427","post","type-post","status-publish","format-standard","has-post-thumbnail","hentry","category-siyaset"],"_links":{"self":[{"href":"http:\/\/gazetevizyon.com\/index.php?rest_route=\/wp\/v2\/posts\/28427","targetHints":{"allow":["GET"]}}],"collection":[{"href":"http:\/\/gazetevizyon.com\/index.php?rest_route=\/wp\/v2\/posts"}],"about":[{"href":"http:\/\/gazetevizyon.com\/index.php?rest_route=\/wp\/v2\/types\/post"}],"author":[{"embeddable":true,"href":"http:\/\/gazetevizyon.com\/index.php?rest_route=\/wp\/v2\/users\/1"}],"replies":[{"embeddable":true,"href":"http:\/\/gazetevizyon.com\/index.php?rest_route=%2Fwp%2Fv2%2Fcomments&post=28427"}],"version-history":[{"count":1,"href":"http:\/\/gazetevizyon.com\/index.php?rest_route=\/wp\/v2\/posts\/28427\/revisions"}],"predecessor-version":[{"id":28433,"href":"http:\/\/gazetevizyon.com\/index.php?rest_route=\/wp\/v2\/posts\/28427\/revisions\/28433"}],"wp:featuredmedia":[{"embeddable":true,"href":"http:\/\/gazetevizyon.com\/index.php?rest_route=\/wp\/v2\/media\/28428"}],"wp:attachment":[{"href":"http:\/\/gazetevizyon.com\/index.php?rest_route=%2Fwp%2Fv2%2Fmedia&parent=28427"}],"wp:term":[{"taxonomy":"category","embeddable":true,"href":"http:\/\/gazetevizyon.com\/index.php?rest_route=%2Fwp%2Fv2%2Fcategories&post=28427"},{"taxonomy":"post_tag","embeddable":true,"href":"http:\/\/gazetevizyon.com\/index.php?rest_route=%2Fwp%2Fv2%2Ftags&post=28427"}],"curies":[{"name":"wp","href":"https:\/\/api.w.org\/{rel}","templated":true}]}}