{"id":28647,"date":"2025-05-18T20:38:15","date_gmt":"2025-05-18T20:38:15","guid":{"rendered":"http:\/\/gazetevizyon.com\/?p=28647"},"modified":"2025-05-18T20:38:15","modified_gmt":"2025-05-18T20:38:15","slug":"chp-balikesir-dursunbeyde-halkla-bulustu-dayanisma-mesaji-verdi","status":"publish","type":"post","link":"http:\/\/gazetevizyon.com\/?p=28647","title":{"rendered":"CHP Bal\u0131kesir, Dursunbey&#8217;de Halkla Bulu\u015ftu, Dayan\u0131\u015fma Mesaj\u0131 Verdi"},"content":{"rendered":"<p>\n<h2>CHP Bal\u0131kesir, Dursunbey&#8217;de Mahalle Halk\u0131yla Kucakla\u015ft\u0131<\/h2>\n<\/p>\n<p><\/p>\n<p>CHP Bal\u0131kesir \u0130l Ba\u015fkanl\u0131\u011f\u0131, bug\u00fcn Dursunbey il\u00e7esinde bulunan S\u00fcleler, Akba\u015flar ve \u015eabanlar mahallelerinde halkla bulu\u015farak \u00e7e\u015fitli etkinliklere kat\u0131ld\u0131. Etkinliklere, \u0130l\u00e7e Ba\u015fkan\u0131 Mustafa Kemal Ayd\u0131n\u00f6z ve il\u00e7e \u00f6rg\u00fct\u00fc \u00fcyeleri e\u015flik etti.<\/p>\n<p><\/p>\n<p><h3>Mahallelerde Yap\u0131lan Etkinlikler<\/h3>\n<\/p>\n<p><\/p>\n<p>CHP heyeti, Dursunbey&#8217;in k\u0131rsal mahallelerindeki halkla bir araya gelerek sohbet etti, taleplerini dinledi ve dayan\u0131\u015fma mesaj\u0131 verdi. Etkinlikler kapsam\u0131nda yap\u0131lan \u00e7al\u0131\u015fmalar \u015funlar\u0131 i\u00e7eriyordu:<\/p>\n<p><\/p>\n<p><ul>    <\/p>\n<ul>\n<li><strong>Mahalle Halk\u0131yla Sohbet:<\/strong> \u0130l\u00e7e Ba\u015fkan\u0131 Ayd\u0131n\u00f6z ve partili yol arkada\u015flar\u0131, mahalle sakinleriyle birebir g\u00f6r\u00fc\u015ferek sorunlar\u0131 ve beklentileri dinledi.<\/li>\n<p>    <\/p>\n<li><strong>Dayan\u0131\u015fma \u00c7er\u00e7evesinde Destek:<\/strong> \u0130htiya\u00e7 sahibi ailelere y\u00f6nelik destek faaliyetleri d\u00fczenlendi ve ihtiya\u00e7lar\u0131n kar\u015f\u0131lanmas\u0131na katk\u0131 sa\u011fland\u0131.<\/li>\n<p>    <\/p>\n<li><strong>Parti Politikalar\u0131 Hakk\u0131nda Bilgilendirme:<\/strong> CHP&#8217;nin yerel y\u00f6netim anlay\u0131\u015f\u0131 ve politikalar\u0131 hakk\u0131nda mahalle sakinlerine bilgi verildi.<\/li>\n<\/ul>\n<p><\/ul>\n<\/p>\n<p><\/p>\n<p><h3>Dayan\u0131\u015fma ve Birlik Vurgusu<\/h3>\n<\/p>\n<p><\/p>\n<p>CHP Bal\u0131kesir \u0130l Ba\u015fkanl\u0131\u011f\u0131, bu t\u00fcr etkinliklerle dayan\u0131\u015fma, payla\u015fma ve birlik duygular\u0131n\u0131 \u00f6n plana \u00e7\u0131karmay\u0131 hedefliyor. \u0130l\u00e7e Ba\u015fkan\u0131 Ayd\u0131n\u00f6z, yapt\u0131\u011f\u0131 a\u00e7\u0131klamada, &#8220;Partimiz, halk\u0131n sorunlar\u0131na \u00e7\u00f6z\u00fcm bulmak ve daha g\u00fc\u00e7l\u00fc bir T\u00fcrkiye i\u00e7in \u00e7al\u0131\u015fmaya devam edecektir. Dayan\u0131\u015fma i\u00e7inde, omuz omuza vererek bu hedefe ula\u015faca\u011f\u0131z&#8221; dedi.<\/p>\n<p><\/p>\n<p><strong>CHP, yerel se\u00e7imlere haz\u0131rl\u0131k kapsam\u0131nda benzer etkinlikleri Bal\u0131kesir&#8217;in di\u011fer il\u00e7elerinde de ger\u00e7ekle\u015ftirmeyi planl\u0131yor.<\/strong> Bu t\u00fcr ziyaretlerin, partinin tabanla ba\u011flar\u0131n\u0131 g\u00fc\u00e7lendirmesi ve halk\u0131n sorunlar\u0131na daha yak\u0131ndan \u00e7\u00f6z\u00fcm bulmas\u0131na olanak sa\u011flamas\u0131 bekleniyor.<\/p>\n<p><\/p>\n<p><h3>Gelecek Planlar\u0131<\/h3>\n<\/p>\n<p><\/p>\n<p>CHP Bal\u0131kesir, \u00f6n\u00fcm\u00fczdeki d\u00f6nemde de benzer etkinliklerle halkla i\u00e7 i\u00e7e olmay\u0131 s\u00fcrd\u00fcrecek. Bu kapsamda, k\u0131rsal mahallelerin yan\u0131 s\u0131ra \u015fehir merkezindeki b\u00f6lgelerde de \u00e7e\u015fitli programlar d\u00fczenlenecek. Ama\u00e7, t\u00fcm Bal\u0131kesir halk\u0131na ula\u015farak onlar\u0131n sorunlar\u0131n\u0131 dinlemek ve \u00e7\u00f6z\u00fcm \u00f6nerileri sunmakt\u0131r.<\/p><\/p>\n","protected":false},"excerpt":{"rendered":"<p>CHP Bal\u0131kesir, Dursunbey&#8217;de Mahalle Halk\u0131yla Kucakla\u015ft\u0131 CHP Bal\u0131kesir \u0130l Ba\u015fkanl\u0131\u011f\u0131, bug\u00fcn Dursunbey il\u00e7esinde bulunan S\u00fcleler, Akba\u015flar ve \u015eabanlar mahallelerinde halkla bulu\u015farak \u00e7e\u015fitli etkinliklere kat\u0131ld\u0131. Etkinliklere, \u0130l\u00e7e Ba\u015fkan\u0131 Mustafa Kemal Ayd\u0131n\u00f6z ve il\u00e7e \u00f6rg\u00fct\u00fc \u00fcyeleri e\u015flik etti. Mahallelerde Yap\u0131lan Etkinlikler CHP&#8230;<\/p>\n","protected":false},"author":1,"featured_media":28648,"comment_status":"closed","ping_status":"closed","sticky":false,"template":"","format":"standard","meta":{"footnotes":""},"categories":[23],"tags":[],"class_list":["post-28647","post","type-post","status-publish","format-standard","has-post-thumbnail","hentry","category-siyaset"],"_links":{"self":[{"href":"http:\/\/gazetevizyon.com\/index.php?rest_route=\/wp\/v2\/posts\/28647","targetHints":{"allow":["GET"]}}],"collection":[{"href":"http:\/\/gazetevizyon.com\/index.php?rest_route=\/wp\/v2\/posts"}],"about":[{"href":"http:\/\/gazetevizyon.com\/index.php?rest_route=\/wp\/v2\/types\/post"}],"author":[{"embeddable":true,"href":"http:\/\/gazetevizyon.com\/index.php?rest_route=\/wp\/v2\/users\/1"}],"replies":[{"embeddable":true,"href":"http:\/\/gazetevizyon.com\/index.php?rest_route=%2Fwp%2Fv2%2Fcomments&post=28647"}],"version-history":[{"count":1,"href":"http:\/\/gazetevizyon.com\/index.php?rest_route=\/wp\/v2\/posts\/28647\/revisions"}],"predecessor-version":[{"id":28653,"href":"http:\/\/gazetevizyon.com\/index.php?rest_route=\/wp\/v2\/posts\/28647\/revisions\/28653"}],"wp:featuredmedia":[{"embeddable":true,"href":"http:\/\/gazetevizyon.com\/index.php?rest_route=\/wp\/v2\/media\/28648"}],"wp:attachment":[{"href":"http:\/\/gazetevizyon.com\/index.php?rest_route=%2Fwp%2Fv2%2Fmedia&parent=28647"}],"wp:term":[{"taxonomy":"category","embeddable":true,"href":"http:\/\/gazetevizyon.com\/index.php?rest_route=%2Fwp%2Fv2%2Fcategories&post=28647"},{"taxonomy":"post_tag","embeddable":true,"href":"http:\/\/gazetevizyon.com\/index.php?rest_route=%2Fwp%2Fv2%2Ftags&post=28647"}],"curies":[{"name":"wp","href":"https:\/\/api.w.org\/{rel}","templated":true}]}}