{"id":28746,"date":"2025-05-20T18:22:57","date_gmt":"2025-05-20T18:22:57","guid":{"rendered":"http:\/\/gazetevizyon.com\/?p=28746"},"modified":"2025-05-20T18:22:57","modified_gmt":"2025-05-20T18:22:57","slug":"bandirma-belediyesi-cesitli-sivil-toplum-kurulusu-temsilcilerini-agirladi","status":"publish","type":"post","link":"http:\/\/gazetevizyon.com\/?p=28746","title":{"rendered":"Band\u0131rma Belediyesi, \u00c7e\u015fitli Sivil Toplum Kurulu\u015fu Temsilcilerini A\u011f\u0131rlad\u0131"},"content":{"rendered":"<p>\n<h2>Band\u0131rma Belediyesi&#8217;nden \u00d6nemli Ziyaret\u00e7i Kabul\u00fc<\/h2>\n<\/p>\n<p><\/p>\n<p>Band\u0131rma Belediyesi, d\u00fcn \u00e7e\u015fitli sivil toplum kurulu\u015fu temsilcilerini ve muhtarlar\u0131 a\u011f\u0131rlad\u0131. <strong>Band\u0131rma Belediyesi<\/strong>, yerel y\u00f6netimle sivil toplum kurulu\u015flar\u0131 aras\u0131ndaki i\u015fbirli\u011fini g\u00fc\u00e7lendirme hedefiyle ger\u00e7ekle\u015ftirilen bulu\u015fmaya ev sahipli\u011fi yapt\u0131.<\/p>\n<p><\/p>\n<p><h3>Ziyarette Kimler Vard\u0131?<\/h3>\n<\/p>\n<p><\/p>\n<p>Belediye binas\u0131nda ger\u00e7ekle\u015fen ziyarete, Sahil G\u00fcvenlik Komutan\u0131 \u00dcste\u011fmen \u0130dris Be\u015fkarde\u015f, Atat\u00fcrk\u00e7\u00fc D\u00fc\u015f\u00fcnce Derne\u011fi temsilcileri, T\u00fcrkiye Emekli Astsubaylar Derne\u011fi temsilcileri, \u00d6nder Bal\u0131k\u00e7\u0131, Zeki Karadeniz, Cemal Vural Atabey ve \u0130brahim Aldemir gibi de\u011ferli gazeteciler ile \u00d6merli Mahalle Muhtar\u0131 Murat Karaca, Erikli Mahalle Muhtar\u0131 Recep \u015eahin, Eski Ziraatli Mahalle Muhtar\u0131 Mustafa \u0130pek, Yeni Mahalle Muhtar\u0131 Adem Sal\u0131 ve Ye\u015fil\u00e7omlu Mahalle Muhtar\u0131 S\u00fcleyman \u00d6zta\u015f kat\u0131ld\u0131.<\/p>\n<p><\/p>\n<p><h3>\u0130\u015fbirli\u011fi ve \u0130sti\u015fare Vurgusu<\/h3>\n<\/p>\n<p><\/p>\n<p>Ziyarette, yerel y\u00f6netimlerin sivil toplum kurulu\u015flar\u0131 ve muhtarlarla olan g\u00fc\u00e7l\u00fc ileti\u015fiminin \u00f6nemine de\u011finildi. <strong>Band\u0131rma Belediyesi yetkilileri<\/strong>, yerel sorunlar\u0131n \u00e7\u00f6z\u00fcm\u00fc ve \u015fehir geli\u015fimine katk\u0131 sa\u011flayacak projeler i\u00e7in i\u015fbirli\u011finin daha da g\u00fc\u00e7lendirilmesi gerekti\u011fini vurgulad\u0131. Muhtarlar ve sivil toplum kurulu\u015fu temsilcileri de mahallelerinin ve b\u00f6lgelerinin ihtiya\u00e7lar\u0131n\u0131 aktarma ve belediye ile koordinasyon i\u00e7inde \u00e7al\u0131\u015fma isteklerini dile getirdi.<\/p>\n<p><\/p>\n<p><h3>Gelecek Projeler \u0130\u00e7in Ortak \u00c7al\u0131\u015fma Kararl\u0131l\u0131\u011f\u0131<\/h3>\n<\/p>\n<p><\/p>\n<p>Ziyarette, <strong>Band\u0131rma Belediyesi<\/strong>&#8216;nin \u00f6n\u00fcm\u00fczdeki d\u00f6nemde hayata ge\u00e7irmeyi planlad\u0131\u011f\u0131 projeler hakk\u0131nda bilgi verildi. \u00d6zellikle k\u0131rsal mahallelerin geli\u015fimine y\u00f6nelik projeler ve \u00e7evre d\u00fczenlemesi konular\u0131nda ortak \u00e7al\u0131\u015fma kararl\u0131l\u0131\u011f\u0131 al\u0131nd\u0131. <strong>Band\u0131rma Belediyesi<\/strong>, sivil toplum kurulu\u015flar\u0131 ve muhtarlarla d\u00fczenli isti\u015fare toplant\u0131lar\u0131 yaparak, yerel halk\u0131n ihtiya\u00e7lar\u0131n\u0131 daha iyi anlamay\u0131 ve daha etkili \u00e7\u00f6z\u00fcmler \u00fcretmeyi hedefliyor.<\/p>\n<p><\/p>\n<p><p>Ziyaret, kar\u015f\u0131l\u0131kl\u0131 iyi dilek ve temennilerle sona erdi.<\/p><\/p>\n","protected":false},"excerpt":{"rendered":"<p>Band\u0131rma Belediyesi&#8217;nden \u00d6nemli Ziyaret\u00e7i Kabul\u00fc Band\u0131rma Belediyesi, d\u00fcn \u00e7e\u015fitli sivil toplum kurulu\u015fu temsilcilerini ve muhtarlar\u0131 a\u011f\u0131rlad\u0131. Band\u0131rma Belediyesi, yerel y\u00f6netimle sivil toplum kurulu\u015flar\u0131 aras\u0131ndaki i\u015fbirli\u011fini g\u00fc\u00e7lendirme hedefiyle ger\u00e7ekle\u015ftirilen bulu\u015fmaya ev sahipli\u011fi yapt\u0131. Ziyarette Kimler Vard\u0131? Belediye binas\u0131nda ger\u00e7ekle\u015fen ziyarete, Sahil&#8230;<\/p>\n","protected":false},"author":1,"featured_media":28747,"comment_status":"closed","ping_status":"closed","sticky":false,"template":"","format":"standard","meta":{"footnotes":""},"categories":[36],"tags":[],"class_list":["post-28746","post","type-post","status-publish","format-standard","has-post-thumbnail","hentry","category-manset"],"_links":{"self":[{"href":"http:\/\/gazetevizyon.com\/index.php?rest_route=\/wp\/v2\/posts\/28746","targetHints":{"allow":["GET"]}}],"collection":[{"href":"http:\/\/gazetevizyon.com\/index.php?rest_route=\/wp\/v2\/posts"}],"about":[{"href":"http:\/\/gazetevizyon.com\/index.php?rest_route=\/wp\/v2\/types\/post"}],"author":[{"embeddable":true,"href":"http:\/\/gazetevizyon.com\/index.php?rest_route=\/wp\/v2\/users\/1"}],"replies":[{"embeddable":true,"href":"http:\/\/gazetevizyon.com\/index.php?rest_route=%2Fwp%2Fv2%2Fcomments&post=28746"}],"version-history":[{"count":1,"href":"http:\/\/gazetevizyon.com\/index.php?rest_route=\/wp\/v2\/posts\/28746\/revisions"}],"predecessor-version":[{"id":28758,"href":"http:\/\/gazetevizyon.com\/index.php?rest_route=\/wp\/v2\/posts\/28746\/revisions\/28758"}],"wp:featuredmedia":[{"embeddable":true,"href":"http:\/\/gazetevizyon.com\/index.php?rest_route=\/wp\/v2\/media\/28747"}],"wp:attachment":[{"href":"http:\/\/gazetevizyon.com\/index.php?rest_route=%2Fwp%2Fv2%2Fmedia&parent=28746"}],"wp:term":[{"taxonomy":"category","embeddable":true,"href":"http:\/\/gazetevizyon.com\/index.php?rest_route=%2Fwp%2Fv2%2Fcategories&post=28746"},{"taxonomy":"post_tag","embeddable":true,"href":"http:\/\/gazetevizyon.com\/index.php?rest_route=%2Fwp%2Fv2%2Ftags&post=28746"}],"curies":[{"name":"wp","href":"https:\/\/api.w.org\/{rel}","templated":true}]}}