{"id":28748,"date":"2025-05-20T18:22:26","date_gmt":"2025-05-20T18:22:26","guid":{"rendered":"http:\/\/gazetevizyon.com\/?p=28748"},"modified":"2025-05-20T18:22:26","modified_gmt":"2025-05-20T18:22:26","slug":"chp-balikesir-il-baskanligi-il-yonetim-kurulu-toplantisi-gerceklestirildi","status":"publish","type":"post","link":"http:\/\/gazetevizyon.com\/?p=28748","title":{"rendered":"CHP Bal\u0131kesir \u0130l Ba\u015fkanl\u0131\u011f\u0131 \u0130l Y\u00f6netim Kurulu Toplant\u0131s\u0131 Ger\u00e7ekle\u015ftirildi"},"content":{"rendered":"<p>\n<h2>CHP Bal\u0131kesir \u0130l Ba\u015fkanl\u0131\u011f\u0131 \u0130l Y\u00f6netim Kurulu Toplant\u0131s\u0131 Yap\u0131ld\u0131<\/h2>\n<\/p>\n<p><\/p>\n<p>CHP Bal\u0131kesir \u0130l Ba\u015fkanl\u0131\u011f\u0131, <strong>\u00f6rg\u00fctlenme \u00e7al\u0131\u015fmalar\u0131n\u0131<\/strong> de\u011ferlendirmek ve saha g\u00fcc\u00fcn\u00fc art\u0131rma stratejileri belirlemek amac\u0131yla \u0130l Y\u00f6netim Kurulu ola\u011fan toplant\u0131s\u0131n\u0131 ger\u00e7ekle\u015ftirdi. Toplant\u0131da, partinin Bal\u0131kesir&#8217;deki mevcut durumu ve gelece\u011fe y\u00f6nelik planlar masaya yat\u0131r\u0131ld\u0131.<\/p>\n<p><\/p>\n<p><h3>\u00d6rg\u00fctlenme \u00c7al\u0131\u015fmalar\u0131nda Kararl\u0131l\u0131k<\/h3>\n<\/p>\n<p><\/p>\n<p>Toplant\u0131n\u0131n temel g\u00fcndem maddesini, partinin Bal\u0131kesir\u2019deki <strong>\u00f6rg\u00fctlenme \u00e7al\u0131\u015fmalar\u0131n\u0131n<\/strong> h\u0131zland\u0131r\u0131lmas\u0131 ve <strong>sahadaki g\u00fcc\u00fcn<\/strong> art\u0131r\u0131lmas\u0131 olu\u015fturdu. \u0130l Y\u00f6netim Kurulu \u00fcyeleri, partinin tabanla olan ba\u011f\u0131n\u0131 g\u00fc\u00e7lendirme ve yeni se\u00e7menlere ula\u015fma yollar\u0131 \u00fczerine fikir al\u0131\u015fveri\u015finde bulundu. Yap\u0131lan de\u011ferlendirmelerde, <strong>\u00f6rg\u00fctlenme<\/strong> faaliyetlerinin daha etkin bir \u015fekilde y\u00fcr\u00fct\u00fclmesi i\u00e7in \u00e7e\u015fitli stratejiler belirlendi.<\/p>\n<p><\/p>\n<p><h3>Saha G\u00fcc\u00fcn\u00fc Art\u0131rma Hedefleri<\/h3>\n<\/p>\n<p><\/p>\n<p>CHP Bal\u0131kesir \u0130l Ba\u015fkanl\u0131\u011f\u0131, <strong>sahadaki g\u00fcc\u00fcn\u00fc<\/strong> art\u0131rmak i\u00e7in bir dizi yeni projeyi hayata ge\u00e7irmeyi planl\u0131yor. Bu projeler aras\u0131nda, il\u00e7e \u00f6rg\u00fctleriyle koordineli olarak d\u00fczenlenecek saha ziyaretleri, halkla bulu\u015fma etkinlikleri ve bilgilendirme toplant\u0131lar\u0131 yer al\u0131yor. <strong>Sahadaki g\u00fcc\u00fcn<\/strong> art\u0131r\u0131lmas\u0131yla birlikte, partinin Bal\u0131kesir genelindeki se\u00e7im ba\u015far\u0131lar\u0131n\u0131n da art\u0131r\u0131lmas\u0131 hedefleniyor.<\/p>\n<p><\/p>\n<p><h3>Do\u011fum G\u00fcn\u00fc Kutlamas\u0131<\/h3>\n<\/p>\n<p><\/p>\n<p>Toplant\u0131n\u0131n sonunda, \u0130l Y\u00f6netim Kurulu \u00fcyelerinden Melih Tekin, Ceyhun Ercan ve Nevzat \u00d6\u011f\u00fcn&#8217;\u00fcn do\u011fum g\u00fcnleri kutland\u0131. Y\u00f6netim kurulu \u00fcyeleri, do\u011fum g\u00fcn\u00fc pastas\u0131 keserek ve kar\u015f\u0131l\u0131kl\u0131 iyi dilek dile\u015ferek keyifli bir an ya\u015fad\u0131.<\/p>\n<p><\/p>\n<p><ul>  <\/p>\n<ul>\n<li>Toplant\u0131da, partinin Bal\u0131kesir&#8217;deki mevcut durumu de\u011ferlendirildi.<\/li>\n<p>  <\/p>\n<li>\u00d6rg\u00fctlenme \u00e7al\u0131\u015fmalar\u0131n\u0131n h\u0131zland\u0131r\u0131lmas\u0131 i\u00e7in stratejiler belirlendi.<\/li>\n<p>  <\/p>\n<li>Saha g\u00fcc\u00fcn\u00fc art\u0131rmaya y\u00f6nelik yeni projeler masaya yat\u0131r\u0131ld\u0131.<\/li>\n<p>  <\/p>\n<li>\u0130l Y\u00f6netim Kurulu \u00fcyelerinden Melih Tekin, Ceyhun Ercan ve Nevzat \u00d6\u011f\u00fcn&#8217;\u00fcn do\u011fum g\u00fcnleri kutland\u0131.<\/li>\n<\/ul>\n<p><\/ul><\/p>\n","protected":false},"excerpt":{"rendered":"<p>CHP Bal\u0131kesir \u0130l Ba\u015fkanl\u0131\u011f\u0131 \u0130l Y\u00f6netim Kurulu Toplant\u0131s\u0131 Yap\u0131ld\u0131 CHP Bal\u0131kesir \u0130l Ba\u015fkanl\u0131\u011f\u0131, \u00f6rg\u00fctlenme \u00e7al\u0131\u015fmalar\u0131n\u0131 de\u011ferlendirmek ve saha g\u00fcc\u00fcn\u00fc art\u0131rma stratejileri belirlemek amac\u0131yla \u0130l Y\u00f6netim Kurulu ola\u011fan toplant\u0131s\u0131n\u0131 ger\u00e7ekle\u015ftirdi. Toplant\u0131da, partinin Bal\u0131kesir&#8217;deki mevcut durumu ve gelece\u011fe y\u00f6nelik planlar masaya yat\u0131r\u0131ld\u0131&#8230;.<\/p>\n","protected":false},"author":1,"featured_media":28749,"comment_status":"closed","ping_status":"closed","sticky":false,"template":"","format":"standard","meta":{"footnotes":""},"categories":[23],"tags":[],"class_list":["post-28748","post","type-post","status-publish","format-standard","has-post-thumbnail","hentry","category-siyaset"],"_links":{"self":[{"href":"http:\/\/gazetevizyon.com\/index.php?rest_route=\/wp\/v2\/posts\/28748","targetHints":{"allow":["GET"]}}],"collection":[{"href":"http:\/\/gazetevizyon.com\/index.php?rest_route=\/wp\/v2\/posts"}],"about":[{"href":"http:\/\/gazetevizyon.com\/index.php?rest_route=\/wp\/v2\/types\/post"}],"author":[{"embeddable":true,"href":"http:\/\/gazetevizyon.com\/index.php?rest_route=\/wp\/v2\/users\/1"}],"replies":[{"embeddable":true,"href":"http:\/\/gazetevizyon.com\/index.php?rest_route=%2Fwp%2Fv2%2Fcomments&post=28748"}],"version-history":[{"count":1,"href":"http:\/\/gazetevizyon.com\/index.php?rest_route=\/wp\/v2\/posts\/28748\/revisions"}],"predecessor-version":[{"id":28757,"href":"http:\/\/gazetevizyon.com\/index.php?rest_route=\/wp\/v2\/posts\/28748\/revisions\/28757"}],"wp:featuredmedia":[{"embeddable":true,"href":"http:\/\/gazetevizyon.com\/index.php?rest_route=\/wp\/v2\/media\/28749"}],"wp:attachment":[{"href":"http:\/\/gazetevizyon.com\/index.php?rest_route=%2Fwp%2Fv2%2Fmedia&parent=28748"}],"wp:term":[{"taxonomy":"category","embeddable":true,"href":"http:\/\/gazetevizyon.com\/index.php?rest_route=%2Fwp%2Fv2%2Fcategories&post=28748"},{"taxonomy":"post_tag","embeddable":true,"href":"http:\/\/gazetevizyon.com\/index.php?rest_route=%2Fwp%2Fv2%2Ftags&post=28748"}],"curies":[{"name":"wp","href":"https:\/\/api.w.org\/{rel}","templated":true}]}}