{"id":28750,"date":"2025-05-20T18:21:14","date_gmt":"2025-05-20T18:21:14","guid":{"rendered":"http:\/\/gazetevizyon.com\/?p=28750"},"modified":"2025-05-20T18:21:14","modified_gmt":"2025-05-20T18:21:14","slug":"balikesir-valisi-ustaoglu-gonen-teksut-tesislerini-inceledi","status":"publish","type":"post","link":"http:\/\/gazetevizyon.com\/?p=28750","title":{"rendered":"Bal\u0131kesir Valisi Ustao\u011flu, G\u00f6nen Teks\u00fct Tesislerini \u0130nceledi"},"content":{"rendered":"<p>\n<h2>Bal\u0131kesir Valisi Ustao\u011flu&#8217;ndan G\u00f6nen Teks\u00fct Ziyareti<\/h2>\n<\/p>\n<p><\/p>\n<p>Bal\u0131kesir Valisi \u0130smail Ustao\u011flu, <strong>G\u00f6nen Teks\u00fct Tesisleri<\/strong>&#8216;ni ziyaret ederek incelemelerde bulundu. Ziyarette, tesisin kapasitesi, \u00fcretim s\u00fcre\u00e7leri ve b\u00f6lge ekonomisine katk\u0131lar\u0131 hakk\u0131nda bilgi alan Vali Ustao\u011flu, <strong>Teks\u00fct<\/strong> \u00e7al\u0131\u015fanlar\u0131yla bir araya gelerek g\u00f6r\u00fc\u015f al\u0131\u015fveri\u015finde bulundu.<\/p>\n<p><\/p>\n<p><h3>Tesisin Kapasitesi ve \u00dcretim S\u00fcre\u00e7leri Hakk\u0131nda Bilgi Al\u0131nd\u0131<\/h3>\n<\/p>\n<p><\/p>\n<p>Vali Ustao\u011flu, ziyaretinde Teks\u00fct yetkililerinden tesisin y\u0131ll\u0131k \u00fcretim kapasitesi, kullan\u0131lan teknolojiler ve uygulanan kalite kontrol s\u00fcre\u00e7leri hakk\u0131nda detayl\u0131 brifing ald\u0131. <strong>G\u00f6nen Teks\u00fct Tesisleri<\/strong>\u2019nin b\u00f6lgedeki \u00f6nemli bir istihdam kayna\u011f\u0131 oldu\u011fu vurgulan\u0131rken, tesisin modern \u00fcretim hatlar\u0131 ve Ar<\/p>\n<ul>\n<li>Ge \u00e7al\u0131\u015fmalar\u0131n\u0131n b\u00f6lge ekonomisine olan katk\u0131lar\u0131 g\u00f6zden ge\u00e7irildi.<\/p>\n<\/li>\n<p><\/p>\n<p><h3>\u00c7al\u0131\u015fanlarla \u0130sti\u015fare ve B\u00f6lge Ekonomisine Katk\u0131lar\u0131<\/h3>\n<\/p>\n<p><\/p>\n<p>Ziyarette, Vali Ustao\u011flu, Teks\u00fct \u00e7al\u0131\u015fanlar\u0131yla bir araya gelerek onlar\u0131n g\u00f6r\u00fc\u015flerini ald\u0131 ve sekt\u00f6r\u00fcn kar\u015f\u0131la\u015ft\u0131\u011f\u0131 zorluklar hakk\u0131nda bilgi edindi. <strong>Teks\u00fct<\/strong> \u00e7al\u0131\u015fanlar\u0131, Vali Ustao\u011flu\u2019na tesisin \u00e7al\u0131\u015fma ko\u015fullar\u0131, \u00fcretim s\u00fcre\u00e7leri ve gelece\u011fe y\u00f6nelik hedefleri hakk\u0131nda bilgi verdiler.<\/p>\n<p><\/p>\n<p><h3>Teks\u00fct&#8217;\u00fcn B\u00f6lge Ekonomisindeki Rol\u00fc<\/h3>\n<\/p>\n<p><\/p>\n<p><strong>G\u00f6nen Teks\u00fct Tesisleri<\/strong>, Bal\u0131kesir&#8217;in G\u00f6nen il\u00e7esinde faaliyet g\u00f6steren \u00f6nemli bir tekstil kurulu\u015fudur. Tesis, b\u00f6lgedeki istihdama katk\u0131s\u0131n\u0131n yan\u0131 s\u0131ra, yerel \u00fcreticilerden hammadde al\u0131m\u0131 yaparak b\u00f6lge ekonomisine do\u011frudan destek sa\u011flamaktad\u0131r. Teks\u00fct&#8217;\u00fcn b\u00f6lgedeki di\u011fer kurulu\u015flarla olan i\u015fbirli\u011fi ve ortak projeleri de de\u011ferlendirilmi\u015ftir.<\/p>\n<p><\/p>\n<p><h3>Vali Ustao\u011flu&#8217;nun A\u00e7\u0131klamalar\u0131<\/h3>\n<\/p>\n<p><\/p>\n<p>Vali Ustao\u011flu, ziyaretin ard\u0131ndan yapt\u0131\u011f\u0131 a\u00e7\u0131klamada, <strong>G\u00f6nen Teks\u00fct Tesisleri<\/strong>&#8216;nin Bal\u0131kesir ekonomisi i\u00e7in \u00f6nemli bir de\u011fer oldu\u011funu belirtti. Teks\u00fct&#8217;\u00fcn \u00fcretim kapasitesinin art\u0131r\u0131lmas\u0131 ve Ar<\/p>\n<li>Ge \u00e7al\u0131\u015fmalar\u0131n\u0131n desteklenmesi gerekti\u011finin alt\u0131n\u0131 \u00e7izerek, tesisin b\u00f6lgedeki di\u011fer kurulu\u015flarla i\u015fbirli\u011finin art\u0131r\u0131lmas\u0131 i\u00e7in gerekli desteklerin sa\u011flanaca\u011f\u0131n\u0131 ifade etti.<\/p>\n<\/li>\n<p><\/p>\n<p><ul>  <\/p>\n<li>Teks\u00fct&#8217;\u00fcn y\u0131ll\u0131k \u00fcretim kapasitesi hakk\u0131nda detayl\u0131 bilgi al\u0131nd\u0131.<\/li>\n<p>  <\/p>\n<li>\u00c7al\u0131\u015fanlar\u0131n g\u00f6r\u00fc\u015fleri ve sekt\u00f6r\u00fcn kar\u015f\u0131la\u015ft\u0131\u011f\u0131 zorluklar de\u011ferlendirildi.<\/li>\n<p>  <\/p>\n<li>Tesisin b\u00f6lge ekonomisine olan katk\u0131lar\u0131 g\u00f6zden ge\u00e7irildi.<\/li>\n<p>  <\/p>\n<li>Teks\u00fct&#8217;\u00fcn gelece\u011fe y\u00f6nelik hedefleri hakk\u0131nda bilgi al\u0131nd\u0131.<\/li>\n<\/ul>\n<p><\/ul><\/p>\n","protected":false},"excerpt":{"rendered":"<p>Bal\u0131kesir Valisi Ustao\u011flu&#8217;ndan G\u00f6nen Teks\u00fct Ziyareti Bal\u0131kesir Valisi \u0130smail Ustao\u011flu, G\u00f6nen Teks\u00fct Tesisleri&#8216;ni ziyaret ederek incelemelerde bulundu. Ziyarette, tesisin kapasitesi, \u00fcretim s\u00fcre\u00e7leri ve b\u00f6lge ekonomisine katk\u0131lar\u0131 hakk\u0131nda bilgi alan Vali Ustao\u011flu, Teks\u00fct \u00e7al\u0131\u015fanlar\u0131yla bir araya gelerek g\u00f6r\u00fc\u015f al\u0131\u015fveri\u015finde bulundu. Tesisin&#8230;<\/p>\n","protected":false},"author":1,"featured_media":28751,"comment_status":"closed","ping_status":"closed","sticky":false,"template":"","format":"standard","meta":{"footnotes":""},"categories":[36],"tags":[],"class_list":["post-28750","post","type-post","status-publish","format-standard","has-post-thumbnail","hentry","category-manset"],"_links":{"self":[{"href":"http:\/\/gazetevizyon.com\/index.php?rest_route=\/wp\/v2\/posts\/28750","targetHints":{"allow":["GET"]}}],"collection":[{"href":"http:\/\/gazetevizyon.com\/index.php?rest_route=\/wp\/v2\/posts"}],"about":[{"href":"http:\/\/gazetevizyon.com\/index.php?rest_route=\/wp\/v2\/types\/post"}],"author":[{"embeddable":true,"href":"http:\/\/gazetevizyon.com\/index.php?rest_route=\/wp\/v2\/users\/1"}],"replies":[{"embeddable":true,"href":"http:\/\/gazetevizyon.com\/index.php?rest_route=%2Fwp%2Fv2%2Fcomments&post=28750"}],"version-history":[{"count":1,"href":"http:\/\/gazetevizyon.com\/index.php?rest_route=\/wp\/v2\/posts\/28750\/revisions"}],"predecessor-version":[{"id":28756,"href":"http:\/\/gazetevizyon.com\/index.php?rest_route=\/wp\/v2\/posts\/28750\/revisions\/28756"}],"wp:featuredmedia":[{"embeddable":true,"href":"http:\/\/gazetevizyon.com\/index.php?rest_route=\/wp\/v2\/media\/28751"}],"wp:attachment":[{"href":"http:\/\/gazetevizyon.com\/index.php?rest_route=%2Fwp%2Fv2%2Fmedia&parent=28750"}],"wp:term":[{"taxonomy":"category","embeddable":true,"href":"http:\/\/gazetevizyon.com\/index.php?rest_route=%2Fwp%2Fv2%2Fcategories&post=28750"},{"taxonomy":"post_tag","embeddable":true,"href":"http:\/\/gazetevizyon.com\/index.php?rest_route=%2Fwp%2Fv2%2Ftags&post=28750"}],"curies":[{"name":"wp","href":"https:\/\/api.w.org\/{rel}","templated":true}]}}