{"id":28927,"date":"2025-05-23T18:31:08","date_gmt":"2025-05-23T18:31:08","guid":{"rendered":"http:\/\/gazetevizyon.com\/?p=28927"},"modified":"2025-05-23T18:31:08","modified_gmt":"2025-05-23T18:31:08","slug":"tbmmde-yeni-gorev-dagilimi-milletvekilleri-baskanlik-divaninda-yeni-rol-alacak","status":"publish","type":"post","link":"http:\/\/gazetevizyon.com\/?p=28927","title":{"rendered":"TBMM&#8217;de Yeni G\u00f6rev Da\u011f\u0131l\u0131m\u0131: Milletvekilleri Ba\u015fkanl\u0131k Divan\u0131&#8217;nda Yeni Rol Alacak"},"content":{"rendered":"<p>\n<h2>TBMM Ba\u015fkanl\u0131k Divan\u0131&#8217;nda De\u011fi\u015fim<\/h2>\n<\/p>\n<p><\/p>\n<p>TBMM&#8217;nin kapal\u0131 grup toplant\u0131s\u0131nda yap\u0131lan oylama sonucunda, parlamento i\u00e7indeki g\u00f6rev da\u011f\u0131l\u0131m\u0131nda de\u011fi\u015fiklikler ya\u015fand\u0131. <strong>Ankara Milletvekili Tekin Bing\u00f6l, TBMM Ba\u015fkanvekili olarak se\u00e7ildi.<\/strong> Bu \u00f6nemli atama, parlamento \u00e7al\u0131\u015fmalar\u0131nda Ankara&#8217;y\u0131 temsil edecek yeni bir liderlik fig\u00fcr\u00fc olu\u015fturdu.<\/p>\n<p><\/p>\n<p><h3>\u0130dare Amiri ve Katip \u00dcyeler Belli Oldu<\/h3>\n<\/p>\n<p><\/p>\n<p>Toplant\u0131da yap\u0131lan oylamayla birlikte di\u011fer \u00f6nemli g\u00f6revler de belirlendi. <strong>Kocaeli Milletvekili Harun \u00d6zg\u00fcr Y\u0131ld\u0131zl\u0131, \u0130dare Amiri olarak g\u00f6revlendirildi.<\/strong> Y\u0131ld\u0131zl\u0131&#8217;n\u0131n bu g\u00f6revi \u00fcstlenmesi, Kocaeli&#8217;nin TBMM&#8217;deki etkinli\u011fini art\u0131rmas\u0131 bekleniyor. Ayr\u0131ca, <strong>Adana Milletvekili M\u00fczeyyen \u015eevkin, Tekirda\u011f Milletvekili Nurten Yontar ve Hatay Milletvekili Nermin Y\u0131ld\u0131r\u0131m Kara, katip \u00fcye olarak se\u00e7ildi.<\/strong> Bu atamalar, farkl\u0131 illerden milletvekillerinin parlamento \u00e7al\u0131\u015fmalar\u0131na katk\u0131 sa\u011flamas\u0131n\u0131 ama\u00e7l\u0131yor.<\/p>\n<p><\/p>\n<p><h3>Grup Ba\u015fkanvekilleri G\u00f6revlerine Devam Edecek<\/h3>\n<\/p>\n<p><\/p>\n<p>Yap\u0131lan de\u011fi\u015fikliklere ra\u011fmen, <strong>Murat Emir, G\u00f6khan G\u00fcnayd\u0131n ve Ali Mahir Ba\u015far\u0131r, grup ba\u015fkanvekilleri olarak g\u00f6revlerine devam edecekler.<\/strong> Bu durum, parti i\u00e7indeki istikrar\u0131n korunmas\u0131 ve mevcut \u00e7al\u0131\u015fmalar\u0131n kesintisiz devam etmesi a\u00e7\u0131s\u0131ndan \u00f6nem ta\u015f\u0131yor.<\/p>\n<p><\/p>\n<p><p>Parti yetkilileri, yap\u0131lan atamalar\u0131n parlamento \u00e7al\u0131\u015fmalar\u0131na yeni bir dinamizm kataca\u011f\u0131n\u0131 ve milletvekillerinin deneyim ve uzmanl\u0131klar\u0131n\u0131 daha etkin bir \u015fekilde kullanmalar\u0131n\u0131 sa\u011flayaca\u011f\u0131n\u0131 ifade ettiler. Ayr\u0131ca, yeni g\u00f6revlendirilen milletvekillerine ba\u015far\u0131lar dilendi ve parlamento \u00e7al\u0131\u015fmalar\u0131nda ba\u015far\u0131l\u0131 bir d\u00f6nem ge\u00e7irmeleri temenni edildi.<\/p>\n<\/p>\n<p><\/p>\n<p><ul>  <\/p>\n<ul>\n<li>Ankara Milletvekili Tekin Bing\u00f6l: TBMM Ba\u015fkanvekili<\/li>\n<p>  <\/p>\n<li>Kocaeli Milletvekili Harun \u00d6zg\u00fcr Y\u0131ld\u0131zl\u0131: \u0130dare Amiri<\/li>\n<p>  <\/p>\n<li>Adana Milletvekili M\u00fczeyyen \u015eevkin: Katip \u00dcye<\/li>\n<p>  <\/p>\n<li>Tekirda\u011f Milletvekili Nurten Yontar: Katip \u00dcye<\/li>\n<p>  <\/p>\n<li>Hatay Milletvekili Nermin Y\u0131ld\u0131r\u0131m Kara: Katip \u00dcye<\/li>\n<\/ul>\n<p><\/ul>\n<\/p>\n<p><\/p>\n<p><p>Yap\u0131lan bu de\u011fi\u015fikliklerin, TBMM&#8217;nin daha etkin ve verimli bir \u015fekilde \u00e7al\u0131\u015fmas\u0131na katk\u0131 sa\u011flayaca\u011f\u0131 ve \u00fclke sorunlar\u0131na \u00e7\u00f6z\u00fcm \u00fcretme s\u00fcrecinde \u00f6nemli rol oynayaca\u011f\u0131 belirtildi.<\/p><\/p>\n","protected":false},"excerpt":{"rendered":"<p>TBMM Ba\u015fkanl\u0131k Divan\u0131&#8217;nda De\u011fi\u015fim TBMM&#8217;nin kapal\u0131 grup toplant\u0131s\u0131nda yap\u0131lan oylama sonucunda, parlamento i\u00e7indeki g\u00f6rev da\u011f\u0131l\u0131m\u0131nda de\u011fi\u015fiklikler ya\u015fand\u0131. Ankara Milletvekili Tekin Bing\u00f6l, TBMM Ba\u015fkanvekili olarak se\u00e7ildi. Bu \u00f6nemli atama, parlamento \u00e7al\u0131\u015fmalar\u0131nda Ankara&#8217;y\u0131 temsil edecek yeni bir liderlik fig\u00fcr\u00fc olu\u015fturdu. \u0130dare Amiri&#8230;<\/p>\n","protected":false},"author":1,"featured_media":28928,"comment_status":"closed","ping_status":"closed","sticky":false,"template":"","format":"standard","meta":{"footnotes":""},"categories":[23],"tags":[],"class_list":["post-28927","post","type-post","status-publish","format-standard","has-post-thumbnail","hentry","category-siyaset"],"_links":{"self":[{"href":"http:\/\/gazetevizyon.com\/index.php?rest_route=\/wp\/v2\/posts\/28927","targetHints":{"allow":["GET"]}}],"collection":[{"href":"http:\/\/gazetevizyon.com\/index.php?rest_route=\/wp\/v2\/posts"}],"about":[{"href":"http:\/\/gazetevizyon.com\/index.php?rest_route=\/wp\/v2\/types\/post"}],"author":[{"embeddable":true,"href":"http:\/\/gazetevizyon.com\/index.php?rest_route=\/wp\/v2\/users\/1"}],"replies":[{"embeddable":true,"href":"http:\/\/gazetevizyon.com\/index.php?rest_route=%2Fwp%2Fv2%2Fcomments&post=28927"}],"version-history":[{"count":1,"href":"http:\/\/gazetevizyon.com\/index.php?rest_route=\/wp\/v2\/posts\/28927\/revisions"}],"predecessor-version":[{"id":28934,"href":"http:\/\/gazetevizyon.com\/index.php?rest_route=\/wp\/v2\/posts\/28927\/revisions\/28934"}],"wp:featuredmedia":[{"embeddable":true,"href":"http:\/\/gazetevizyon.com\/index.php?rest_route=\/wp\/v2\/media\/28928"}],"wp:attachment":[{"href":"http:\/\/gazetevizyon.com\/index.php?rest_route=%2Fwp%2Fv2%2Fmedia&parent=28927"}],"wp:term":[{"taxonomy":"category","embeddable":true,"href":"http:\/\/gazetevizyon.com\/index.php?rest_route=%2Fwp%2Fv2%2Fcategories&post=28927"},{"taxonomy":"post_tag","embeddable":true,"href":"http:\/\/gazetevizyon.com\/index.php?rest_route=%2Fwp%2Fv2%2Ftags&post=28927"}],"curies":[{"name":"wp","href":"https:\/\/api.w.org\/{rel}","templated":true}]}}