{"id":28961,"date":"2025-05-24T03:32:21","date_gmt":"2025-05-24T03:32:21","guid":{"rendered":"http:\/\/gazetevizyon.com\/?p=28961"},"modified":"2025-05-24T03:32:21","modified_gmt":"2025-05-24T03:32:21","slug":"balikesirspor-3-lig-play-off-finalinde-musspor-ile-karsilasiyor","status":"publish","type":"post","link":"http:\/\/gazetevizyon.com\/?p=28961","title":{"rendered":"Bal\u0131kesirspor, 3. Lig Play-Off Finalinde Mu\u015fspor ile Kar\u015f\u0131la\u015f\u0131yor"},"content":{"rendered":"<p>\n<h2>Bal\u0131kesirspor Finalde Zorlu Bir M\u00fccadeleye Giriyor<\/h2>\n<\/p>\n<p><\/p>\n<p>Bal\u0131kesirspor, 3. Lig Play<\/p>\n<ul>\n<li>Off finalinde Mu\u015fspor ile kar\u015f\u0131 kar\u015f\u0131ya geliyor. Bu kar\u015f\u0131la\u015fma, sadece bir futbol ma\u00e7\u0131 olman\u0131n \u00f6tesinde, t\u00fcm kentin onur m\u00fccadelesi olarak de\u011ferlendiriliyor. 24 May\u0131s tarihinde ger\u00e7ekle\u015fecek olan final, Bal\u0131kesir i\u00e7in tarihi bir an\u0131 temsil ediyor.<\/p>\n<\/li>\n<p><\/p>\n<p><h3>Kentin Birlik ve Beraberlik Vurgusu<\/h3>\n<\/p>\n<p><\/p>\n<p>Bal\u0131kesirspor&#8217;un bu \u00f6nemli m\u00fccadelesi, kentin t\u00fcm kesimlerini kenetlenmeye \u00e7a\u011f\u0131r\u0131yor. Taraftarlar, trib\u00fcnlerde tak\u0131mlar\u0131n\u0131 desteklerken, sahada m\u00fccadele eden futbolcular da y\u00fcrekli bir \u015fekilde ter d\u00f6kecek. <strong>Bal\u0131kesirspor&#8217;un ba\u015far\u0131s\u0131, t\u00fcm kentin ortak hedefi haline geldi.<\/strong><\/p>\n<p><\/p>\n<p><h3>Tarihi Bir An<\/h3>\n<\/p>\n<p><\/p>\n<p>Bal\u0131kesirspor, tarihinde en zorlu virajlar\u0131ndan birinde bulunuyor. K\u0131rm\u0131z\u0131<\/p>\n<li>beyaz renklere g\u00f6n\u00fcl vermi\u015f binlerce taraftar, tak\u0131mlar\u0131n\u0131 desteklemek i\u00e7in stadyuma ak\u0131n edecek. Bu m\u00fccadelenin, Bal\u0131kesir i\u00e7in unutulmaz bir destan yazma f\u0131rsat\u0131 oldu\u011fu vurgulan\u0131yor.<\/p>\n<\/li>\n<p><\/p>\n<p><h3>\u015eehir Olarak Destek Zaman\u0131<\/h3>\n<\/p>\n<p><\/p>\n<p>Final kar\u015f\u0131la\u015fmas\u0131 i\u00e7in t\u00fcm Bal\u0131kesir halk\u0131 tek y\u00fcrek olmaya \u00e7a\u011fr\u0131l\u0131yor. Sadece 11 futbolcunun sahada m\u00fccadele etmeyece\u011fi, arkalar\u0131nda t\u00fcm bir \u015fehrin deste\u011fiyle sahaya \u00e7\u0131kacaklar\u0131 belirtiliyor. <\/p>\n<p><\/p>\n<p><ul>    <\/p>\n<li>Kar\u015f\u0131la\u015fma tarihi: 24 May\u0131s<\/li>\n<p>    <\/p>\n<li>Kar\u015f\u0131la\u015fma saati: 20:00<\/li>\n<p>    <\/p>\n<li>Kar\u015f\u0131la\u015fma yeri: Bal\u0131kesir<\/li>\n<\/ul>\n<p><\/ul>\n<\/p>\n<p><\/p>\n<p><strong>Bal\u0131kesir Geneli T\u00fcm Led Ekranlar arac\u0131l\u0131\u011f\u0131yla kar\u015f\u0131la\u015fma anl\u0131k olarak takip edilebilecek.<\/strong> Bu durum, kar\u015f\u0131la\u015fmay\u0131 izleyemeyen vatanda\u015flar\u0131n da tak\u0131mlar\u0131n\u0131 desteklemesine olanak sa\u011flayacak.<\/p>\n<p><\/p>\n<p>Bal\u0131kesirspor&#8217;un bu \u00f6nemli m\u00fccadelesinde elde edece\u011fi sonu\u00e7, kentin spor alan\u0131ndaki ba\u015far\u0131s\u0131n\u0131 daha da ileriye ta\u015f\u0131mas\u0131 bekleniyor.<\/p><\/p>\n","protected":false},"excerpt":{"rendered":"<p>Bal\u0131kesirspor Finalde Zorlu Bir M\u00fccadeleye Giriyor Bal\u0131kesirspor, 3. Lig Play Off finalinde Mu\u015fspor ile kar\u015f\u0131 kar\u015f\u0131ya geliyor. Bu kar\u015f\u0131la\u015fma, sadece bir futbol ma\u00e7\u0131 olman\u0131n \u00f6tesinde, t\u00fcm kentin onur m\u00fccadelesi olarak de\u011ferlendiriliyor. 24 May\u0131s tarihinde ger\u00e7ekle\u015fecek olan final, Bal\u0131kesir i\u00e7in tarihi&#8230;<\/p>\n","protected":false},"author":1,"featured_media":28962,"comment_status":"closed","ping_status":"closed","sticky":false,"template":"","format":"standard","meta":{"footnotes":""},"categories":[23],"tags":[],"class_list":["post-28961","post","type-post","status-publish","format-standard","has-post-thumbnail","hentry","category-siyaset"],"_links":{"self":[{"href":"http:\/\/gazetevizyon.com\/index.php?rest_route=\/wp\/v2\/posts\/28961","targetHints":{"allow":["GET"]}}],"collection":[{"href":"http:\/\/gazetevizyon.com\/index.php?rest_route=\/wp\/v2\/posts"}],"about":[{"href":"http:\/\/gazetevizyon.com\/index.php?rest_route=\/wp\/v2\/types\/post"}],"author":[{"embeddable":true,"href":"http:\/\/gazetevizyon.com\/index.php?rest_route=\/wp\/v2\/users\/1"}],"replies":[{"embeddable":true,"href":"http:\/\/gazetevizyon.com\/index.php?rest_route=%2Fwp%2Fv2%2Fcomments&post=28961"}],"version-history":[{"count":1,"href":"http:\/\/gazetevizyon.com\/index.php?rest_route=\/wp\/v2\/posts\/28961\/revisions"}],"predecessor-version":[{"id":28965,"href":"http:\/\/gazetevizyon.com\/index.php?rest_route=\/wp\/v2\/posts\/28961\/revisions\/28965"}],"wp:featuredmedia":[{"embeddable":true,"href":"http:\/\/gazetevizyon.com\/index.php?rest_route=\/wp\/v2\/media\/28962"}],"wp:attachment":[{"href":"http:\/\/gazetevizyon.com\/index.php?rest_route=%2Fwp%2Fv2%2Fmedia&parent=28961"}],"wp:term":[{"taxonomy":"category","embeddable":true,"href":"http:\/\/gazetevizyon.com\/index.php?rest_route=%2Fwp%2Fv2%2Fcategories&post=28961"},{"taxonomy":"post_tag","embeddable":true,"href":"http:\/\/gazetevizyon.com\/index.php?rest_route=%2Fwp%2Fv2%2Ftags&post=28961"}],"curies":[{"name":"wp","href":"https:\/\/api.w.org\/{rel}","templated":true}]}}