{"id":29098,"date":"2025-05-26T12:38:30","date_gmt":"2025-05-26T12:38:30","guid":{"rendered":"http:\/\/gazetevizyon.com\/?p=29098"},"modified":"2025-05-26T12:38:30","modified_gmt":"2025-05-26T12:38:30","slug":"samlida-tarim-altyapisi-guclendiriliyor-sulama-sistemi-yenileniyor-taskin-riski-azaltiliyor","status":"publish","type":"post","link":"http:\/\/gazetevizyon.com\/?p=29098","title":{"rendered":"\u015eaml\u0131&#8217;da Tar\u0131m Altyap\u0131s\u0131 G\u00fc\u00e7lendiriliyor: Sulama Sistemi Yenileniyor, Ta\u015fk\u0131n Riski Azalt\u0131l\u0131yor"},"content":{"rendered":"<p>\n<h2>\u015eaml\u0131&#8217;da Tar\u0131m Altyap\u0131s\u0131 G\u00fc\u00e7lendiriliyor<\/h2>\n<\/p>\n<p><\/p>\n<p><p>Bal\u0131kesir&#8217;in Karesi il\u00e7esine ba\u011fl\u0131 \u015eaml\u0131 Mahallesi&#8217;nde \u00e7ift\u00e7ileri ve \u00fcreticileri sevindiren iki \u00f6nemli proje hayata ge\u00e7iriliyor. <strong>Sulama altyap\u0131s\u0131 yenilenerek kapal\u0131 sisteme ge\u00e7irilmesi ve ta\u015fk\u0131n riskini azaltacak projenin ihalesinin yap\u0131lmas\u0131<\/strong> b\u00f6lgedeki tar\u0131m faaliyetlerini olumlu y\u00f6nde etkilemesi bekleniyor.<\/p>\n<\/p>\n<p><\/p>\n<p><h3>A\u00e7\u0131k Sistem Sulama Kapal\u0131 Sisteme Ge\u00e7iyor<\/h3>\n<\/p>\n<p><\/p>\n<p><p>\u015eaml\u0131 Mahallesi&#8217;nde mevcut a\u00e7\u0131k sistemle \u00e7al\u0131\u015fan sulama altyap\u0131s\u0131, daha verimli ve s\u00fcrd\u00fcr\u00fclebilir bir sisteme kavu\u015fturuluyor. Bu kapsamda, mevcut g\u00f6letin modernizasyonu yap\u0131larak su israf\u0131n\u0131n \u00f6n\u00fcne ge\u00e7ilecek. Kapal\u0131 sistem sulama, suyun daha kontroll\u00fc bir \u015fekilde kullan\u0131lmas\u0131na olanak sa\u011flayacak, b\u00f6ylece tar\u0131m arazilerinde su verimlili\u011fi art\u0131r\u0131lacak ve \u00fcr\u00fcn veriminde y\u00fckselme sa\u011flanacak. Bu modernizasyon \u00e7al\u0131\u015fmas\u0131, \u00e7ift\u00e7ilerin su faturalar\u0131n\u0131 d\u00fc\u015f\u00fcrmesine ve daha az suyla daha fazla \u00fcr\u00fcn elde etmesine yard\u0131mc\u0131 olacak.<\/p>\n<\/p>\n<p><\/p>\n<p><h3>Ta\u015fk\u0131n Riski Azalt\u0131l\u0131yor<\/h3>\n<\/p>\n<p><\/p>\n<p><p>\u015eaml\u0131 Mahallesi&#8217;ni ta\u015fk\u0131nlardan koruyacak projenin ihalesi ise <strong>3 Haziran&#8217;da<\/strong> ger\u00e7ekle\u015ftirilecek. Bu proje, tar\u0131m arazilerinin ve yerle\u015fim alanlar\u0131n\u0131n ta\u015fk\u0131n riskine kar\u015f\u0131 daha g\u00fcvenli hale getirilmesini ama\u00e7l\u0131yor. \u00d6zellikle ya\u011f\u0131\u015fl\u0131 mevsimlerde s\u0131k ya\u015fanan su bask\u0131nlar\u0131 nedeniyle ma\u011fduriyet ya\u015fayan b\u00f6lge halk\u0131, bu proje ile rahat bir nefes alacak. Projenin hayata ge\u00e7irilmesiyle birlikte, tar\u0131m arazilerinde olu\u015fabilecek maddi kay\u0131plar\u0131n \u00f6n\u00fcne ge\u00e7ilecek ve yerle\u015fim alanlar\u0131ndaki can ve mal g\u00fcvenli\u011fi art\u0131r\u0131lacak.<\/p>\n<\/p>\n<p><\/p>\n<p><p>Proje kapsam\u0131nda yap\u0131lacak \u00e7al\u0131\u015fmalar \u015funlar\u0131 i\u00e7eriyor:<\/p>\n<p><\/p>\n<ul>    <\/p>\n<ul>\n<li>Drenaj kanallar\u0131n\u0131n iyile\u015ftirilmesi<\/li>\n<p>    <\/p>\n<li>Sediment birikintilerinin temizlenmesi<\/li>\n<p>    <\/p>\n<li>Ta\u015fk\u0131n bariyerlerinin g\u00fc\u00e7lendirilmesi<\/li>\n<p>    <\/p>\n<li>Su tahliye sistemlerinin modernizasyonu<\/li>\n<\/ul>\n<p><\/ul>\n<\/p>\n<p><\/p>\n<p><p>Bu projelerin hayata ge\u00e7irilmesiyle birlikte, \u015eaml\u0131 Mahallesi&#8217;nde tar\u0131m sekt\u00f6r\u00fcn\u00fcn daha s\u00fcrd\u00fcr\u00fclebilir bir hale gelmesi ve b\u00f6lge halk\u0131n\u0131n refah d\u00fczeyinin artmas\u0131 hedefleniyor. Yetkililer, projelerin en k\u0131sa s\u00fcrede tamamlanmas\u0131 i\u00e7in gerekli t\u00fcm ad\u0131mlar\u0131n at\u0131ld\u0131\u011f\u0131n\u0131 ve \u00e7al\u0131\u015fmalar\u0131n titizlikle y\u00fcr\u00fct\u00fcld\u00fc\u011f\u00fcn\u00fc belirtti.<\/p><\/p>\n","protected":false},"excerpt":{"rendered":"<p>\u015eaml\u0131&#8217;da Tar\u0131m Altyap\u0131s\u0131 G\u00fc\u00e7lendiriliyor Bal\u0131kesir&#8217;in Karesi il\u00e7esine ba\u011fl\u0131 \u015eaml\u0131 Mahallesi&#8217;nde \u00e7ift\u00e7ileri ve \u00fcreticileri sevindiren iki \u00f6nemli proje hayata ge\u00e7iriliyor. Sulama altyap\u0131s\u0131 yenilenerek kapal\u0131 sisteme ge\u00e7irilmesi ve ta\u015fk\u0131n riskini azaltacak projenin ihalesinin yap\u0131lmas\u0131 b\u00f6lgedeki tar\u0131m faaliyetlerini olumlu y\u00f6nde etkilemesi bekleniyor. A\u00e7\u0131k&#8230;<\/p>\n","protected":false},"author":1,"featured_media":29099,"comment_status":"closed","ping_status":"closed","sticky":false,"template":"","format":"standard","meta":{"footnotes":""},"categories":[23],"tags":[],"class_list":["post-29098","post","type-post","status-publish","format-standard","has-post-thumbnail","hentry","category-siyaset"],"_links":{"self":[{"href":"http:\/\/gazetevizyon.com\/index.php?rest_route=\/wp\/v2\/posts\/29098","targetHints":{"allow":["GET"]}}],"collection":[{"href":"http:\/\/gazetevizyon.com\/index.php?rest_route=\/wp\/v2\/posts"}],"about":[{"href":"http:\/\/gazetevizyon.com\/index.php?rest_route=\/wp\/v2\/types\/post"}],"author":[{"embeddable":true,"href":"http:\/\/gazetevizyon.com\/index.php?rest_route=\/wp\/v2\/users\/1"}],"replies":[{"embeddable":true,"href":"http:\/\/gazetevizyon.com\/index.php?rest_route=%2Fwp%2Fv2%2Fcomments&post=29098"}],"version-history":[{"count":1,"href":"http:\/\/gazetevizyon.com\/index.php?rest_route=\/wp\/v2\/posts\/29098\/revisions"}],"predecessor-version":[{"id":29104,"href":"http:\/\/gazetevizyon.com\/index.php?rest_route=\/wp\/v2\/posts\/29098\/revisions\/29104"}],"wp:featuredmedia":[{"embeddable":true,"href":"http:\/\/gazetevizyon.com\/index.php?rest_route=\/wp\/v2\/media\/29099"}],"wp:attachment":[{"href":"http:\/\/gazetevizyon.com\/index.php?rest_route=%2Fwp%2Fv2%2Fmedia&parent=29098"}],"wp:term":[{"taxonomy":"category","embeddable":true,"href":"http:\/\/gazetevizyon.com\/index.php?rest_route=%2Fwp%2Fv2%2Fcategories&post=29098"},{"taxonomy":"post_tag","embeddable":true,"href":"http:\/\/gazetevizyon.com\/index.php?rest_route=%2Fwp%2Fv2%2Ftags&post=29098"}],"curies":[{"name":"wp","href":"https:\/\/api.w.org\/{rel}","templated":true}]}}