{"id":29111,"date":"2025-05-26T15:40:20","date_gmt":"2025-05-26T15:40:20","guid":{"rendered":"http:\/\/gazetevizyon.com\/?p=29111"},"modified":"2025-05-26T15:40:20","modified_gmt":"2025-05-26T15:40:20","slug":"muzik-dunyasinin-onemli-isimlerinden-ilhan-sesen-vefat-etti","status":"publish","type":"post","link":"http:\/\/gazetevizyon.com\/?p=29111","title":{"rendered":"M\u00fczik D\u00fcnyas\u0131n\u0131n \u00d6nemli \u0130simlerinden \u0130lhan \u015ee\u015fen Vefat Etti"},"content":{"rendered":"<p>\n<h2>M\u00fczik D\u00fcnyas\u0131 Yasta: \u0130lhan \u015ee\u015fen Hayat\u0131n\u0131 Kaybetti<\/h2>\n<\/p>\n<p><\/p>\n<p><p>M\u00fczik d\u00fcnyas\u0131n\u0131n sevilen ve sayg\u0131 duyulan isimlerinden <strong>\u0130lhan \u015ee\u015fen<\/strong>, vefat etti. \u015ee\u015fen&#8217;in vefat\u0131, sanat camias\u0131nda b\u00fcy\u00fck \u00fcz\u00fcnt\u00fcye neden oldu.<\/p>\n<\/p>\n<p><\/p>\n<p><h3>\u0130lhan \u015ee\u015fen Kimdi?<\/h3>\n<\/p>\n<p><\/p>\n<p><p>\u0130lhan \u015ee\u015fen, T\u00fcrk halk m\u00fczi\u011fi ve pop m\u00fczi\u011fi alanlar\u0131nda \u00f6nemli eserlere imza atm\u0131\u015f bir sanat\u00e7\u0131yd\u0131. \u00d6zellikle 1970&#8217;li ve 1980&#8217;li y\u0131llarda pop\u00fclerle\u015fen \u015ee\u015fen, kendine \u00f6zg\u00fc tarz\u0131 ve yorumuyla geni\u015f bir hayran kitlesi edinmi\u015fti. \u015eark\u0131lar\u0131, y\u0131llar ge\u00e7mesine ra\u011fmen dinleyiciler taraf\u0131ndan hala b\u00fcy\u00fck bir ilgiyle dinleniyor.<\/p>\n<\/p>\n<p><\/p>\n<p><h3>Sanat Camias\u0131ndan Ba\u015fsa\u011fl\u0131\u011f\u0131 Mesajlar\u0131<\/h3>\n<\/p>\n<p><\/p>\n<p><p>CHP Bal\u0131kesir \u0130l Ba\u015fkanl\u0131\u011f\u0131, \u0130lhan \u015ee\u015fen&#8217;in vefat\u0131 \u00fczerine ba\u015fsa\u011fl\u0131\u011f\u0131 mesaj\u0131 yay\u0131nlad\u0131. Mesajda, \u015ee\u015fen&#8217;in sanat\u0131yla, s\u00f6zleriyle ve duru\u015fuyla hep kal\u0131c\u0131 izler b\u0131rakt\u0131\u011f\u0131 vurguland\u0131. Ayr\u0131ca, ailesine, sevenlerine ve t\u00fcm sanat camias\u0131na ba\u015fsa\u011fl\u0131\u011f\u0131 dilendi. <\/p>\n<\/p>\n<p><\/p>\n<p><h3>\u0130lhan \u015ee\u015fen&#8217;in Eserleri<\/h3>\n<\/p>\n<p><\/p>\n<p><p>\u0130lhan \u015ee\u015fen, uzun ve ba\u015far\u0131l\u0131 kariyeri boyunca bir\u00e7ok unutulmaz esere imza atm\u0131\u015ft\u0131r. \u015eark\u0131lar\u0131nda genellikle toplumsal konulara de\u011finmi\u015f ve insan\u0131 oda\u011f\u0131na alan mesajlar vermi\u015ftir. Eserleri aras\u0131nda \u015funlar say\u0131labilir:<\/p>\n<p><\/p>\n<ul>    <\/p>\n<ul>\n<li>&#8220;Denizler Ye\u015fildir&#8221;<\/li>\n<p>    <\/p>\n<li>&#8220;G\u00f6zya\u015flar\u0131&#8221;<\/li>\n<p>    <\/p>\n<li>&#8220;Y\u0131ld\u0131zlar&#8221;<\/li>\n<p>    <\/p>\n<li>&#8220;Benim Yurdum&#8221;<\/li>\n<\/ul>\n<p><\/ul>\n<\/p>\n<p><\/p>\n<p><h3>Son Yolculu\u011fa U\u011furland\u0131<\/h3>\n<\/p>\n<p><\/p>\n<p><p>\u0130lhan \u015ee\u015fen&#8217;in cenazesinin ne zaman ve nerede defnedilece\u011fi hen\u00fcz a\u00e7\u0131klanmad\u0131. Cenaze t\u00f6renine sanat camias\u0131ndan bir\u00e7ok ismin kat\u0131lmas\u0131 bekleniyor. \u015ee\u015fen&#8217;in vefat\u0131, T\u00fcrk m\u00fczi\u011fi i\u00e7in b\u00fcy\u00fck bir kay\u0131p olarak de\u011ferlendiriliyor.<\/p><\/p>\n","protected":false},"excerpt":{"rendered":"<p>M\u00fczik D\u00fcnyas\u0131 Yasta: \u0130lhan \u015ee\u015fen Hayat\u0131n\u0131 Kaybetti M\u00fczik d\u00fcnyas\u0131n\u0131n sevilen ve sayg\u0131 duyulan isimlerinden \u0130lhan \u015ee\u015fen, vefat etti. \u015ee\u015fen&#8217;in vefat\u0131, sanat camias\u0131nda b\u00fcy\u00fck \u00fcz\u00fcnt\u00fcye neden oldu. \u0130lhan \u015ee\u015fen Kimdi? \u0130lhan \u015ee\u015fen, T\u00fcrk halk m\u00fczi\u011fi ve pop m\u00fczi\u011fi alanlar\u0131nda \u00f6nemli eserlere&#8230;<\/p>\n","protected":false},"author":1,"featured_media":29112,"comment_status":"closed","ping_status":"closed","sticky":false,"template":"","format":"standard","meta":{"footnotes":""},"categories":[23],"tags":[],"class_list":["post-29111","post","type-post","status-publish","format-standard","has-post-thumbnail","hentry","category-siyaset"],"_links":{"self":[{"href":"http:\/\/gazetevizyon.com\/index.php?rest_route=\/wp\/v2\/posts\/29111","targetHints":{"allow":["GET"]}}],"collection":[{"href":"http:\/\/gazetevizyon.com\/index.php?rest_route=\/wp\/v2\/posts"}],"about":[{"href":"http:\/\/gazetevizyon.com\/index.php?rest_route=\/wp\/v2\/types\/post"}],"author":[{"embeddable":true,"href":"http:\/\/gazetevizyon.com\/index.php?rest_route=\/wp\/v2\/users\/1"}],"replies":[{"embeddable":true,"href":"http:\/\/gazetevizyon.com\/index.php?rest_route=%2Fwp%2Fv2%2Fcomments&post=29111"}],"version-history":[{"count":1,"href":"http:\/\/gazetevizyon.com\/index.php?rest_route=\/wp\/v2\/posts\/29111\/revisions"}],"predecessor-version":[{"id":29123,"href":"http:\/\/gazetevizyon.com\/index.php?rest_route=\/wp\/v2\/posts\/29111\/revisions\/29123"}],"wp:featuredmedia":[{"embeddable":true,"href":"http:\/\/gazetevizyon.com\/index.php?rest_route=\/wp\/v2\/media\/29112"}],"wp:attachment":[{"href":"http:\/\/gazetevizyon.com\/index.php?rest_route=%2Fwp%2Fv2%2Fmedia&parent=29111"}],"wp:term":[{"taxonomy":"category","embeddable":true,"href":"http:\/\/gazetevizyon.com\/index.php?rest_route=%2Fwp%2Fv2%2Fcategories&post=29111"},{"taxonomy":"post_tag","embeddable":true,"href":"http:\/\/gazetevizyon.com\/index.php?rest_route=%2Fwp%2Fv2%2Ftags&post=29111"}],"curies":[{"name":"wp","href":"https:\/\/api.w.org\/{rel}","templated":true}]}}