{"id":29113,"date":"2025-05-26T17:43:50","date_gmt":"2025-05-26T17:43:50","guid":{"rendered":"http:\/\/gazetevizyon.com\/?p=29113"},"modified":"2025-05-26T17:43:50","modified_gmt":"2025-05-26T17:43:50","slug":"balikesirde-baharin-coskusu-konserlerle-yayiliyor","status":"publish","type":"post","link":"http:\/\/gazetevizyon.com\/?p=29113","title":{"rendered":"Bal\u0131kesir&#8217;de Bahar\u0131n Co\u015fkusu Konserlerle Yay\u0131l\u0131yor"},"content":{"rendered":"<p>\n<h2>Bal\u0131kesir&#8217;de Bahar Konserleri Devam Ediyor<\/h2>\n<\/p>\n<p><\/p>\n<p><p><strong>Bal\u0131kesir B\u00fcy\u00fck\u015fehir Belediyesi<\/strong>&#8216;nin d\u00fczenledi\u011fi &#8220;Bahara Yolculuk&#8221; konserleri, ilin farkl\u0131 il\u00e7elerinde vatanda\u015flar\u0131 m\u00fczikle bulu\u015fturmaya devam ediyor. Konserler, bahar\u0131n co\u015fkusunu Bal\u0131kesir genelinde yaymay\u0131 hedefliyor.<\/p>\n<\/p>\n<p><\/p>\n<p><h3>Ak\u00e7ay Meydan\u0131 Konseri Yar\u0131n Ger\u00e7ekle\u015fecek<\/h3>\n<\/p>\n<p><\/p>\n<p><p>Konser serisinin bir sonraki dura\u011f\u0131 <strong>Edremit<\/strong> il\u00e7esine ba\u011fl\u0131 <strong>Ak\u00e7ay Meydan\u0131<\/strong> olacak. Yar\u0131n, <strong>27 May\u0131s Sal\u0131<\/strong> g\u00fcn\u00fc saat <strong>20:30<\/strong>&#8216;da ba\u015flayacak konser, Ak\u00e7ayl\u0131lar\u0131 m\u00fczik dolu bir geceye davet ediyor. Etkinli\u011fe kat\u0131l\u0131m \u00fccretsiz olacak.<\/p>\n<\/p>\n<p><\/p>\n<p><p>Konser program\u0131nda yer alan sanat\u00e7\u0131lar ve repertuvar hakk\u0131nda detayl\u0131 bilgi hen\u00fcz a\u00e7\u0131klanmad\u0131. Ancak, organizat\u00f6rler, etkinli\u011fin t\u00fcm vatanda\u015flara hitap edecek \u015fekilde haz\u0131rland\u0131\u011f\u0131n\u0131 belirtiyor. Konserde, yerel sanat\u00e7\u0131lar da sahne alarak Ak\u00e7ay&#8217;\u0131n k\u00fclt\u00fcrel zenginli\u011fini g\u00f6zler \u00f6n\u00fcne serecek.<\/p>\n<\/p>\n<p><\/p>\n<p><h3>Konser Serisinin Hedefleri<\/h3>\n<\/p>\n<p><\/p>\n<p><p>B\u00fcy\u00fck\u015fehir Belediyesi yetkilileri, &#8220;Bahara Yolculuk&#8221; konserlerinin, vatanda\u015flar\u0131n sosyal hayat\u0131n\u0131 canland\u0131rmay\u0131 ve ilin farkl\u0131 b\u00f6lgelerindeki k\u00fclt\u00fcrel etkile\u015fimi art\u0131rmay\u0131 ama\u00e7lad\u0131\u011f\u0131n\u0131 vurgulad\u0131lar. Yetkililer, konserlerin sadece e\u011flence ama\u00e7l\u0131 olmad\u0131\u011f\u0131n\u0131, ayn\u0131 zamanda ilin tan\u0131t\u0131m\u0131na da katk\u0131 sa\u011flad\u0131\u011f\u0131n\u0131 dile getirdiler.<\/p>\n<\/p>\n<p><\/p>\n<p><ul>  <\/p>\n<ul>\n<li>Konserlerin il genelindeki t\u00fcm il\u00e7elerde ger\u00e7ekle\u015ftirilmesi planlan\u0131yor.<\/li>\n<p>  <\/p>\n<li>Etkinlikler, \u00fccretsiz olarak halk\u0131n kat\u0131l\u0131m\u0131na a\u00e7\u0131k olacak.<\/li>\n<p>  <\/p>\n<li>Konserlerde yerel sanat\u00e7\u0131lara da yer verilerek, k\u00fclt\u00fcrel \u00e7e\u015fitlilik \u00f6n plana \u00e7\u0131kar\u0131lacak.<\/li>\n<\/ul>\n<p><\/ul>\n<\/p>\n<p><\/p>\n<p><p>Konser serisi, bahar aylar\u0131n\u0131n co\u015fkusunu Bal\u0131kesir&#8217;de ya\u015fayan herkesle payla\u015fmay\u0131 ama\u00e7layan geni\u015f kapsaml\u0131 bir organizasyon olarak dikkat \u00e7ekiyor. Etkinli\u011fe kat\u0131larak bahar\u0131n tad\u0131n\u0131 \u00e7\u0131karmak isteyenlerin, Ak\u00e7ay Meydan\u0131&#8217;nda bulu\u015fmas\u0131 bekleniyor.<\/p><\/p>\n","protected":false},"excerpt":{"rendered":"<p>Bal\u0131kesir&#8217;de Bahar Konserleri Devam Ediyor Bal\u0131kesir B\u00fcy\u00fck\u015fehir Belediyesi&#8216;nin d\u00fczenledi\u011fi &#8220;Bahara Yolculuk&#8221; konserleri, ilin farkl\u0131 il\u00e7elerinde vatanda\u015flar\u0131 m\u00fczikle bulu\u015fturmaya devam ediyor. Konserler, bahar\u0131n co\u015fkusunu Bal\u0131kesir genelinde yaymay\u0131 hedefliyor. Ak\u00e7ay Meydan\u0131 Konseri Yar\u0131n Ger\u00e7ekle\u015fecek Konser serisinin bir sonraki dura\u011f\u0131 Edremit il\u00e7esine ba\u011fl\u0131&#8230;<\/p>\n","protected":false},"author":1,"featured_media":29114,"comment_status":"closed","ping_status":"closed","sticky":false,"template":"","format":"standard","meta":{"footnotes":""},"categories":[36],"tags":[],"class_list":["post-29113","post","type-post","status-publish","format-standard","has-post-thumbnail","hentry","category-manset"],"_links":{"self":[{"href":"http:\/\/gazetevizyon.com\/index.php?rest_route=\/wp\/v2\/posts\/29113","targetHints":{"allow":["GET"]}}],"collection":[{"href":"http:\/\/gazetevizyon.com\/index.php?rest_route=\/wp\/v2\/posts"}],"about":[{"href":"http:\/\/gazetevizyon.com\/index.php?rest_route=\/wp\/v2\/types\/post"}],"author":[{"embeddable":true,"href":"http:\/\/gazetevizyon.com\/index.php?rest_route=\/wp\/v2\/users\/1"}],"replies":[{"embeddable":true,"href":"http:\/\/gazetevizyon.com\/index.php?rest_route=%2Fwp%2Fv2%2Fcomments&post=29113"}],"version-history":[{"count":1,"href":"http:\/\/gazetevizyon.com\/index.php?rest_route=\/wp\/v2\/posts\/29113\/revisions"}],"predecessor-version":[{"id":29126,"href":"http:\/\/gazetevizyon.com\/index.php?rest_route=\/wp\/v2\/posts\/29113\/revisions\/29126"}],"wp:featuredmedia":[{"embeddable":true,"href":"http:\/\/gazetevizyon.com\/index.php?rest_route=\/wp\/v2\/media\/29114"}],"wp:attachment":[{"href":"http:\/\/gazetevizyon.com\/index.php?rest_route=%2Fwp%2Fv2%2Fmedia&parent=29113"}],"wp:term":[{"taxonomy":"category","embeddable":true,"href":"http:\/\/gazetevizyon.com\/index.php?rest_route=%2Fwp%2Fv2%2Fcategories&post=29113"},{"taxonomy":"post_tag","embeddable":true,"href":"http:\/\/gazetevizyon.com\/index.php?rest_route=%2Fwp%2Fv2%2Ftags&post=29113"}],"curies":[{"name":"wp","href":"https:\/\/api.w.org\/{rel}","templated":true}]}}