{"id":29380,"date":"2025-05-30T20:42:01","date_gmt":"2025-05-30T20:42:01","guid":{"rendered":"http:\/\/gazetevizyon.com\/?p=29380"},"modified":"2025-05-30T20:42:01","modified_gmt":"2025-05-30T20:42:01","slug":"duzcede-adalet-ve-umut-mitingi-yarin-anitpark-meydaninda","status":"publish","type":"post","link":"http:\/\/gazetevizyon.com\/?p=29380","title":{"rendered":"D\u00fczce&#8217;de Adalet ve Umut Mitingi Yar\u0131n An\u0131tpark Meydan\u0131&#8217;nda"},"content":{"rendered":"<p>\n<h2>D\u00fczce&#8217;de B\u00fcy\u00fck Miting Haz\u0131rl\u0131\u011f\u0131<\/h2>\n<\/p>\n<p><\/p>\n<p><strong>D\u00fczce<\/strong>&#8216;de yar\u0131n ger\u00e7ekle\u015fecek olan b\u00fcy\u00fck miting \u00f6ncesinde alanda son haz\u0131rl\u0131klar tamamland\u0131. Miting, <strong>vatanda\u015flar\u0131n<\/strong> co\u015fkusuna ve taleplerine cevap vermek amac\u0131yla d\u00fczenleniyor.<\/p>\n<p><\/p>\n<p><h3>Mitingin Detaylar\u0131<\/h3>\n<\/p>\n<p><\/p>\n<p>Miting, 31 May\u0131s Cumartesi g\u00fcn\u00fc saat 14:00\u2019da An\u0131tpark Meydan\u0131&#8217;nda ger\u00e7ekle\u015ftirilecek. Organizasyon ekibi, <strong>An\u0131tpark Meydan\u0131<\/strong>\u2019nda her ayr\u0131nt\u0131y\u0131 titizlikle kontrol ediyor.<\/p>\n<p><\/p>\n<p><h3>Adalet, E\u015fitlik ve Refah Vurgusu<\/h3>\n<\/p>\n<p><\/p>\n<p>Mitingin temel amac\u0131 <strong>adalet<\/strong>, <strong>e\u015fitlik<\/strong> ve <strong>refah<\/strong> taleplerini y\u00fckseltmek. Organizat\u00f6rler, t\u00fcm vatanda\u015flar\u0131 meydanlarda bulu\u015fmaya davet ediyor.<\/p>\n<p><\/p>\n<p><h3>Co\u015fkulu Kat\u0131l\u0131m Bekleniyor<\/h3>\n<\/p>\n<p><\/p>\n<p>Mitingde <strong>umudu b\u00fcy\u00fctmek<\/strong> ve birlik beraberlik mesaj\u0131 vermek hedefleniyor. Organizasyon ekibi, geni\u015f bir kat\u0131l\u0131m bekliyor ve t\u00fcm haz\u0131rl\u0131klar bu do\u011frultuda yap\u0131l\u0131yor.<\/p>\n<p><\/p>\n<p><ul>    <\/p>\n<ul>\n<li><strong>Tarih:<\/strong> 31 May\u0131s Cumartesi<\/li>\n<p>    <\/p>\n<li><strong>Saat:<\/strong> 14:00<\/li>\n<p>    <\/p>\n<li><strong>Yer:<\/strong> An\u0131tpark Meydan\u0131<\/li>\n<\/ul>\n<p><\/ul><\/p>\n","protected":false},"excerpt":{"rendered":"<p>D\u00fczce&#8217;de B\u00fcy\u00fck Miting Haz\u0131rl\u0131\u011f\u0131 D\u00fczce&#8216;de yar\u0131n ger\u00e7ekle\u015fecek olan b\u00fcy\u00fck miting \u00f6ncesinde alanda son haz\u0131rl\u0131klar tamamland\u0131. Miting, vatanda\u015flar\u0131n co\u015fkusuna ve taleplerine cevap vermek amac\u0131yla d\u00fczenleniyor. Mitingin Detaylar\u0131 Miting, 31 May\u0131s Cumartesi g\u00fcn\u00fc saat 14:00\u2019da An\u0131tpark Meydan\u0131&#8217;nda ger\u00e7ekle\u015ftirilecek. Organizasyon ekibi, An\u0131tpark Meydan\u0131\u2019nda&#8230;<\/p>\n","protected":false},"author":1,"featured_media":29381,"comment_status":"closed","ping_status":"closed","sticky":false,"template":"","format":"standard","meta":{"footnotes":""},"categories":[23],"tags":[],"class_list":["post-29380","post","type-post","status-publish","format-standard","has-post-thumbnail","hentry","category-siyaset"],"_links":{"self":[{"href":"http:\/\/gazetevizyon.com\/index.php?rest_route=\/wp\/v2\/posts\/29380","targetHints":{"allow":["GET"]}}],"collection":[{"href":"http:\/\/gazetevizyon.com\/index.php?rest_route=\/wp\/v2\/posts"}],"about":[{"href":"http:\/\/gazetevizyon.com\/index.php?rest_route=\/wp\/v2\/types\/post"}],"author":[{"embeddable":true,"href":"http:\/\/gazetevizyon.com\/index.php?rest_route=\/wp\/v2\/users\/1"}],"replies":[{"embeddable":true,"href":"http:\/\/gazetevizyon.com\/index.php?rest_route=%2Fwp%2Fv2%2Fcomments&post=29380"}],"version-history":[{"count":1,"href":"http:\/\/gazetevizyon.com\/index.php?rest_route=\/wp\/v2\/posts\/29380\/revisions"}],"predecessor-version":[{"id":29390,"href":"http:\/\/gazetevizyon.com\/index.php?rest_route=\/wp\/v2\/posts\/29380\/revisions\/29390"}],"wp:featuredmedia":[{"embeddable":true,"href":"http:\/\/gazetevizyon.com\/index.php?rest_route=\/wp\/v2\/media\/29381"}],"wp:attachment":[{"href":"http:\/\/gazetevizyon.com\/index.php?rest_route=%2Fwp%2Fv2%2Fmedia&parent=29380"}],"wp:term":[{"taxonomy":"category","embeddable":true,"href":"http:\/\/gazetevizyon.com\/index.php?rest_route=%2Fwp%2Fv2%2Fcategories&post=29380"},{"taxonomy":"post_tag","embeddable":true,"href":"http:\/\/gazetevizyon.com\/index.php?rest_route=%2Fwp%2Fv2%2Ftags&post=29380"}],"curies":[{"name":"wp","href":"https:\/\/api.w.org\/{rel}","templated":true}]}}