{"id":29521,"date":"2025-06-02T20:43:20","date_gmt":"2025-06-02T20:43:20","guid":{"rendered":"http:\/\/gazetevizyon.com\/?p=29521"},"modified":"2025-06-02T20:43:20","modified_gmt":"2025-06-02T20:43:20","slug":"balikesirde-suc-orgutlerine-karsi-operasyonlar-devam-ediyor-3","status":"publish","type":"post","link":"http:\/\/gazetevizyon.com\/?p=29521","title":{"rendered":"Bal\u0131kesir&#8217;de Su\u00e7 \u00d6rg\u00fctlerine Kar\u015f\u0131 Operasyonlar Devam Ediyor"},"content":{"rendered":"<p>\n<h2>Bal\u0131kesir&#8217;de G\u00fcvenlik \u00d6nlemleri Art\u0131r\u0131ld\u0131<\/h2>\n<\/p>\n<p><\/p>\n<p><p><strong>Bal\u0131kesir Valisi \u0130smail Ustao\u011flu<\/strong>, il genelinde su\u00e7 ve su\u00e7 \u00f6rg\u00fctleriyle m\u00fccadelenin kararl\u0131l\u0131kla devam etti\u011fini vurgulad\u0131. Vali Ustao\u011flu, Bal\u0131kesir&#8217;in huzuru ve g\u00fcvenli\u011finin sa\u011flanmas\u0131 i\u00e7in Emniyet ve Jandarma te\u015fkilatlar\u0131n\u0131n ortakla\u015fa \u00e7al\u0131\u015ft\u0131\u011f\u0131n\u0131 belirtti.<\/p>\n<\/p>\n<p><\/p>\n<p><h3>Su\u00e7la M\u00fccadelede Kararl\u0131l\u0131k<\/h3>\n<\/p>\n<p><\/p>\n<p><p>Vali Ustao\u011flu&#8217;nun a\u00e7\u0131klamas\u0131na g\u00f6re, Bal\u0131kesir&#8217;de su\u00e7 oranlar\u0131n\u0131 d\u00fc\u015f\u00fcrmek ve vatanda\u015flar\u0131n g\u00fcvenli\u011fini sa\u011flamak amac\u0131yla y\u00fcr\u00fct\u00fclen operasyonlar titizlikle devam ediyor. Bu kapsamda, \u00e7e\u015fitli su\u00e7 \u00f6rg\u00fctlerine y\u00f6nelik yap\u0131lan bask\u0131nlarda \u00f6nemli ba\u015far\u0131lar elde edildi\u011fi \u00f6\u011frenildi. <strong>Su\u00e7la m\u00fccadele<\/strong> operasyonlar\u0131, il genelinde e\u015f zamanl\u0131 olarak ger\u00e7ekle\u015ftiriliyor.<\/p>\n<\/p>\n<p><\/p>\n<p><h3>Emniyet ve Jandarma \u0130\u015fbirli\u011fi<\/h3>\n<\/p>\n<p><\/p>\n<p><p>Bal\u0131kesir Valili\u011fi, il genelindeki g\u00fcvenli\u011fi sa\u011flamak amac\u0131yla Emniyet ve Jandarma te\u015fkilatlar\u0131 aras\u0131nda koordinasyonun \u00f6nemine dikkat \u00e7ekiyor. <strong>Emniyet ve Jandarma i\u015fbirli\u011fi<\/strong> sayesinde, su\u00e7lular\u0131n yakalanmas\u0131 ve adalete teslim edilmesi s\u00fcre\u00e7lerinin h\u0131zland\u0131r\u0131ld\u0131\u011f\u0131 belirtildi. Bu i\u015fbirli\u011fi, \u00f6zellikle organize su\u00e7 \u00f6rg\u00fctlerine kar\u015f\u0131 y\u00fcr\u00fct\u00fclen operasyonlarda b\u00fcy\u00fck \u00f6nem ta\u015f\u0131yor.<\/p>\n<\/p>\n<p><\/p>\n<p><h3>Vatanda\u015flar\u0131n G\u00fcvenli\u011fi \u00d6ncelikli Hedef<\/h3>\n<\/p>\n<p><\/p>\n<p><p>Vali Ustao\u011flu, vatanda\u015flar\u0131n huzur ve g\u00fcvenli\u011finin \u00f6ncelikli hedef oldu\u011funu vurgulayarak, su\u00e7la m\u00fccadele \u00e7al\u0131\u015fmalar\u0131n\u0131n aral\u0131ks\u0131z devam edece\u011fini ifade etti. Bu kapsamda, il genelinde g\u00fcvenlik kameralar\u0131n\u0131n say\u0131s\u0131 art\u0131r\u0131l\u0131yor ve devriye g\u00f6revleri s\u0131kla\u015ft\u0131r\u0131l\u0131yor. <strong>Vatanda\u015flar\u0131n g\u00fcvenli\u011fi<\/strong> i\u00e7in al\u0131nan t\u00fcm \u00f6nlemlerin, il genelindeki su\u00e7 oranlar\u0131n\u0131 d\u00fc\u015f\u00fcrmeye y\u00f6nelik oldu\u011fu kaydedildi.<\/p>\n<\/p>\n<p><\/p>\n<p><ul>  <\/p>\n<ul>\n<li>Su\u00e7 ve su\u00e7 \u00f6rg\u00fctlerine y\u00f6nelik operasyonlar titizlikle s\u00fcrd\u00fcr\u00fcl\u00fcyor.<\/li>\n<p>  <\/p>\n<li>Emniyet ve Jandarma te\u015fkilatlar\u0131 aras\u0131nda koordinasyonun \u00f6nemi vurgulan\u0131yor.<\/li>\n<p>  <\/p>\n<li>Vatanda\u015flar\u0131n huzuru ve g\u00fcvenli\u011fi i\u00e7in al\u0131nan \u00f6nlemler art\u0131r\u0131l\u0131yor.<\/li>\n<\/ul>\n<p><\/ul><\/p>\n","protected":false},"excerpt":{"rendered":"<p>Bal\u0131kesir&#8217;de G\u00fcvenlik \u00d6nlemleri Art\u0131r\u0131ld\u0131 Bal\u0131kesir Valisi \u0130smail Ustao\u011flu, il genelinde su\u00e7 ve su\u00e7 \u00f6rg\u00fctleriyle m\u00fccadelenin kararl\u0131l\u0131kla devam etti\u011fini vurgulad\u0131. Vali Ustao\u011flu, Bal\u0131kesir&#8217;in huzuru ve g\u00fcvenli\u011finin sa\u011flanmas\u0131 i\u00e7in Emniyet ve Jandarma te\u015fkilatlar\u0131n\u0131n ortakla\u015fa \u00e7al\u0131\u015ft\u0131\u011f\u0131n\u0131 belirtti. Su\u00e7la M\u00fccadelede Kararl\u0131l\u0131k Vali Ustao\u011flu&#8217;nun a\u00e7\u0131klamas\u0131na&#8230;<\/p>\n","protected":false},"author":1,"featured_media":29522,"comment_status":"closed","ping_status":"closed","sticky":false,"template":"","format":"standard","meta":{"footnotes":""},"categories":[36],"tags":[],"class_list":["post-29521","post","type-post","status-publish","format-standard","has-post-thumbnail","hentry","category-manset"],"_links":{"self":[{"href":"http:\/\/gazetevizyon.com\/index.php?rest_route=\/wp\/v2\/posts\/29521","targetHints":{"allow":["GET"]}}],"collection":[{"href":"http:\/\/gazetevizyon.com\/index.php?rest_route=\/wp\/v2\/posts"}],"about":[{"href":"http:\/\/gazetevizyon.com\/index.php?rest_route=\/wp\/v2\/types\/post"}],"author":[{"embeddable":true,"href":"http:\/\/gazetevizyon.com\/index.php?rest_route=\/wp\/v2\/users\/1"}],"replies":[{"embeddable":true,"href":"http:\/\/gazetevizyon.com\/index.php?rest_route=%2Fwp%2Fv2%2Fcomments&post=29521"}],"version-history":[{"count":1,"href":"http:\/\/gazetevizyon.com\/index.php?rest_route=\/wp\/v2\/posts\/29521\/revisions"}],"predecessor-version":[{"id":29533,"href":"http:\/\/gazetevizyon.com\/index.php?rest_route=\/wp\/v2\/posts\/29521\/revisions\/29533"}],"wp:featuredmedia":[{"embeddable":true,"href":"http:\/\/gazetevizyon.com\/index.php?rest_route=\/wp\/v2\/media\/29522"}],"wp:attachment":[{"href":"http:\/\/gazetevizyon.com\/index.php?rest_route=%2Fwp%2Fv2%2Fmedia&parent=29521"}],"wp:term":[{"taxonomy":"category","embeddable":true,"href":"http:\/\/gazetevizyon.com\/index.php?rest_route=%2Fwp%2Fv2%2Fcategories&post=29521"},{"taxonomy":"post_tag","embeddable":true,"href":"http:\/\/gazetevizyon.com\/index.php?rest_route=%2Fwp%2Fv2%2Ftags&post=29521"}],"curies":[{"name":"wp","href":"https:\/\/api.w.org\/{rel}","templated":true}]}}