{"id":29607,"date":"2025-06-04T13:31:29","date_gmt":"2025-06-04T13:31:29","guid":{"rendered":"http:\/\/gazetevizyon.com\/?p=29607"},"modified":"2025-06-04T13:31:29","modified_gmt":"2025-06-04T13:31:29","slug":"adalar-nakliyecileri-kooperatifinin-yeni-baskani-cemal-yalcinkaya-goreve-basladi","status":"publish","type":"post","link":"http:\/\/gazetevizyon.com\/?p=29607","title":{"rendered":"Adalar Nakliyecileri Kooperatifi\u2019nin Yeni Ba\u015fkan\u0131 Cemal Yal\u00e7\u0131nkaya G\u00f6reve Ba\u015flad\u0131"},"content":{"rendered":"<p>\n<h2>Adalar\u2019da Nakliyecilik Sekt\u00f6r\u00fcnde Yeni D\u00f6nem<\/h2>\n<\/p>\n<p><\/p>\n<p>Marmara Adalar\u2019da <strong>nakliyecilik<\/strong> sekt\u00f6r\u00fcnde \u00f6nemli bir de\u011fi\u015fiklik ya\u015fand\u0131. S S Adalar Nakliyecileri Karayolu Y\u00fck Ta\u015f\u0131ma Kooperatifi\u2019nin yeni ba\u015fkan\u0131 Cemal Yal\u00e7\u0131nkaya, g\u00f6revine ba\u015flad\u0131.<\/p>\n<p><\/p>\n<p><h2>Belediye Ba\u015fkan\u0131 Din\u00e7er\u2019i Ziyaret<\/h2>\n<\/p>\n<p><\/p>\n<p>Yeni ba\u015fkan Cemal Yal\u00e7\u0131nkaya ve y\u00f6netim kurulu, Marmara Adalar Belediye Ba\u015fkan\u0131 Ayd\u0131n Din\u00e7er\u2019i ziyaret etti. Ziyarette, <strong>kooperatif<\/strong> faaliyetleri ve adalar b\u00f6lgesindeki <strong>y\u00fck ta\u015f\u0131mac\u0131l\u0131\u011f\u0131<\/strong> konular\u0131 ele al\u0131nd\u0131. <\/p>\n<p><\/p>\n<p><h3>Yeni Ba\u015fkan\u0131n G\u00f6reve Ba\u015flamas\u0131<\/h3>\n<\/p>\n<p><\/p>\n<p>Kooperatif ba\u015fkanl\u0131\u011f\u0131na se\u00e7ilen Cemal Yal\u00e7\u0131nkaya, tebrik mesajlar\u0131 al\u0131rken, yeni g\u00f6revinde ba\u015far\u0131lar dilendi. <strong>Cemal Yal\u00e7\u0131nkaya<\/strong> ve ekibinin, adalar b\u00f6lgesindeki nakliyecilik sekt\u00f6r\u00fcne yeni bir soluk getirmesi bekleniyor.<\/p>\n<p><\/p>\n<p><h3>Yerel Y\u00f6netim ile \u0130\u015fbirli\u011fi<\/h3>\n<\/p>\n<p><\/p>\n<p>Ziyarette, belediye ba\u015fkan\u0131 Ayd\u0131n Din\u00e7er, yeni ba\u015fkan Cemal Yal\u00e7\u0131nkaya\u2019y\u0131 tebrik ederek, <strong>yerel y\u00f6netim<\/strong> ile kooperatif aras\u0131nda i\u015fbirli\u011finin \u00f6nemine vurgu yapt\u0131. Yap\u0131lan g\u00f6r\u00fc\u015fmelerde, adalar b\u00f6lgesindeki y\u00fck ta\u015f\u0131mac\u0131l\u0131\u011f\u0131n\u0131n daha verimli hale getirilmesi i\u00e7in yap\u0131labilecek \u00e7al\u0131\u015fmalar masaya yat\u0131r\u0131ld\u0131.<\/p>\n<p><\/p>\n<p><ul>  <\/p>\n<ul>\n<li>Kooperatif ba\u015fkanl\u0131\u011f\u0131na Cemal Yal\u00e7\u0131nkaya se\u00e7ildi.<\/li>\n<p>  <\/p>\n<li>Yeni ba\u015fkan ve y\u00f6netim kurulu, Belediye Ba\u015fkan\u0131 Ayd\u0131n Din\u00e7er\u2019i ziyaret etti.<\/li>\n<p>  <\/p>\n<li>Ziyarette, kooperatif faaliyetleri ve y\u00fck ta\u015f\u0131mac\u0131l\u0131\u011f\u0131 konular\u0131 ele al\u0131nd\u0131.<\/li>\n<\/ul>\n<p><\/ul><\/p>\n","protected":false},"excerpt":{"rendered":"<p>Adalar\u2019da Nakliyecilik Sekt\u00f6r\u00fcnde Yeni D\u00f6nem Marmara Adalar\u2019da nakliyecilik sekt\u00f6r\u00fcnde \u00f6nemli bir de\u011fi\u015fiklik ya\u015fand\u0131. S S Adalar Nakliyecileri Karayolu Y\u00fck Ta\u015f\u0131ma Kooperatifi\u2019nin yeni ba\u015fkan\u0131 Cemal Yal\u00e7\u0131nkaya, g\u00f6revine ba\u015flad\u0131. Belediye Ba\u015fkan\u0131 Din\u00e7er\u2019i Ziyaret Yeni ba\u015fkan Cemal Yal\u00e7\u0131nkaya ve y\u00f6netim kurulu, Marmara Adalar&#8230;<\/p>\n","protected":false},"author":1,"featured_media":29608,"comment_status":"closed","ping_status":"closed","sticky":false,"template":"","format":"standard","meta":{"footnotes":""},"categories":[36],"tags":[],"class_list":["post-29607","post","type-post","status-publish","format-standard","has-post-thumbnail","hentry","category-manset"],"_links":{"self":[{"href":"http:\/\/gazetevizyon.com\/index.php?rest_route=\/wp\/v2\/posts\/29607","targetHints":{"allow":["GET"]}}],"collection":[{"href":"http:\/\/gazetevizyon.com\/index.php?rest_route=\/wp\/v2\/posts"}],"about":[{"href":"http:\/\/gazetevizyon.com\/index.php?rest_route=\/wp\/v2\/types\/post"}],"author":[{"embeddable":true,"href":"http:\/\/gazetevizyon.com\/index.php?rest_route=\/wp\/v2\/users\/1"}],"replies":[{"embeddable":true,"href":"http:\/\/gazetevizyon.com\/index.php?rest_route=%2Fwp%2Fv2%2Fcomments&post=29607"}],"version-history":[{"count":1,"href":"http:\/\/gazetevizyon.com\/index.php?rest_route=\/wp\/v2\/posts\/29607\/revisions"}],"predecessor-version":[{"id":29617,"href":"http:\/\/gazetevizyon.com\/index.php?rest_route=\/wp\/v2\/posts\/29607\/revisions\/29617"}],"wp:featuredmedia":[{"embeddable":true,"href":"http:\/\/gazetevizyon.com\/index.php?rest_route=\/wp\/v2\/media\/29608"}],"wp:attachment":[{"href":"http:\/\/gazetevizyon.com\/index.php?rest_route=%2Fwp%2Fv2%2Fmedia&parent=29607"}],"wp:term":[{"taxonomy":"category","embeddable":true,"href":"http:\/\/gazetevizyon.com\/index.php?rest_route=%2Fwp%2Fv2%2Fcategories&post=29607"},{"taxonomy":"post_tag","embeddable":true,"href":"http:\/\/gazetevizyon.com\/index.php?rest_route=%2Fwp%2Fv2%2Ftags&post=29607"}],"curies":[{"name":"wp","href":"https:\/\/api.w.org\/{rel}","templated":true}]}}