{"id":29622,"date":"2025-06-04T17:48:15","date_gmt":"2025-06-04T17:48:15","guid":{"rendered":"http:\/\/gazetevizyon.com\/?p=29622"},"modified":"2025-06-04T17:48:15","modified_gmt":"2025-06-04T17:48:15","slug":"chp-balikesir-il-baskanligi-genclik-kollari-il-baskani-koybasini-ziyaret-etti","status":"publish","type":"post","link":"http:\/\/gazetevizyon.com\/?p=29622","title":{"rendered":"CHP Bal\u0131kesir \u0130l Ba\u015fkanl\u0131\u011f\u0131 Gen\u00e7lik Kollar\u0131, \u0130l Ba\u015fkan\u0131 K\u00f6yba\u015f\u0131&#8217;n\u0131 Ziyaret Etti"},"content":{"rendered":"<p>\n<h2>CHP Bal\u0131kesir \u0130l Ba\u015fkanl\u0131\u011f\u0131&#8217;nda Gen\u00e7lik Kollar\u0131 Bulu\u015fmas\u0131<\/h2>\n<\/p>\n<p><\/p>\n<p><p><strong>CHP Bal\u0131kesir \u0130l Ba\u015fkanl\u0131\u011f\u0131<\/strong>, Gen\u00e7lik Kollar\u0131 temsilcilerini a\u011f\u0131rlad\u0131. Ziyarette, \u00f6rg\u00fctl\u00fcl\u00fck ve hedefler \u00fczerine fikir al\u0131\u015fveri\u015finde bulunuldu.<\/p>\n<\/p>\n<p><\/p>\n<p><h3>Gen\u00e7lik Kollar\u0131&#8217;ndan \u0130l Ba\u015fkan\u0131 K\u00f6yba\u015f\u0131&#8217;na Ziyaret<\/h3>\n<\/p>\n<p><\/p>\n<p><p>CHP Bal\u0131kesir Gen\u00e7lik Kollar\u0131 \u0130l Ba\u015fkan\u0131 Necati Umut Uyar, y\u00f6neticisi Eshabil Yenig\u00fcl ve \u00fcyesi Murat Kandemir, \u0130l Ba\u015fkan\u0131 Erden K\u00f6yba\u015f\u0131&#8217;n\u0131 makam\u0131nda ziyaret etti. Ziyaret, partinin <strong>gen\u00e7lik politikalar\u0131<\/strong> ve gelecek hedefleri a\u00e7\u0131s\u0131ndan \u00f6nem ta\u015f\u0131yor.<\/p>\n<\/p>\n<p><\/p>\n<p><h3>\u00d6rg\u00fctl\u00fcl\u00fck ve Hedefler Masada<\/h3>\n<\/p>\n<p><\/p>\n<p><p>Ziyarette, CHP Bal\u0131kesir \u0130l Ba\u015fkanl\u0131\u011f\u0131&#8217;n\u0131n <strong>\u00f6rg\u00fctl\u00fcl\u00fck \u00e7al\u0131\u015fmalar\u0131<\/strong> ve gen\u00e7lerin partiye kat\u0131l\u0131m\u0131 gibi konular ele al\u0131nd\u0131. Gen\u00e7lik Kollar\u0131 temsilcileri, partinin gen\u00e7lik kollar\u0131n\u0131n daha etkin bir \u015fekilde \u00e7al\u0131\u015fmas\u0131 ve gen\u00e7lerin sorunlar\u0131na \u00e7\u00f6z\u00fcm \u00fcretmesi i\u00e7in fikirlerini payla\u015ft\u0131.<\/p>\n<\/p>\n<p><\/p>\n<p><h3>Birlikteyiz, Kararl\u0131y\u0131z Mesaj\u0131<\/h3>\n<\/p>\n<p><\/p>\n<p><p>CHP Bal\u0131kesir \u0130l Ba\u015fkanl\u0131\u011f\u0131&#8217;ndan yap\u0131lan a\u00e7\u0131klamada, ziyaretin verimli ge\u00e7ti\u011fi ve partinin <strong>gelecek hedefleri<\/strong> do\u011frultusunda birlikte hareket etme kararl\u0131l\u0131\u011f\u0131 vurguland\u0131. Gen\u00e7lik Kollar\u0131&#8217;n\u0131n enerjisi ve partinin tecr\u00fcbesiyle daha g\u00fc\u00e7l\u00fc bir \u00f6rg\u00fctlenme sa\u011flanaca\u011f\u0131 belirtildi.<\/p><\/p>\n","protected":false},"excerpt":{"rendered":"<p>CHP Bal\u0131kesir \u0130l Ba\u015fkanl\u0131\u011f\u0131&#8217;nda Gen\u00e7lik Kollar\u0131 Bulu\u015fmas\u0131 CHP Bal\u0131kesir \u0130l Ba\u015fkanl\u0131\u011f\u0131, Gen\u00e7lik Kollar\u0131 temsilcilerini a\u011f\u0131rlad\u0131. Ziyarette, \u00f6rg\u00fctl\u00fcl\u00fck ve hedefler \u00fczerine fikir al\u0131\u015fveri\u015finde bulunuldu. Gen\u00e7lik Kollar\u0131&#8217;ndan \u0130l Ba\u015fkan\u0131 K\u00f6yba\u015f\u0131&#8217;na Ziyaret CHP Bal\u0131kesir Gen\u00e7lik Kollar\u0131 \u0130l Ba\u015fkan\u0131 Necati Umut Uyar, y\u00f6neticisi Eshabil&#8230;<\/p>\n","protected":false},"author":1,"featured_media":29623,"comment_status":"closed","ping_status":"closed","sticky":false,"template":"","format":"standard","meta":{"footnotes":""},"categories":[23],"tags":[],"class_list":["post-29622","post","type-post","status-publish","format-standard","has-post-thumbnail","hentry","category-siyaset"],"_links":{"self":[{"href":"http:\/\/gazetevizyon.com\/index.php?rest_route=\/wp\/v2\/posts\/29622","targetHints":{"allow":["GET"]}}],"collection":[{"href":"http:\/\/gazetevizyon.com\/index.php?rest_route=\/wp\/v2\/posts"}],"about":[{"href":"http:\/\/gazetevizyon.com\/index.php?rest_route=\/wp\/v2\/types\/post"}],"author":[{"embeddable":true,"href":"http:\/\/gazetevizyon.com\/index.php?rest_route=\/wp\/v2\/users\/1"}],"replies":[{"embeddable":true,"href":"http:\/\/gazetevizyon.com\/index.php?rest_route=%2Fwp%2Fv2%2Fcomments&post=29622"}],"version-history":[{"count":1,"href":"http:\/\/gazetevizyon.com\/index.php?rest_route=\/wp\/v2\/posts\/29622\/revisions"}],"predecessor-version":[{"id":29636,"href":"http:\/\/gazetevizyon.com\/index.php?rest_route=\/wp\/v2\/posts\/29622\/revisions\/29636"}],"wp:featuredmedia":[{"embeddable":true,"href":"http:\/\/gazetevizyon.com\/index.php?rest_route=\/wp\/v2\/media\/29623"}],"wp:attachment":[{"href":"http:\/\/gazetevizyon.com\/index.php?rest_route=%2Fwp%2Fv2%2Fmedia&parent=29622"}],"wp:term":[{"taxonomy":"category","embeddable":true,"href":"http:\/\/gazetevizyon.com\/index.php?rest_route=%2Fwp%2Fv2%2Fcategories&post=29622"},{"taxonomy":"post_tag","embeddable":true,"href":"http:\/\/gazetevizyon.com\/index.php?rest_route=%2Fwp%2Fv2%2Ftags&post=29622"}],"curies":[{"name":"wp","href":"https:\/\/api.w.org\/{rel}","templated":true}]}}