{"id":29626,"date":"2025-06-04T17:51:57","date_gmt":"2025-06-04T17:51:57","guid":{"rendered":"http:\/\/gazetevizyon.com\/?p=29626"},"modified":"2025-06-04T17:51:57","modified_gmt":"2025-06-04T17:51:57","slug":"bandirma-muftulugunden-genclere-piknik-etkinligi","status":"publish","type":"post","link":"http:\/\/gazetevizyon.com\/?p=29626","title":{"rendered":"Band\u0131rma M\u00fcft\u00fcl\u00fc\u011f\u00fc&#8217;nden Gen\u00e7lere Piknik Etkinli\u011fi"},"content":{"rendered":"<p>\n<h2>Band\u0131rma M\u00fcft\u00fcl\u00fc\u011f\u00fc&#8217;nden Gen\u00e7lere \u00d6zel Piknik Organizasyonu<\/h2>\n<\/p>\n<p><\/p>\n<p><p>Band\u0131rma M\u00fcft\u00fcl\u00fc\u011f\u00fc Gen\u00e7lik Koordinat\u00f6rl\u00fc\u011f\u00fc, <strong>TC Gen\u00e7lik ve Spor Bakanl\u0131\u011f\u0131<\/strong> Ayhan Songar KYK ve Za\u011fnos Pa\u015fa KYK \u00f6\u011frencileri i\u00e7in y\u0131l sonu etkinlikleri kapsam\u0131nda piknik organizasyonu d\u00fczenledi. Etkinlik, G\u00f6nen G\u00fcndo\u011fan mesire yerinde ger\u00e7ekle\u015ftirildi.<\/p>\n<\/p>\n<p><\/p>\n<p><h3>Piknik Etkinli\u011fine Kat\u0131lanlar<\/h3>\n<\/p>\n<p><\/p>\n<p><p>Piknik organizasyonuna \u0130l\u00e7e M\u00fcft\u00fcs\u00fc Dr. Abdulhamid Pehlivan, Band\u0131rma M\u00fcft\u00fcl\u00fc\u011f\u00fc \u015eube M\u00fcd\u00fcr\u00fc Ahmet Vurucu, \u0130l\u00e7e Vaizi H\u00fcdayar G\u00fcnay, Manevi Rehberler \u0130sa Akta\u015f ve Mehmet Berme kat\u0131ld\u0131. <strong>M\u00fcft\u00fcl\u00fck yetkilileri<\/strong>, \u00f6\u011frencilerin moral ve motivasyonunu art\u0131rmay\u0131 ama\u00e7layan bu \u00f6zel etkinlikte \u00f6\u011frencilerle bir araya geldi.<\/p>\n<\/p>\n<p><\/p>\n<p><h3>M\u00fcft\u00fc Pehlivan&#8217;dan \u00d6\u011frencilere Destek<\/h3>\n<\/p>\n<p><\/p>\n<p><p>\u0130l\u00e7e M\u00fcft\u00fcs\u00fc Dr. Abdulhamid Pehlivan, piknikte <strong>gen\u00e7lerle yak\u0131ndan ilgilenerek<\/strong> onlarla sohbet etti. M\u00fcft\u00fc Pehlivan, kat\u0131l\u0131mc\u0131lara ve organizasyonda eme\u011fi ge\u00e7en herkese te\u015fekk\u00fcrlerini iletti. <strong>Piknik organizasyonu<\/strong>, \u00f6\u011frencilerin dinlenmesi ve sosyalle\u015fmesi i\u00e7in \u00f6nemli bir f\u0131rsat sundu.<\/p>\n<\/p>\n<p><\/p>\n<p><ul>  <\/p>\n<ul>\n<li>Etkinlik, \u00f6\u011frencilerin moral ve motivasyonunu art\u0131rmay\u0131 hedefliyor.<\/li>\n<p>  <\/p>\n<li>Piknik, G\u00f6nen G\u00fcndo\u011fan mesire yerinde d\u00fczenlendi.<\/li>\n<p>  <\/p>\n<li>M\u00fcft\u00fcl\u00fck yetkilileri \u00f6\u011frencilere desteklerini sundu.<\/li>\n<\/ul>\n<p><\/ul>\n<\/p>\n<p><\/p>\n<p><p>Band\u0131rma M\u00fcft\u00fcl\u00fc\u011f\u00fc, gen\u00e7lere y\u00f6nelik bu t\u00fcr etkinliklere \u00f6n\u00fcm\u00fczdeki d\u00f6nemlerde de devam etmeyi planl\u0131yor. <strong>Gen\u00e7lik koordinat\u00f6rl\u00fc\u011f\u00fc<\/strong> arac\u0131l\u0131\u011f\u0131yla \u00f6\u011frencilerin ihtiya\u00e7lar\u0131na y\u00f6nelik \u00e7al\u0131\u015fmalar y\u00fcr\u00fct\u00fclmeye devam edilecek.<\/p><\/p>\n","protected":false},"excerpt":{"rendered":"<p>Band\u0131rma M\u00fcft\u00fcl\u00fc\u011f\u00fc&#8217;nden Gen\u00e7lere \u00d6zel Piknik Organizasyonu Band\u0131rma M\u00fcft\u00fcl\u00fc\u011f\u00fc Gen\u00e7lik Koordinat\u00f6rl\u00fc\u011f\u00fc, TC Gen\u00e7lik ve Spor Bakanl\u0131\u011f\u0131 Ayhan Songar KYK ve Za\u011fnos Pa\u015fa KYK \u00f6\u011frencileri i\u00e7in y\u0131l sonu etkinlikleri kapsam\u0131nda piknik organizasyonu d\u00fczenledi. Etkinlik, G\u00f6nen G\u00fcndo\u011fan mesire yerinde ger\u00e7ekle\u015ftirildi. Piknik Etkinli\u011fine Kat\u0131lanlar&#8230;<\/p>\n","protected":false},"author":1,"featured_media":29627,"comment_status":"closed","ping_status":"closed","sticky":false,"template":"","format":"standard","meta":{"footnotes":""},"categories":[36],"tags":[],"class_list":["post-29626","post","type-post","status-publish","format-standard","has-post-thumbnail","hentry","category-manset"],"_links":{"self":[{"href":"http:\/\/gazetevizyon.com\/index.php?rest_route=\/wp\/v2\/posts\/29626","targetHints":{"allow":["GET"]}}],"collection":[{"href":"http:\/\/gazetevizyon.com\/index.php?rest_route=\/wp\/v2\/posts"}],"about":[{"href":"http:\/\/gazetevizyon.com\/index.php?rest_route=\/wp\/v2\/types\/post"}],"author":[{"embeddable":true,"href":"http:\/\/gazetevizyon.com\/index.php?rest_route=\/wp\/v2\/users\/1"}],"replies":[{"embeddable":true,"href":"http:\/\/gazetevizyon.com\/index.php?rest_route=%2Fwp%2Fv2%2Fcomments&post=29626"}],"version-history":[{"count":1,"href":"http:\/\/gazetevizyon.com\/index.php?rest_route=\/wp\/v2\/posts\/29626\/revisions"}],"predecessor-version":[{"id":29641,"href":"http:\/\/gazetevizyon.com\/index.php?rest_route=\/wp\/v2\/posts\/29626\/revisions\/29641"}],"wp:featuredmedia":[{"embeddable":true,"href":"http:\/\/gazetevizyon.com\/index.php?rest_route=\/wp\/v2\/media\/29627"}],"wp:attachment":[{"href":"http:\/\/gazetevizyon.com\/index.php?rest_route=%2Fwp%2Fv2%2Fmedia&parent=29626"}],"wp:term":[{"taxonomy":"category","embeddable":true,"href":"http:\/\/gazetevizyon.com\/index.php?rest_route=%2Fwp%2Fv2%2Fcategories&post=29626"},{"taxonomy":"post_tag","embeddable":true,"href":"http:\/\/gazetevizyon.com\/index.php?rest_route=%2Fwp%2Fv2%2Ftags&post=29626"}],"curies":[{"name":"wp","href":"https:\/\/api.w.org\/{rel}","templated":true}]}}