{"id":2966,"date":"2019-02-20T09:29:19","date_gmt":"2019-02-20T09:29:19","guid":{"rendered":"http:\/\/gazetevizyon.com\/?p=2966"},"modified":"2019-02-20T09:29:21","modified_gmt":"2019-02-20T09:29:21","slug":"kim-bilir-kultur-ve-sanat-yarismasi-sonuclandi","status":"publish","type":"post","link":"http:\/\/gazetevizyon.com\/?p=2966","title":{"rendered":"\u2018K\u0130M B\u0130L\u0130R\u2019 K\u00dcLT\u00dcR VE SANAT YARI\u015eMASI SONU\u00c7LANDI"},"content":{"rendered":"\n<p>\n\nGen\u00e7lik ve Spor Bakanl\u0131\u011f\u0131m\u0131z\u0131n Gen\u00e7ler aras\u0131nda d\u00fczenlemi\u015f oldu\u011fu K\u00fclt\u00fcr ve Sanat yar\u0131\u015fmalar\u0131ndan biri olan \u2018\u2019Kim Bilir?\u2019\u2019 \u00dcniversite \u00f6\u011frencileri ve Lise \u00f6\u011frencileri aras\u0131 Bilgi Yar\u0131\u015fmam\u0131za \u00dcniversite \u00d6\u011frencilerinden 9 tak\u0131m, Lise \u00d6\u011frencilerinden 14 tak\u0131m kat\u0131ld\u0131. Yar\u0131\u015fmalar, \u0130l M\u00fcd\u00fcrl\u00fc\u011f\u00fcm\u00fcz Kurtdereli Toplant\u0131 salonunda yap\u0131ld\u0131. Yar\u0131\u015fmaya kat\u0131lan \u00f6\u011frencilere ba\u015far\u0131 belgelerini, \u0130l M\u00fcd\u00fcr\u00fcm\u00fcz, \u015eube M\u00fcd\u00fcrlerimiz, Gen\u00e7lik Merkezi M\u00fcd\u00fcr\u00fcm\u00fcz ve \u0130l\u00e7e M\u00fcd\u00fcrlerimiz takdim etti. Yar\u0131\u015fmalar sonucunda dereceye giren gen\u00e7lerimiz ise \u015f\u00f6yle;<br><strong>\t<\/strong>\u00dcniversiteler;<br><strong>\t<\/strong>1.Hilmi SEZER, Bar\u0131\u015f \u00c7a\u011fr\u0131 GAGA, Alper Can CO\u015eKUN<br><strong>\t<\/strong>2.Emine TEK\u0130N, Emine \u015eAH\u0130N, Zeliha Zeynep DENKTA\u015e<br><strong>\t<\/strong>3.Mazlum TULUZ, Naz\u0131m \u00c7AYLAK, Erkan \u015eEKER<br><strong>\t<\/strong>Liseler;<br><strong>\t<\/strong>1.\u00c7a\u011fan SEV\u0130N\u00c7, Ahmet B\u0130L\u0130CAN, Muzaffer Ata KINAY,<br><strong>\t<\/strong>2.&nbsp; Eren ERYILMAZ, Faruk KEZER, Muhammet Furkan KARADEN\u0130Z<br><strong>\t<\/strong>3.Samet BULDANLIO\u011eLU, Ege Tu\u011fberk AVCI, Muhammed Yusuf \u00d6ZDAMAR\n\n<\/p>\n","protected":false},"excerpt":{"rendered":"<p>Gen\u00e7lik ve Spor Bakanl\u0131\u011f\u0131m\u0131z\u0131n Gen\u00e7ler aras\u0131nda d\u00fczenlemi\u015f oldu\u011fu K\u00fclt\u00fcr ve Sanat yar\u0131\u015fmalar\u0131ndan biri olan \u2018\u2019Kim Bilir?\u2019\u2019 \u00dcniversite \u00f6\u011frencileri ve Lise \u00f6\u011frencileri aras\u0131 Bilgi Yar\u0131\u015fmam\u0131za \u00dcniversite \u00d6\u011frencilerinden 9 tak\u0131m, Lise \u00d6\u011frencilerinden 14 tak\u0131m kat\u0131ld\u0131. Yar\u0131\u015fmalar, \u0130l M\u00fcd\u00fcrl\u00fc\u011f\u00fcm\u00fcz Kurtdereli Toplant\u0131 salonunda yap\u0131ld\u0131&#8230;.<\/p>\n","protected":false},"author":3,"featured_media":2967,"comment_status":"open","ping_status":"open","sticky":false,"template":"","format":"standard","meta":{"footnotes":""},"categories":[20,30,36],"tags":[],"class_list":["post-2966","post","type-post","status-publish","format-standard","has-post-thumbnail","hentry","category-guncel","category-kultursanat","category-manset"],"_links":{"self":[{"href":"http:\/\/gazetevizyon.com\/index.php?rest_route=\/wp\/v2\/posts\/2966","targetHints":{"allow":["GET"]}}],"collection":[{"href":"http:\/\/gazetevizyon.com\/index.php?rest_route=\/wp\/v2\/posts"}],"about":[{"href":"http:\/\/gazetevizyon.com\/index.php?rest_route=\/wp\/v2\/types\/post"}],"author":[{"embeddable":true,"href":"http:\/\/gazetevizyon.com\/index.php?rest_route=\/wp\/v2\/users\/3"}],"replies":[{"embeddable":true,"href":"http:\/\/gazetevizyon.com\/index.php?rest_route=%2Fwp%2Fv2%2Fcomments&post=2966"}],"version-history":[{"count":1,"href":"http:\/\/gazetevizyon.com\/index.php?rest_route=\/wp\/v2\/posts\/2966\/revisions"}],"predecessor-version":[{"id":2968,"href":"http:\/\/gazetevizyon.com\/index.php?rest_route=\/wp\/v2\/posts\/2966\/revisions\/2968"}],"wp:featuredmedia":[{"embeddable":true,"href":"http:\/\/gazetevizyon.com\/index.php?rest_route=\/wp\/v2\/media\/2967"}],"wp:attachment":[{"href":"http:\/\/gazetevizyon.com\/index.php?rest_route=%2Fwp%2Fv2%2Fmedia&parent=2966"}],"wp:term":[{"taxonomy":"category","embeddable":true,"href":"http:\/\/gazetevizyon.com\/index.php?rest_route=%2Fwp%2Fv2%2Fcategories&post=2966"},{"taxonomy":"post_tag","embeddable":true,"href":"http:\/\/gazetevizyon.com\/index.php?rest_route=%2Fwp%2Fv2%2Ftags&post=2966"}],"curies":[{"name":"wp","href":"https:\/\/api.w.org\/{rel}","templated":true}]}}