{"id":29846,"date":"2025-06-10T03:27:12","date_gmt":"2025-06-10T03:27:12","guid":{"rendered":"http:\/\/gazetevizyon.com\/?p=29846"},"modified":"2025-06-10T03:27:12","modified_gmt":"2025-06-10T03:27:12","slug":"manisanin-gulen-yuzu-ferdi-baskani-kaybetti","status":"publish","type":"post","link":"http:\/\/gazetevizyon.com\/?p=29846","title":{"rendered":"Manisa&#8217;n\u0131n G\u00fclen Y\u00fcz\u00fc Ferdi Ba\u015fkan&#8217;\u0131 Kaybetti"},"content":{"rendered":"<p>\n<h2>Manisa&#8217;n\u0131n Simge \u0130smi Hayata Veda Etti<\/h2>\n<p><\/p>\n<p>Manisa, sevilen isimlerinden Ferdi Ba\u015fkan&#8217;\u0131 kaybetmenin derin \u00fcz\u00fcnt\u00fcs\u00fcn\u00fc ya\u015f\u0131yor. <strong>&#8220;Manisa&#8217;n\u0131n g\u00fclen y\u00fcz\u00fc&#8221;<\/strong> ve <strong>&#8220;\u00e7al\u0131\u015fkan evlad\u0131&#8221;<\/strong> olarak an\u0131lan Ba\u015fkan&#8217;\u0131n vefat\u0131, \u015fehirde b\u00fcy\u00fck bir ac\u0131 ve \u015fok etkisi yaratt\u0131. Ba\u015fkan&#8217;\u0131n \u00f6l\u00fcm\u00fcyle ilgili resmi bir a\u00e7\u0131klama hen\u00fcz yap\u0131lmazken, sevenleri ve Manisal\u0131lar yasta.<\/p>\n<\/p>\n<p><\/p>\n<p><h3>Taziye Mesajlar\u0131 Ya\u011f\u0131yor<\/h3>\n<p><\/p>\n<p>Ferdi Ba\u015fkan&#8217;\u0131n vefat\u0131n\u0131n ard\u0131ndan, sosyal medya ve resmi kanallar \u00fczerinden yo\u011fun taziye mesajlar\u0131 payla\u015f\u0131l\u0131yor. Mesajlarda, Ba\u015fkan&#8217;\u0131n kayb\u0131n\u0131n b\u00fcy\u00fck bir ac\u0131 oldu\u011fu vurgulan\u0131rken, <strong>aile fertlerine, yak\u0131n dostlar\u0131na ve t\u00fcm Manisa halk\u0131na<\/strong> ba\u015fsa\u011fl\u0131\u011f\u0131 diliyor. Mesajlarda, &#8220;S\u00f6yleyecek s\u00f6z yok, ac\u0131m\u0131z b\u00fcy\u00fck&#8221; ifadeleri kullan\u0131larak ya\u015fanan derin \u00fcz\u00fcnt\u00fc dile getiriliyor.<\/p>\n<\/p>\n<p><\/p>\n<p><p>Ba\u015fkan&#8217;\u0131n manevi ki\u015fili\u011fine ve \u015fehre olan katk\u0131lar\u0131na dikkat \u00e7eken payla\u015f\u0131mlarda, <strong>&#8220;Mek\u00e2n\u0131 cennet olsun&#8221;<\/strong> temennileri \u00f6ne \u00e7\u0131k\u0131yor. Ferdi Ba\u015fkan&#8217;\u0131n kayb\u0131n\u0131n Manisa i\u00e7in telafisi zor bir eksiklik oldu\u011fu, \u00f6zellikle \u00e7al\u0131\u015fkanl\u0131\u011f\u0131 ve pozitif enerjisiyle \u015fehrin simge isimlerinden biri oldu\u011fu belirtiliyor.<\/p>\n<\/p>\n<p><\/p>\n<p><h3>Manisa&#8217;da Yas Havas\u0131<\/h3>\n<p><\/p>\n<p>Ferdi Ba\u015fkan&#8217;\u0131n vefat haberinin ard\u0131ndan Manisa&#8217;da yas havas\u0131 hakim oldu. \u015eehrin farkl\u0131 kesimlerinden gelen ba\u015fsa\u011fl\u0131\u011f\u0131 mesajlar\u0131, Ba\u015fkan&#8217;\u0131n toplum nezdindeki sayg\u0131n yerinin ve sevgisinin bir g\u00f6stergesi olarak de\u011ferlendiriliyor. Ba\u015fkan&#8217;\u0131n cenaze t\u00f6reni ve defin i\u015flemleri hakk\u0131nda hen\u00fcz resmi bir bilgi payla\u015f\u0131lmad\u0131.<\/p><\/p>\n","protected":false},"excerpt":{"rendered":"<p>Manisa&#8217;n\u0131n Simge \u0130smi Hayata Veda Etti Manisa, sevilen isimlerinden Ferdi Ba\u015fkan&#8217;\u0131 kaybetmenin derin \u00fcz\u00fcnt\u00fcs\u00fcn\u00fc ya\u015f\u0131yor. &#8220;Manisa&#8217;n\u0131n g\u00fclen y\u00fcz\u00fc&#8221; ve &#8220;\u00e7al\u0131\u015fkan evlad\u0131&#8221; olarak an\u0131lan Ba\u015fkan&#8217;\u0131n vefat\u0131, \u015fehirde b\u00fcy\u00fck bir ac\u0131 ve \u015fok etkisi yaratt\u0131. Ba\u015fkan&#8217;\u0131n \u00f6l\u00fcm\u00fcyle ilgili resmi bir a\u00e7\u0131klama hen\u00fcz&#8230;<\/p>\n","protected":false},"author":1,"featured_media":29847,"comment_status":"closed","ping_status":"closed","sticky":false,"template":"","format":"standard","meta":{"footnotes":""},"categories":[23],"tags":[],"class_list":["post-29846","post","type-post","status-publish","format-standard","has-post-thumbnail","hentry","category-siyaset"],"_links":{"self":[{"href":"http:\/\/gazetevizyon.com\/index.php?rest_route=\/wp\/v2\/posts\/29846","targetHints":{"allow":["GET"]}}],"collection":[{"href":"http:\/\/gazetevizyon.com\/index.php?rest_route=\/wp\/v2\/posts"}],"about":[{"href":"http:\/\/gazetevizyon.com\/index.php?rest_route=\/wp\/v2\/types\/post"}],"author":[{"embeddable":true,"href":"http:\/\/gazetevizyon.com\/index.php?rest_route=\/wp\/v2\/users\/1"}],"replies":[{"embeddable":true,"href":"http:\/\/gazetevizyon.com\/index.php?rest_route=%2Fwp%2Fv2%2Fcomments&post=29846"}],"version-history":[{"count":1,"href":"http:\/\/gazetevizyon.com\/index.php?rest_route=\/wp\/v2\/posts\/29846\/revisions"}],"predecessor-version":[{"id":29848,"href":"http:\/\/gazetevizyon.com\/index.php?rest_route=\/wp\/v2\/posts\/29846\/revisions\/29848"}],"wp:featuredmedia":[{"embeddable":true,"href":"http:\/\/gazetevizyon.com\/index.php?rest_route=\/wp\/v2\/media\/29847"}],"wp:attachment":[{"href":"http:\/\/gazetevizyon.com\/index.php?rest_route=%2Fwp%2Fv2%2Fmedia&parent=29846"}],"wp:term":[{"taxonomy":"category","embeddable":true,"href":"http:\/\/gazetevizyon.com\/index.php?rest_route=%2Fwp%2Fv2%2Fcategories&post=29846"},{"taxonomy":"post_tag","embeddable":true,"href":"http:\/\/gazetevizyon.com\/index.php?rest_route=%2Fwp%2Fv2%2Ftags&post=29846"}],"curies":[{"name":"wp","href":"https:\/\/api.w.org\/{rel}","templated":true}]}}