{"id":29893,"date":"2025-06-11T12:27:36","date_gmt":"2025-06-11T12:27:36","guid":{"rendered":"http:\/\/gazetevizyon.com\/?p=29893"},"modified":"2025-06-11T12:27:36","modified_gmt":"2025-06-11T12:27:36","slug":"turk-kizilay-157-yasinda-ihtiyac-sahiplerine-uzanan-guven-kapisi","status":"publish","type":"post","link":"http:\/\/gazetevizyon.com\/?p=29893","title":{"rendered":"T\u00fcrk K\u0131z\u0131lay 157 Ya\u015f\u0131nda: \u0130htiya\u00e7 Sahiplerine Uzanan G\u00fcven Kap\u0131s\u0131"},"content":{"rendered":"<p>\n<h2>T\u00fcrk K\u0131z\u0131lay 157 Y\u0131l\u0131n\u0131 Kutluyor<\/h2>\n<\/p>\n<p><\/p>\n<p>T\u00fcrkiye\u2019nin en k\u00f6kl\u00fc sivil toplum kurulu\u015flar\u0131ndan T\u00fcrk K\u0131z\u0131lay, <strong>kurulu\u015funun 157. y\u0131l d\u00f6n\u00fcm\u00fcn\u00fc<\/strong> kutluyor. Zor zamanlarda ihtiya\u00e7 sahiplerine yard\u0131m eli uzatan K\u0131z\u0131lay, uzun y\u0131llard\u0131r g\u00fcvenilirli\u011fiyle \u00f6ne \u00e7\u0131k\u0131yor. <\/p>\n<p><\/p>\n<p><h3>K\u0131z\u0131lay\u2019\u0131n Tarih\u00e7esi ve Misyonu<\/h3>\n<\/p>\n<p><\/p>\n<p>T\u00fcrk K\u0131z\u0131lay, 1868 y\u0131l\u0131nda <strong>Mustafa Canbey<\/strong> taraf\u0131ndan kuruldu. Kurulu\u015fundan itibaren <strong>insani yard\u0131m<\/strong> faaliyetlerinde bulunarak, sava\u015f, do\u011fal afet ve di\u011fer acil durumlarda ma\u011fdur olan insanlara destek oldu. K\u0131z\u0131lay\u2019\u0131n temel misyonu, <strong>yard\u0131ma muhta\u00e7<\/strong> insanlara ula\u015fmak ve onlara umut olmak.<\/p>\n<p><\/p>\n<p><h3>K\u0131z\u0131lay\u2019\u0131n G\u00fcncel Faaliyetleri<\/h3>\n<\/p>\n<p><\/p>\n<p>G\u00fcn\u00fcm\u00fczde T\u00fcrk K\u0131z\u0131lay, sadece T\u00fcrkiye\u2019de de\u011fil, d\u00fcnyan\u0131n farkl\u0131 b\u00f6lgelerinde de <strong>insani yard\u0131m<\/strong> faaliyetlerini s\u00fcrd\u00fcr\u00fcyor. K\u0131z\u0131lay\u2019\u0131n g\u00fcncel faaliyetleri aras\u0131nda \u015funlar yer al\u0131yor:<\/p>\n<p><\/p>\n<p><ul>  <\/p>\n<ul>\n<li>Do\u011fal afetlerde acil yard\u0131m ve kurtarma \u00e7al\u0131\u015fmalar\u0131<\/li>\n<p>  <\/p>\n<li>Kan ba\u011f\u0131\u015f\u0131 kampanyalar\u0131<\/li>\n<p>  <\/p>\n<li>Sa\u011fl\u0131k hizmetleri sunumu<\/li>\n<p>  <\/p>\n<li>E\u011fitim destekleri<\/li>\n<p>  <\/p>\n<li>G\u0131da ve bar\u0131nma yard\u0131mlar\u0131<\/li>\n<\/ul>\n<p><\/ul>\n<\/p>\n<p><\/p>\n<p><h3>K\u0131z\u0131lay\u2019\u0131n \u00d6nemi ve Gelecek Hedefleri<\/h3>\n<\/p>\n<p><\/p>\n<p>T\u00fcrk K\u0131z\u0131lay, <strong>toplumsal dayan\u0131\u015fma<\/strong> ve <strong>insani de\u011ferler<\/strong>in \u00f6nemli bir temsilcisi olarak faaliyetlerini s\u00fcrd\u00fcr\u00fcyor. Kurulu\u015funun 157. y\u0131l d\u00f6n\u00fcm\u00fcnde, K\u0131z\u0131lay\u2019\u0131n gelecekteki hedefleri aras\u0131nda, daha fazla ihtiya\u00e7 sahibine ula\u015fmak, yard\u0131m faaliyetlerini geni\u015fletmek ve <strong>sivil toplum<\/strong> alan\u0131nda \u00f6nc\u00fc rol\u00fcn\u00fc s\u00fcrd\u00fcrmek yer al\u0131yor. K\u0131z\u0131lay, <strong>yard\u0131mseverlik<\/strong> ve <strong>insani yard\u0131m<\/strong> alan\u0131ndaki \u00e7al\u0131\u015fmalar\u0131na kararl\u0131l\u0131kla devam edecek.<\/p><\/p>\n","protected":false},"excerpt":{"rendered":"<p>T\u00fcrk K\u0131z\u0131lay 157 Y\u0131l\u0131n\u0131 Kutluyor T\u00fcrkiye\u2019nin en k\u00f6kl\u00fc sivil toplum kurulu\u015flar\u0131ndan T\u00fcrk K\u0131z\u0131lay, kurulu\u015funun 157. y\u0131l d\u00f6n\u00fcm\u00fcn\u00fc kutluyor. Zor zamanlarda ihtiya\u00e7 sahiplerine yard\u0131m eli uzatan K\u0131z\u0131lay, uzun y\u0131llard\u0131r g\u00fcvenilirli\u011fiyle \u00f6ne \u00e7\u0131k\u0131yor. K\u0131z\u0131lay\u2019\u0131n Tarih\u00e7esi ve Misyonu T\u00fcrk K\u0131z\u0131lay, 1868 y\u0131l\u0131nda Mustafa&#8230;<\/p>\n","protected":false},"author":1,"featured_media":29894,"comment_status":"closed","ping_status":"closed","sticky":false,"template":"","format":"standard","meta":{"footnotes":""},"categories":[23],"tags":[],"class_list":["post-29893","post","type-post","status-publish","format-standard","has-post-thumbnail","hentry","category-siyaset"],"_links":{"self":[{"href":"http:\/\/gazetevizyon.com\/index.php?rest_route=\/wp\/v2\/posts\/29893","targetHints":{"allow":["GET"]}}],"collection":[{"href":"http:\/\/gazetevizyon.com\/index.php?rest_route=\/wp\/v2\/posts"}],"about":[{"href":"http:\/\/gazetevizyon.com\/index.php?rest_route=\/wp\/v2\/types\/post"}],"author":[{"embeddable":true,"href":"http:\/\/gazetevizyon.com\/index.php?rest_route=\/wp\/v2\/users\/1"}],"replies":[{"embeddable":true,"href":"http:\/\/gazetevizyon.com\/index.php?rest_route=%2Fwp%2Fv2%2Fcomments&post=29893"}],"version-history":[{"count":1,"href":"http:\/\/gazetevizyon.com\/index.php?rest_route=\/wp\/v2\/posts\/29893\/revisions"}],"predecessor-version":[{"id":29896,"href":"http:\/\/gazetevizyon.com\/index.php?rest_route=\/wp\/v2\/posts\/29893\/revisions\/29896"}],"wp:featuredmedia":[{"embeddable":true,"href":"http:\/\/gazetevizyon.com\/index.php?rest_route=\/wp\/v2\/media\/29894"}],"wp:attachment":[{"href":"http:\/\/gazetevizyon.com\/index.php?rest_route=%2Fwp%2Fv2%2Fmedia&parent=29893"}],"wp:term":[{"taxonomy":"category","embeddable":true,"href":"http:\/\/gazetevizyon.com\/index.php?rest_route=%2Fwp%2Fv2%2Fcategories&post=29893"},{"taxonomy":"post_tag","embeddable":true,"href":"http:\/\/gazetevizyon.com\/index.php?rest_route=%2Fwp%2Fv2%2Ftags&post=29893"}],"curies":[{"name":"wp","href":"https:\/\/api.w.org\/{rel}","templated":true}]}}