{"id":30025,"date":"2025-06-14T17:26:20","date_gmt":"2025-06-14T17:26:20","guid":{"rendered":"http:\/\/gazetevizyon.com\/?p=30025"},"modified":"2025-06-14T17:26:20","modified_gmt":"2025-06-14T17:26:20","slug":"chp-balikesirden-gadir-hum-bayrami-mesaji","status":"publish","type":"post","link":"http:\/\/gazetevizyon.com\/?p=30025","title":{"rendered":"CHP Bal\u0131kesir&#8217;den Gadir Hum Bayram\u0131 Mesaj\u0131"},"content":{"rendered":"<p>\n<h2>CHP Bal\u0131kesir&#8217;den Alevi Yurtta\u015flara Bayram Mesaj\u0131<\/h2>\n<\/p>\n<p><\/p>\n<p><p><strong>CHP Bal\u0131kesir \u0130l Ba\u015fkanl\u0131\u011f\u0131<\/strong>, Alevi yurtta\u015flar\u0131n Gadir Hum Bayram\u0131\u2019n\u0131 kutlad\u0131. \u0130l Ba\u015fkanl\u0131\u011f\u0131, t\u00fcm insanl\u0131\u011fa bar\u0131\u015f, adalet ve huzur getirmesini diledi.<\/p>\n<\/p>\n<p><\/p>\n<p><h3>Gadir Hum Bayram\u0131&#8217;n\u0131n \u00d6nemi<\/h3>\n<\/p>\n<p><\/p>\n<p><p>CHP Bal\u0131kesir, <strong>Gadir Hum Bayram\u0131<\/strong>&#8216;n\u0131n Alevi toplumu i\u00e7in \u00f6nemine dikkat \u00e7ekti. Bayram\u0131n, sevgi, dayan\u0131\u015fma ve ho\u015fg\u00f6r\u00fc gibi de\u011ferleri temsil etti\u011fini vurgulayan \u0130l Ba\u015fkanl\u0131\u011f\u0131, bu de\u011ferlerin toplumun birlikteli\u011fi i\u00e7in hayati \u00f6nem ta\u015f\u0131d\u0131\u011f\u0131n\u0131 belirtti.<\/p>\n<\/p>\n<p><\/p>\n<p><h3>Mesaj\u0131n \u0130\u00e7eri\u011fi<\/h3>\n<\/p>\n<p><\/p>\n<p><p>CHP Bal\u0131kesir \u0130l Ba\u015fkanl\u0131\u011f\u0131 taraf\u0131ndan yay\u0131nlanan mesajda \u015fu ifadeler yer ald\u0131: &#8220;Alevi yurtta\u015flar\u0131m\u0131z\u0131n Gadir i Hum Bayram\u0131\u2019n\u0131 kutluyor, bayram\u0131n t\u00fcm insanl\u0131\u011fa bar\u0131\u015f, adalet ve huzur getirmesini temenni ediyoruz.&#8221;<\/p>\n<\/p>\n<p><\/p>\n<p><h3>Bayram\u0131n Temennileri<\/h3>\n<\/p>\n<p><\/p>\n<p><p>\u0130l Ba\u015fkanl\u0131\u011f\u0131, <strong>bar\u0131\u015f<\/strong>, <strong>adalet<\/strong> ve <strong>huzur<\/strong> temennilerini vurgulayarak, bu de\u011ferlerin t\u00fcm toplumun ortak iste\u011fi oldu\u011funu ifade etti. Ayr\u0131ca, bayram\u0131n birlik ve beraberlik i\u00e7inde kutlanmas\u0131n\u0131n \u00f6nemine dikkat \u00e7ekti.<\/p><\/p>\n","protected":false},"excerpt":{"rendered":"<p>CHP Bal\u0131kesir&#8217;den Alevi Yurtta\u015flara Bayram Mesaj\u0131 CHP Bal\u0131kesir \u0130l Ba\u015fkanl\u0131\u011f\u0131, Alevi yurtta\u015flar\u0131n Gadir Hum Bayram\u0131\u2019n\u0131 kutlad\u0131. \u0130l Ba\u015fkanl\u0131\u011f\u0131, t\u00fcm insanl\u0131\u011fa bar\u0131\u015f, adalet ve huzur getirmesini diledi. Gadir Hum Bayram\u0131&#8217;n\u0131n \u00d6nemi CHP Bal\u0131kesir, Gadir Hum Bayram\u0131&#8216;n\u0131n Alevi toplumu i\u00e7in \u00f6nemine dikkat&#8230;<\/p>\n","protected":false},"author":1,"featured_media":30026,"comment_status":"closed","ping_status":"closed","sticky":false,"template":"","format":"standard","meta":{"footnotes":""},"categories":[23],"tags":[],"class_list":["post-30025","post","type-post","status-publish","format-standard","has-post-thumbnail","hentry","category-siyaset"],"_links":{"self":[{"href":"http:\/\/gazetevizyon.com\/index.php?rest_route=\/wp\/v2\/posts\/30025","targetHints":{"allow":["GET"]}}],"collection":[{"href":"http:\/\/gazetevizyon.com\/index.php?rest_route=\/wp\/v2\/posts"}],"about":[{"href":"http:\/\/gazetevizyon.com\/index.php?rest_route=\/wp\/v2\/types\/post"}],"author":[{"embeddable":true,"href":"http:\/\/gazetevizyon.com\/index.php?rest_route=\/wp\/v2\/users\/1"}],"replies":[{"embeddable":true,"href":"http:\/\/gazetevizyon.com\/index.php?rest_route=%2Fwp%2Fv2%2Fcomments&post=30025"}],"version-history":[{"count":1,"href":"http:\/\/gazetevizyon.com\/index.php?rest_route=\/wp\/v2\/posts\/30025\/revisions"}],"predecessor-version":[{"id":30033,"href":"http:\/\/gazetevizyon.com\/index.php?rest_route=\/wp\/v2\/posts\/30025\/revisions\/30033"}],"wp:featuredmedia":[{"embeddable":true,"href":"http:\/\/gazetevizyon.com\/index.php?rest_route=\/wp\/v2\/media\/30026"}],"wp:attachment":[{"href":"http:\/\/gazetevizyon.com\/index.php?rest_route=%2Fwp%2Fv2%2Fmedia&parent=30025"}],"wp:term":[{"taxonomy":"category","embeddable":true,"href":"http:\/\/gazetevizyon.com\/index.php?rest_route=%2Fwp%2Fv2%2Fcategories&post=30025"},{"taxonomy":"post_tag","embeddable":true,"href":"http:\/\/gazetevizyon.com\/index.php?rest_route=%2Fwp%2Fv2%2Ftags&post=30025"}],"curies":[{"name":"wp","href":"https:\/\/api.w.org\/{rel}","templated":true}]}}