{"id":30027,"date":"2025-06-14T17:24:32","date_gmt":"2025-06-14T17:24:32","guid":{"rendered":"http:\/\/gazetevizyon.com\/?p=30027"},"modified":"2025-06-14T17:24:32","modified_gmt":"2025-06-14T17:24:32","slug":"altieylul-ilce-baskanligi-danisma-meclisi-toplantisi-gerceklesti","status":"publish","type":"post","link":"http:\/\/gazetevizyon.com\/?p=30027","title":{"rendered":"Alt\u0131eyl\u00fcl \u0130l\u00e7e Ba\u015fkanl\u0131\u011f\u0131 Dan\u0131\u015fma Meclisi Toplant\u0131s\u0131 Ger\u00e7ekle\u015fti"},"content":{"rendered":"<p>\n<h2>Alt\u0131eyl\u00fcl \u0130l\u00e7e Ba\u015fkanl\u0131\u011f\u0131 Te\u015fkilat\u0131 De\u011ferlendirme Toplant\u0131s\u0131 D\u00fczenledi<\/h2>\n<\/p>\n<p><\/p>\n<p><p><strong>Alt\u0131eyl\u00fcl \u0130l\u00e7e Ba\u015fkanl\u0131\u011f\u0131<\/strong>, te\u015fkilat \u00fcyeleriyle bir araya gelerek Dan\u0131\u015fma Meclisi Toplant\u0131s\u0131 ger\u00e7ekle\u015ftirdi. Toplant\u0131da, ge\u00e7mi\u015f d\u00f6nemdeki \u00e7al\u0131\u015fmalar de\u011ferlendirilirken gelece\u011fe y\u00f6nelik planlamalar yap\u0131ld\u0131.<\/p>\n<\/p>\n<p><\/p>\n<p><h3>Te\u015fkilat\u0131n G\u00fc\u00e7l\u00fc Yap\u0131s\u0131 Vurguland\u0131<\/h3>\n<\/p>\n<p><\/p>\n<p><p>Toplant\u0131da konu\u015fan \u0130l\u00e7e Ba\u015fkan\u0131 Mustafa Canbey, te\u015fkilat\u0131n <strong>g\u00fc\u00e7l\u00fc ve kararl\u0131 yap\u0131s\u0131<\/strong>n\u0131n \u00f6nemine vurgu yapt\u0131. Canbey, her ad\u0131mda milletin beklentilerini \u00f6n planda tutmaya devam edeceklerini belirtti.<\/p>\n<\/p>\n<p><\/p>\n<p><h3>22 Y\u0131ll\u0131k Hizmet Anlat\u0131ld\u0131<\/h3>\n<\/p>\n<p><\/p>\n<p><p>\u0130l\u00e7e Ba\u015fkan\u0131 Mustafa Canbey, <strong>22 y\u0131ld\u0131r<\/strong> aral\u0131ks\u0131z devam eden hizmet anlay\u0131\u015f\u0131n\u0131n \u00f6nemine de\u011findi. Canbey, ayn\u0131 inan\u00e7la halka hizmet etmeye devam edeceklerini ifade etti.<\/p>\n<\/p>\n<p><\/p>\n<p><h3>Emek Verenlere Te\u015fekk\u00fcr<\/h3>\n<\/p>\n<p><\/p>\n<p><p>Toplant\u0131da, te\u015fkilata emek veren t\u00fcm \u00fcyeler te\u015fekk\u00fcr edildi. \u0130l\u00e7e Ba\u015fkan\u0131 Mustafa Canbey, te\u015fkilat\u0131n ba\u015far\u0131s\u0131n\u0131n arkas\u0131ndaki en b\u00fcy\u00fck g\u00fcc\u00fcn bu \u00f6zverili \u00e7al\u0131\u015fma oldu\u011funu belirtti.<\/p>\n<\/p>\n<p><\/p>\n<p><ul>  <\/p>\n<ul>\n<li>Toplant\u0131da ge\u00e7mi\u015f \u00e7al\u0131\u015fmalar de\u011ferlendirildi.<\/li>\n<p>  <\/p>\n<li>Gelece\u011fe y\u00f6nelik planlamalar yap\u0131ld\u0131.<\/li>\n<p>  <\/p>\n<li>Te\u015fkilat\u0131n g\u00fc\u00e7l\u00fc yap\u0131s\u0131 vurguland\u0131.<\/li>\n<p>  <\/p>\n<li>22 y\u0131ll\u0131k hizmet anlay\u0131\u015f\u0131 anlat\u0131ld\u0131.<\/li>\n<p>  <\/p>\n<li>Emek veren te\u015fkilat \u00fcyelerine te\u015fekk\u00fcr edildi.<\/li>\n<\/ul>\n<p><\/ul><\/p>\n","protected":false},"excerpt":{"rendered":"<p>Alt\u0131eyl\u00fcl \u0130l\u00e7e Ba\u015fkanl\u0131\u011f\u0131 Te\u015fkilat\u0131 De\u011ferlendirme Toplant\u0131s\u0131 D\u00fczenledi Alt\u0131eyl\u00fcl \u0130l\u00e7e Ba\u015fkanl\u0131\u011f\u0131, te\u015fkilat \u00fcyeleriyle bir araya gelerek Dan\u0131\u015fma Meclisi Toplant\u0131s\u0131 ger\u00e7ekle\u015ftirdi. Toplant\u0131da, ge\u00e7mi\u015f d\u00f6nemdeki \u00e7al\u0131\u015fmalar de\u011ferlendirilirken gelece\u011fe y\u00f6nelik planlamalar yap\u0131ld\u0131. Te\u015fkilat\u0131n G\u00fc\u00e7l\u00fc Yap\u0131s\u0131 Vurguland\u0131 Toplant\u0131da konu\u015fan \u0130l\u00e7e Ba\u015fkan\u0131 Mustafa Canbey, te\u015fkilat\u0131n g\u00fc\u00e7l\u00fc&#8230;<\/p>\n","protected":false},"author":1,"featured_media":30028,"comment_status":"closed","ping_status":"closed","sticky":false,"template":"","format":"standard","meta":{"footnotes":""},"categories":[23],"tags":[],"class_list":["post-30027","post","type-post","status-publish","format-standard","has-post-thumbnail","hentry","category-siyaset"],"_links":{"self":[{"href":"http:\/\/gazetevizyon.com\/index.php?rest_route=\/wp\/v2\/posts\/30027","targetHints":{"allow":["GET"]}}],"collection":[{"href":"http:\/\/gazetevizyon.com\/index.php?rest_route=\/wp\/v2\/posts"}],"about":[{"href":"http:\/\/gazetevizyon.com\/index.php?rest_route=\/wp\/v2\/types\/post"}],"author":[{"embeddable":true,"href":"http:\/\/gazetevizyon.com\/index.php?rest_route=\/wp\/v2\/users\/1"}],"replies":[{"embeddable":true,"href":"http:\/\/gazetevizyon.com\/index.php?rest_route=%2Fwp%2Fv2%2Fcomments&post=30027"}],"version-history":[{"count":1,"href":"http:\/\/gazetevizyon.com\/index.php?rest_route=\/wp\/v2\/posts\/30027\/revisions"}],"predecessor-version":[{"id":30032,"href":"http:\/\/gazetevizyon.com\/index.php?rest_route=\/wp\/v2\/posts\/30027\/revisions\/30032"}],"wp:featuredmedia":[{"embeddable":true,"href":"http:\/\/gazetevizyon.com\/index.php?rest_route=\/wp\/v2\/media\/30028"}],"wp:attachment":[{"href":"http:\/\/gazetevizyon.com\/index.php?rest_route=%2Fwp%2Fv2%2Fmedia&parent=30027"}],"wp:term":[{"taxonomy":"category","embeddable":true,"href":"http:\/\/gazetevizyon.com\/index.php?rest_route=%2Fwp%2Fv2%2Fcategories&post=30027"},{"taxonomy":"post_tag","embeddable":true,"href":"http:\/\/gazetevizyon.com\/index.php?rest_route=%2Fwp%2Fv2%2Ftags&post=30027"}],"curies":[{"name":"wp","href":"https:\/\/api.w.org\/{rel}","templated":true}]}}