{"id":30287,"date":"2025-06-18T22:04:15","date_gmt":"2025-06-18T22:04:15","guid":{"rendered":"http:\/\/gazetevizyon.com\/?p=30287"},"modified":"2025-06-18T22:04:15","modified_gmt":"2025-06-18T22:04:15","slug":"balikesir-valisi-ustaogluna-ziyaret-2","status":"publish","type":"post","link":"http:\/\/gazetevizyon.com\/?p=30287","title":{"rendered":"Bal\u0131kesir Valisi Ustao\u011flu&#8217;na Ziyaret"},"content":{"rendered":"<p>\n<h2>Bal\u0131kesir Valili\u011fi&#8217;ne Ziyaret Ger\u00e7ekle\u015fti<\/h2>\n<\/p>\n<p><\/p>\n<p>Bal\u0131kesir Valisi <strong>\u0130smail Ustao\u011flu<\/strong>, Ahmet G\u00fcnayd\u0131n ve Cemalettin Uzuntepe&#8217;nin ger\u00e7ekle\u015ftirdi\u011fi ziyaretle misafirlerini kabul etti. <strong>Bal\u0131kesir Valili\u011fi<\/strong> makam\u0131nda ger\u00e7ekle\u015fen ziyaret, k\u0131sa s\u00fcreli bir g\u00f6r\u00fc\u015fmeye sahne oldu.<\/p>\n<p><\/p>\n<p><h3>Ziyaretin Detaylar\u0131<\/h3>\n<\/p>\n<p><\/p>\n<p>Ahmet G\u00fcnayd\u0131n ve Cemalettin Uzuntepe, Vali Ustao\u011flu&#8217;na nezaket ziyareti ger\u00e7ekle\u015ftirdi. Ziyarette, <strong>Vali \u0130smail Ustao\u011flu<\/strong> taraf\u0131ndan misafirler a\u011f\u0131rlan\u0131rken, g\u00f6r\u00fc\u015fmede herhangi bir konu hakk\u0131nda detayl\u0131 bilgi verilmedi. Ziyaret, kar\u015f\u0131l\u0131kl\u0131 sohbet ve iyi dileklerin iletilmesiyle sona erdi. <\/p>\n<p><\/p>\n<p><ul>  <\/p>\n<ul>\n<li>Ziyaret, Bal\u0131kesir Valili\u011fi makam\u0131nda ger\u00e7ekle\u015fti.<\/li>\n<p>  <\/p>\n<li>Ahmet G\u00fcnayd\u0131n ve Cemalettin Uzuntepe, Vali Ustao\u011flu&#8217;nu ziyaret etti.<\/li>\n<p>  <\/p>\n<li>G\u00f6r\u00fc\u015fmede herhangi bir konu hakk\u0131nda detay verilmedi.<\/li>\n<\/ul>\n<p><\/ul>\n<\/p>\n<p><\/p>\n<p><p>Ziyaretin amac\u0131 ve i\u00e7eri\u011fi hakk\u0131nda kamuoyuna daha fazla bilgi verilmedi. <strong>Valilik<\/strong> taraf\u0131ndan yap\u0131lan k\u0131sa a\u00e7\u0131klamada, ziyaretin nezaket ama\u00e7l\u0131 oldu\u011fu belirtildi.<\/p><\/p>\n","protected":false},"excerpt":{"rendered":"<p>Bal\u0131kesir Valili\u011fi&#8217;ne Ziyaret Ger\u00e7ekle\u015fti Bal\u0131kesir Valisi \u0130smail Ustao\u011flu, Ahmet G\u00fcnayd\u0131n ve Cemalettin Uzuntepe&#8217;nin ger\u00e7ekle\u015ftirdi\u011fi ziyaretle misafirlerini kabul etti. Bal\u0131kesir Valili\u011fi makam\u0131nda ger\u00e7ekle\u015fen ziyaret, k\u0131sa s\u00fcreli bir g\u00f6r\u00fc\u015fmeye sahne oldu. Ziyaretin Detaylar\u0131 Ahmet G\u00fcnayd\u0131n ve Cemalettin Uzuntepe, Vali Ustao\u011flu&#8217;na nezaket ziyareti&#8230;<\/p>\n","protected":false},"author":1,"featured_media":30288,"comment_status":"closed","ping_status":"closed","sticky":false,"template":"","format":"standard","meta":{"footnotes":""},"categories":[36],"tags":[],"class_list":["post-30287","post","type-post","status-publish","format-standard","has-post-thumbnail","hentry","category-manset"],"_links":{"self":[{"href":"http:\/\/gazetevizyon.com\/index.php?rest_route=\/wp\/v2\/posts\/30287","targetHints":{"allow":["GET"]}}],"collection":[{"href":"http:\/\/gazetevizyon.com\/index.php?rest_route=\/wp\/v2\/posts"}],"about":[{"href":"http:\/\/gazetevizyon.com\/index.php?rest_route=\/wp\/v2\/types\/post"}],"author":[{"embeddable":true,"href":"http:\/\/gazetevizyon.com\/index.php?rest_route=\/wp\/v2\/users\/1"}],"replies":[{"embeddable":true,"href":"http:\/\/gazetevizyon.com\/index.php?rest_route=%2Fwp%2Fv2%2Fcomments&post=30287"}],"version-history":[{"count":1,"href":"http:\/\/gazetevizyon.com\/index.php?rest_route=\/wp\/v2\/posts\/30287\/revisions"}],"predecessor-version":[{"id":30297,"href":"http:\/\/gazetevizyon.com\/index.php?rest_route=\/wp\/v2\/posts\/30287\/revisions\/30297"}],"wp:featuredmedia":[{"embeddable":true,"href":"http:\/\/gazetevizyon.com\/index.php?rest_route=\/wp\/v2\/media\/30288"}],"wp:attachment":[{"href":"http:\/\/gazetevizyon.com\/index.php?rest_route=%2Fwp%2Fv2%2Fmedia&parent=30287"}],"wp:term":[{"taxonomy":"category","embeddable":true,"href":"http:\/\/gazetevizyon.com\/index.php?rest_route=%2Fwp%2Fv2%2Fcategories&post=30287"},{"taxonomy":"post_tag","embeddable":true,"href":"http:\/\/gazetevizyon.com\/index.php?rest_route=%2Fwp%2Fv2%2Ftags&post=30287"}],"curies":[{"name":"wp","href":"https:\/\/api.w.org\/{rel}","templated":true}]}}