{"id":30293,"date":"2025-06-19T00:27:11","date_gmt":"2025-06-19T00:27:11","guid":{"rendered":"http:\/\/gazetevizyon.com\/?p=30293"},"modified":"2025-06-19T00:27:11","modified_gmt":"2025-06-19T00:27:11","slug":"balikesire-cumhurbaskanligi-iletisim-baskanligi-ziyareti-gazetecilik-meslegi-tartisildi","status":"publish","type":"post","link":"http:\/\/gazetevizyon.com\/?p=30293","title":{"rendered":"Bal\u0131kesir&#8217;e Cumhurba\u015fkanl\u0131\u011f\u0131 \u0130leti\u015fim Ba\u015fkanl\u0131\u011f\u0131 Ziyareti: Gazetecilik Mesle\u011fi Tart\u0131\u015f\u0131ld\u0131"},"content":{"rendered":"<p>\n<h2>Bal\u0131kesir&#8217;e Cumhurba\u015fkanl\u0131\u011f\u0131 \u0130leti\u015fim Ba\u015fkanl\u0131\u011f\u0131 Heyeti Geldi<\/h2>\n<p><\/p>\n<p><strong>Cumhurba\u015fkanl\u0131\u011f\u0131 \u0130leti\u015fim Ba\u015fkanl\u0131\u011f\u0131<\/strong> \u00c7anakkale B\u00f6lge M\u00fcd\u00fcr\u00fc Mustafa Tolga Karao\u011flu, Bal\u0131kesir&#8217;de bir dizi resmi ziyaret ger\u00e7ekle\u015ftirmek \u00fczere ilimize geldi. Ziyaretin ana g\u00fcndem maddesi ise <strong>gazetecilik mesle\u011fi<\/strong>nin kar\u015f\u0131 kar\u015f\u0131ya oldu\u011fu sorunlar oldu.<\/p>\n<\/p>\n<p><\/p>\n<p><h3>Gazetecilik Mesle\u011finin \u0130tibar\u0131 Tart\u0131\u015fmaya A\u00e7\u0131ld\u0131<\/h3>\n<p><\/p>\n<p>Karao\u011flu, Bal\u0131kesir Gazeteciler Cemiyeti ile yapt\u0131\u011f\u0131 g\u00f6r\u00fc\u015fmede, g\u00fcn\u00fcm\u00fczdeki <strong>dezenformasyon<\/strong> sorununa ve mesle\u011fin sayg\u0131nl\u0131\u011f\u0131n\u0131n korunmas\u0131na y\u00f6nelik \u00f6nemli g\u00f6r\u00fc\u015fler dile getirdi. \u00d6zellikle Cumhurba\u015fkan\u0131 Recep Tayyip Erdo\u011fan&#8217;\u0131n da vurgulad\u0131\u011f\u0131 gibi, eline bir kamera alan herkesin gazeteci olarak kabul edildi\u011fi g\u00fcnlerden ge\u00e7ildi\u011fine dikkat \u00e7ekti.<\/p>\n<\/p>\n<p><\/p>\n<p><h3>Dezenformasyon ve Yapay Zeka Tehdidi<\/h3>\n<p><\/p>\n<p>G\u00f6r\u00fc\u015fmede, <strong>yapay zekan\u0131n k\u00f6t\u00fc niyetli kullan\u0131m\u0131<\/strong> ve bu durumun <strong>gazetecilik<\/strong> mesle\u011fine y\u00f6nelik olu\u015fturdu\u011fu tehditler detayl\u0131 bir \u015fekilde ele al\u0131nd\u0131. Karao\u011flu, \u00e7a\u011f\u0131m\u0131z\u0131n dijital vebas\u0131 olarak nitelendirilen dezenformasyonla m\u00fccadele \u00e7a\u011fr\u0131s\u0131nda bulundu.<\/p>\n<\/p>\n<p><\/p>\n<p><h3>\u0130\u015fbirli\u011fi \u00c7a\u011fr\u0131s\u0131 ve Toplumsal M\u00fccadele Vurgusu<\/h3>\n<p><\/p>\n<p>Karao\u011flu, gazetecilik mesle\u011finin i\u00e7ine s\u0131zan, tehdit, \u015fantaj ve doland\u0131r\u0131c\u0131l\u0131k gibi yollara ba\u015fvuran unsurlara kar\u015f\u0131 <strong>toplumsal bir m\u00fccadele<\/strong> verilmesi gerekti\u011finin alt\u0131n\u0131 \u00e7izdi. Bu m\u00fccadelede <strong>T.C. \u0130leti\u015fim Ba\u015fkanl\u0131\u011f\u0131<\/strong> ile her t\u00fcrl\u00fc i\u015fbirli\u011fine a\u00e7\u0131k olduklar\u0131n\u0131 belirtti.<\/p>\n<\/p>\n<p><\/p>\n<p><h3>Ortak Hedef: Mesle\u011fin \u0130tibar\u0131n\u0131n Y\u00fckseltilmesi<\/h3>\n<p><\/p>\n<p>Ziyaret, kar\u015f\u0131l\u0131kl\u0131 iyi dileklerle sona erdi. Taraflar, <strong>gazetecilik mesle\u011fi<\/strong>nin sayg\u0131nl\u0131\u011f\u0131n\u0131n art\u0131r\u0131lmas\u0131 ve itibar\u0131n\u0131n y\u00fckseltilmesi konusunda ortak bir hedef belirledi.<\/p><\/p>\n","protected":false},"excerpt":{"rendered":"<p>Bal\u0131kesir&#8217;e Cumhurba\u015fkanl\u0131\u011f\u0131 \u0130leti\u015fim Ba\u015fkanl\u0131\u011f\u0131 Heyeti Geldi Cumhurba\u015fkanl\u0131\u011f\u0131 \u0130leti\u015fim Ba\u015fkanl\u0131\u011f\u0131 \u00c7anakkale B\u00f6lge M\u00fcd\u00fcr\u00fc Mustafa Tolga Karao\u011flu, Bal\u0131kesir&#8217;de bir dizi resmi ziyaret ger\u00e7ekle\u015ftirmek \u00fczere ilimize geldi. Ziyaretin ana g\u00fcndem maddesi ise gazetecilik mesle\u011finin kar\u015f\u0131 kar\u015f\u0131ya oldu\u011fu sorunlar oldu. Gazetecilik Mesle\u011finin \u0130tibar\u0131 Tart\u0131\u015fmaya&#8230;<\/p>\n","protected":false},"author":1,"featured_media":0,"comment_status":"closed","ping_status":"closed","sticky":false,"template":"","format":"standard","meta":{"footnotes":""},"categories":[36],"tags":[],"class_list":["post-30293","post","type-post","status-publish","format-standard","hentry","category-manset"],"_links":{"self":[{"href":"http:\/\/gazetevizyon.com\/index.php?rest_route=\/wp\/v2\/posts\/30293","targetHints":{"allow":["GET"]}}],"collection":[{"href":"http:\/\/gazetevizyon.com\/index.php?rest_route=\/wp\/v2\/posts"}],"about":[{"href":"http:\/\/gazetevizyon.com\/index.php?rest_route=\/wp\/v2\/types\/post"}],"author":[{"embeddable":true,"href":"http:\/\/gazetevizyon.com\/index.php?rest_route=\/wp\/v2\/users\/1"}],"replies":[{"embeddable":true,"href":"http:\/\/gazetevizyon.com\/index.php?rest_route=%2Fwp%2Fv2%2Fcomments&post=30293"}],"version-history":[{"count":1,"href":"http:\/\/gazetevizyon.com\/index.php?rest_route=\/wp\/v2\/posts\/30293\/revisions"}],"predecessor-version":[{"id":30300,"href":"http:\/\/gazetevizyon.com\/index.php?rest_route=\/wp\/v2\/posts\/30293\/revisions\/30300"}],"wp:attachment":[{"href":"http:\/\/gazetevizyon.com\/index.php?rest_route=%2Fwp%2Fv2%2Fmedia&parent=30293"}],"wp:term":[{"taxonomy":"category","embeddable":true,"href":"http:\/\/gazetevizyon.com\/index.php?rest_route=%2Fwp%2Fv2%2Fcategories&post=30293"},{"taxonomy":"post_tag","embeddable":true,"href":"http:\/\/gazetevizyon.com\/index.php?rest_route=%2Fwp%2Fv2%2Ftags&post=30293"}],"curies":[{"name":"wp","href":"https:\/\/api.w.org\/{rel}","templated":true}]}}