{"id":30298,"date":"2025-06-19T01:03:32","date_gmt":"2025-06-19T01:03:32","guid":{"rendered":"http:\/\/gazetevizyon.com\/?p=30298"},"modified":"2025-06-19T01:03:32","modified_gmt":"2025-06-19T01:03:32","slug":"avcilarda-demokrasi-bulusmasi-binlerce-vatandas-ekrem-imamoglunu-destekledi","status":"publish","type":"post","link":"http:\/\/gazetevizyon.com\/?p=30298","title":{"rendered":"Avc\u0131lar&#8217;da Demokrasi Bulu\u015fmas\u0131: Binlerce Vatanda\u015f Ekrem \u0130mamo\u011flu&#8217;nu Destekledi"},"content":{"rendered":"<p>\n<h2>Avc\u0131lar&#8217;da Yo\u011fun Kat\u0131l\u0131mla Demokrasi Mitingi D\u00fczenlendi<\/h2>\n<\/p>\n<p><\/p>\n<p>Bug\u00fcn Avc\u0131lar&#8217;da binlerce vatanda\u015f\u0131n kat\u0131l\u0131m\u0131yla bir <strong>demokrasi mitingi<\/strong> d\u00fczenlendi. Mitingde, <strong>Cumhurba\u015fkan\u0131 aday\u0131 Ekrem \u0130mamo\u011flu<\/strong>&#8216;na destek vurgusu yap\u0131ld\u0131. Avc\u0131lar&#8217;da toplanan kalabal\u0131k, <strong>millet iradesini<\/strong> savunma mesajlar\u0131 verdi.<\/p>\n<p><\/p>\n<p><h2>Ekrem \u0130mamo\u011fu&#8217;na Destek ve Halk\u0131n G\u00fcc\u00fc<\/h2>\n<\/p>\n<p><\/p>\n<p>Mitingde konu\u015fanlar, <strong>Ekrem \u0130mamo\u011flu<\/strong>&#8216;nun <strong>Cumhurba\u015fkanl\u0131\u011f\u0131<\/strong> adayl\u0131\u011f\u0131na olan inan\u00e7lar\u0131n\u0131 dile getirdi. <strong>Ekrem \u0130mamo\u011flu<\/strong>&#8216;nun liderli\u011finde <strong>demokrasiye<\/strong> ula\u015facaklar\u0131na vurgu yap\u0131ld\u0131. Ayr\u0131ca, <strong>Genel Ba\u015fkan \u00d6zg\u00fcr \u00d6zel<\/strong>&#8216;in de halk\u0131n g\u00fcc\u00fcne sahip \u00e7\u0131kt\u0131\u011f\u0131 belirtildi.<\/p>\n<p><\/p>\n<p><h3>Silivri&#8217;deki Destek ve Darbecilere Kar\u015f\u0131 Durum<\/h3>\n<\/p>\n<p><\/p>\n<p><strong>Silivri&#8217;de<\/strong> dimdik duran yol arkada\u015flar\u0131n\u0131n deste\u011fiyle hareket ettiklerini belirten konu\u015fmac\u0131lar, <strong>darbecilerin<\/strong> ise saraylar\u0131na hapsolmu\u015f durumda oldu\u011funu ve milletin vicdan\u0131nda \u00e7oktan mahkum olmu\u015f durumda olduklar\u0131n\u0131 ifade etti. <strong>Darbecilere kar\u015f\u0131<\/strong> kararl\u0131 bir duru\u015f sergilenmesi gerekti\u011fi vurguland\u0131.<\/p>\n<p><\/p>\n<p><h3>Birlikte Ba\u015farma Vurgusu<\/h3>\n<\/p>\n<p><\/p>\n<p>Konu\u015fmac\u0131lar, <strong>&#8220;Kurtulu\u015f yok tek ba\u015f\u0131na, ya hep beraber ya hi\u00e7birimiz&#8221;<\/strong> slogan\u0131yla <strong>birlikte ba\u015farma<\/strong> mesaj\u0131 verdi. <strong>Hakl\u0131 olduklar\u0131n\u0131 ve b\u00fcy\u00fcd\u00fcklerini<\/strong> belirten konu\u015fmac\u0131lar, <strong>kazanacaklar\u0131na<\/strong> olan inan\u00e7lar\u0131n\u0131 dile getirdi. <\/p>\n<p><\/p>\n<p><ul>  <\/p>\n<ul>\n<li>Mitingde binlerce vatanda\u015f kat\u0131ld\u0131.<\/li>\n<p>  <\/p>\n<li>Cumhurba\u015fkan\u0131 aday\u0131 Ekrem \u0130mamo\u011flu&#8217;na destek vurgusu yap\u0131ld\u0131.<\/li>\n<p>  <\/p>\n<li>Genel Ba\u015fkan \u00d6zg\u00fcr \u00d6zel&#8217;in halk\u0131n g\u00fcc\u00fcne sahip \u00e7\u0131kt\u0131\u011f\u0131 belirtildi.<\/li>\n<p>  <\/p>\n<li>&#8220;Kurtulu\u015f yok tek ba\u015f\u0131na, ya hep beraber ya hi\u00e7birimiz&#8221; slogan\u0131 kullan\u0131ld\u0131.<\/li>\n<\/ul>\n<p><\/ul><\/p>\n","protected":false},"excerpt":{"rendered":"<p>Avc\u0131lar&#8217;da Yo\u011fun Kat\u0131l\u0131mla Demokrasi Mitingi D\u00fczenlendi Bug\u00fcn Avc\u0131lar&#8217;da binlerce vatanda\u015f\u0131n kat\u0131l\u0131m\u0131yla bir demokrasi mitingi d\u00fczenlendi. Mitingde, Cumhurba\u015fkan\u0131 aday\u0131 Ekrem \u0130mamo\u011flu&#8216;na destek vurgusu yap\u0131ld\u0131. Avc\u0131lar&#8217;da toplanan kalabal\u0131k, millet iradesini savunma mesajlar\u0131 verdi. Ekrem \u0130mamo\u011fu&#8217;na Destek ve Halk\u0131n G\u00fcc\u00fc Mitingde konu\u015fanlar, Ekrem&#8230;<\/p>\n","protected":false},"author":1,"featured_media":30299,"comment_status":"closed","ping_status":"closed","sticky":false,"template":"","format":"standard","meta":{"footnotes":""},"categories":[23],"tags":[],"class_list":["post-30298","post","type-post","status-publish","format-standard","has-post-thumbnail","hentry","category-siyaset"],"_links":{"self":[{"href":"http:\/\/gazetevizyon.com\/index.php?rest_route=\/wp\/v2\/posts\/30298","targetHints":{"allow":["GET"]}}],"collection":[{"href":"http:\/\/gazetevizyon.com\/index.php?rest_route=\/wp\/v2\/posts"}],"about":[{"href":"http:\/\/gazetevizyon.com\/index.php?rest_route=\/wp\/v2\/types\/post"}],"author":[{"embeddable":true,"href":"http:\/\/gazetevizyon.com\/index.php?rest_route=\/wp\/v2\/users\/1"}],"replies":[{"embeddable":true,"href":"http:\/\/gazetevizyon.com\/index.php?rest_route=%2Fwp%2Fv2%2Fcomments&post=30298"}],"version-history":[{"count":1,"href":"http:\/\/gazetevizyon.com\/index.php?rest_route=\/wp\/v2\/posts\/30298\/revisions"}],"predecessor-version":[{"id":30301,"href":"http:\/\/gazetevizyon.com\/index.php?rest_route=\/wp\/v2\/posts\/30298\/revisions\/30301"}],"wp:featuredmedia":[{"embeddable":true,"href":"http:\/\/gazetevizyon.com\/index.php?rest_route=\/wp\/v2\/media\/30299"}],"wp:attachment":[{"href":"http:\/\/gazetevizyon.com\/index.php?rest_route=%2Fwp%2Fv2%2Fmedia&parent=30298"}],"wp:term":[{"taxonomy":"category","embeddable":true,"href":"http:\/\/gazetevizyon.com\/index.php?rest_route=%2Fwp%2Fv2%2Fcategories&post=30298"},{"taxonomy":"post_tag","embeddable":true,"href":"http:\/\/gazetevizyon.com\/index.php?rest_route=%2Fwp%2Fv2%2Ftags&post=30298"}],"curies":[{"name":"wp","href":"https:\/\/api.w.org\/{rel}","templated":true}]}}