{"id":30302,"date":"2025-06-19T12:27:19","date_gmt":"2025-06-19T12:27:19","guid":{"rendered":"http:\/\/gazetevizyon.com\/?p=30302"},"modified":"2025-06-19T12:27:19","modified_gmt":"2025-06-19T12:27:19","slug":"balikesir-gazeteciler-cemiyeti-iletisim-baskanligi-ile-is-birligini-guclendirdi","status":"publish","type":"post","link":"http:\/\/gazetevizyon.com\/?p=30302","title":{"rendered":"Bal\u0131kesir Gazeteciler Cemiyeti, \u0130leti\u015fim Ba\u015fkanl\u0131\u011f\u0131 ile \u0130\u015f Birli\u011fini G\u00fc\u00e7lendirdi"},"content":{"rendered":"<p>\n<h2>Bal\u0131kesir Gazeteciler Cemiyeti&#8217;nde \u00d6nemli Ziyaret<\/h2>\n<p><\/p>\n<p><strong>Bal\u0131kesir Gazeteciler Cemiyeti (BGC),<\/strong> Cumhurba\u015fkanl\u0131\u011f\u0131 \u0130leti\u015fim Ba\u015fkanl\u0131\u011f\u0131 \u00c7anakkale B\u00f6lge M\u00fcd\u00fcr\u00fc Mustafa Tolga Karao\u011flu&#8217;nu a\u011f\u0131rlad\u0131. Ziyaret, kurumlar aras\u0131 i\u015f birli\u011fini g\u00fc\u00e7lendirme ve <strong>yerel bas\u0131n<\/strong>\u0131n gelece\u011fi i\u00e7in \u00f6nemli bir ad\u0131m olarak de\u011ferlendirildi.<\/p>\n<\/p>\n<p><\/p>\n<p><h2>\u0130leti\u015fim Ba\u015fkanl\u0131\u011f\u0131&#8217;ndan BGC&#8217;ye Hay\u0131rl\u0131 Olsun Ziyareti<\/h2>\n<p><\/p>\n<p>Mart 2025&#8217;te \u0130leti\u015fim Ba\u015fkanl\u0131\u011f\u0131 \u00c7anakkale B\u00f6lge M\u00fcd\u00fcrl\u00fc\u011f\u00fc g\u00f6revine atanan Mustafa Tolga Karao\u011flu\u2019nu a\u011f\u0131rlayan BGC Ba\u015fkan\u0131 Ramazan Demir, Karao\u011flu\u2019na yeni g\u00f6revinde ba\u015far\u0131lar diledi. Demir, ziyarette 1961 y\u0131l\u0131nda kurulan ve Bal\u0131kesir&#8217;in ilk meslek kurulu\u015flar\u0131ndan biri olan Gazeteciler Cemiyeti&#8217;nin faaliyetlerini detayl\u0131 bir \u015fekilde aktard\u0131.<\/p>\n<\/p>\n<p><\/p>\n<p><h2>Gazetecilerin Beklentileri Masaya Yat\u0131r\u0131ld\u0131<\/h2>\n<p><\/p>\n<p>BGC&#8217;nin <strong>yerel bas\u0131n\u0131n g\u00fc\u00e7lenmesi<\/strong>, gazetecilik mesle\u011finin etik ilkeler \u00e7er\u00e7evesinde y\u00fcr\u00fct\u00fclmesi ve \u015fehrin k\u00fclt\u00fcrel miras\u0131na katk\u0131 sa\u011flama misyonunu vurgulayan Demir, Anadolu Bas\u0131n\u0131&#8217;n\u0131n \u0130leti\u015fim Ba\u015fkanl\u0131\u011f\u0131&#8217;ndan beklentilerini de dile getirdi. \u00d6zellikle <strong>dezenformasyonla m\u00fccadele<\/strong>, bas\u0131n mensuplar\u0131n\u0131n mesleki geli\u015fimi ve yerel medyan\u0131n desteklenmesi gibi konular masaya yat\u0131r\u0131ld\u0131.<\/p>\n<\/p>\n<p><\/p>\n<p><h2>\u0130\u015f Birli\u011fi \u0130mkanlar\u0131 De\u011ferlendirildi<\/h2>\n<p><\/p>\n<p>Ziyarette BGC y\u00f6netim kurulu \u00fcyeleri Mehmet Yarma, Mustafa Tetik, Rahmi Kire\u00e7 ile Radyo Televizyon Yay\u0131nc\u0131lar\u0131 Meslek Birli\u011fi (RATEM) 3. B\u00f6lge Sorumlusu Murat Tozan da haz\u0131r bulundu. Bulu\u015fmada \u0130leti\u015fim Ba\u015fkanl\u0131\u011f\u0131 ile Bal\u0131kesir Gazeteciler Cemiyeti aras\u0131nda mesle\u011fin geli\u015fimine katk\u0131 sa\u011flayacak i\u015f birli\u011fi imkanlar\u0131 ele al\u0131nd\u0131. <strong>Dezenformasyonla m\u00fccadelede gazetecilere d\u00fc\u015fen sorumluluklar<\/strong> \u00fczerinde durulurken do\u011fru bilginin topluma ula\u015ft\u0131r\u0131lmas\u0131nda yerel medyan\u0131n kritik rol\u00fc vurguland\u0131.<\/p>\n<\/p>\n<p><\/p>\n<p><h2>Yerel Medyan\u0131n \u00d6nemi Vurguland\u0131<\/h2>\n<p><\/p>\n<p>Karao\u011flu, \u0130leti\u015fim Ba\u015fkanl\u0131\u011f\u0131&#8217;n\u0131n bu alanda y\u00fcr\u00fctt\u00fc\u011f\u00fc \u00e7al\u0131\u015fmalar\u0131 payla\u015farak yerel bas\u0131nla daha s\u0131k\u0131 bir i\u015f birli\u011fi hedeflediklerini ifade etti. Bu anlaml\u0131 bulu\u015fma Bal\u0131kesir&#8217;in yerel bas\u0131n\u0131 ile \u0130leti\u015fim Ba\u015fkanl\u0131\u011f\u0131 aras\u0131ndaki diyalogun g\u00fc\u00e7lenmesine katk\u0131 sa\u011flarken gelecekte yap\u0131lacak i\u015f birliklerinin de kap\u0131s\u0131n\u0131 aralad\u0131.<\/p>\n<\/p>\n<p><\/p>\n<p><h2>\u015eehrin Tarihine I\u015f\u0131k Tutan Eserler Hediye Edildi<\/h2>\n<p><\/p>\n<p>BGC Ba\u015fkan\u0131 Ramazan Demir, ziyaretten duydu\u011fu memnuniyeti dile getirerek Mustafa Tolga Karao\u011flu\u2019na te\u015fekk\u00fcrlerini sundu. Karao\u011flu\u2019na Bal\u0131kesir&#8217;in ilk gazetesi Karesi&#8217;nin t\u0131pk\u0131 bas\u0131m\u0131n\u0131 i\u00e7eren \u00fc\u00e7 ciltlik \u00f6zel bir eser ile Bal\u0131kesir Man\u015fetler kitab\u0131 hediye edildi. Bu hediyeler \u015fehrin bas\u0131n tarihine \u0131\u015f\u0131k tutan \u00f6nemli birer belge niteli\u011fi ta\u015f\u0131yor.<\/p>\n<\/p>\n<p><\/p>\n<p><h2>Hat\u0131ra Foto\u011fraf\u0131yla Ziyaret Sona Erdi<\/h2>\n<p><\/p>\n<p>Ziyaret, BGC&#8217;nin Bal\u0131kesir&#8217;in sosyal ve k\u00fclt\u00fcrel ya\u015fam\u0131na kazand\u0131rd\u0131\u011f\u0131 tarihi kona\u011f\u0131n \u00f6n\u00fcnde \u00e7ekilen hat\u0131ra foto\u011fraf\u0131yla sona erdi. BGC Medya Merkezi ve Bas\u0131n M\u00fczesi olarak hizmet veren bu tarihi konak \u015fehrin bas\u0131n ve k\u00fclt\u00fcr miras\u0131n\u0131 gelecek nesillere aktarma misyonunu s\u00fcrd\u00fcr\u00fcyor.<\/p><\/p>\n","protected":false},"excerpt":{"rendered":"<p>Bal\u0131kesir Gazeteciler Cemiyeti&#8217;nde \u00d6nemli Ziyaret Bal\u0131kesir Gazeteciler Cemiyeti (BGC), Cumhurba\u015fkanl\u0131\u011f\u0131 \u0130leti\u015fim Ba\u015fkanl\u0131\u011f\u0131 \u00c7anakkale B\u00f6lge M\u00fcd\u00fcr\u00fc Mustafa Tolga Karao\u011flu&#8217;nu a\u011f\u0131rlad\u0131. Ziyaret, kurumlar aras\u0131 i\u015f birli\u011fini g\u00fc\u00e7lendirme ve yerel bas\u0131n\u0131n gelece\u011fi i\u00e7in \u00f6nemli bir ad\u0131m olarak de\u011ferlendirildi. \u0130leti\u015fim Ba\u015fkanl\u0131\u011f\u0131&#8217;ndan BGC&#8217;ye Hay\u0131rl\u0131 Olsun&#8230;<\/p>\n","protected":false},"author":1,"featured_media":30303,"comment_status":"closed","ping_status":"closed","sticky":false,"template":"","format":"standard","meta":{"footnotes":""},"categories":[36],"tags":[],"class_list":["post-30302","post","type-post","status-publish","format-standard","has-post-thumbnail","hentry","category-manset"],"_links":{"self":[{"href":"http:\/\/gazetevizyon.com\/index.php?rest_route=\/wp\/v2\/posts\/30302","targetHints":{"allow":["GET"]}}],"collection":[{"href":"http:\/\/gazetevizyon.com\/index.php?rest_route=\/wp\/v2\/posts"}],"about":[{"href":"http:\/\/gazetevizyon.com\/index.php?rest_route=\/wp\/v2\/types\/post"}],"author":[{"embeddable":true,"href":"http:\/\/gazetevizyon.com\/index.php?rest_route=\/wp\/v2\/users\/1"}],"replies":[{"embeddable":true,"href":"http:\/\/gazetevizyon.com\/index.php?rest_route=%2Fwp%2Fv2%2Fcomments&post=30302"}],"version-history":[{"count":1,"href":"http:\/\/gazetevizyon.com\/index.php?rest_route=\/wp\/v2\/posts\/30302\/revisions"}],"predecessor-version":[{"id":30306,"href":"http:\/\/gazetevizyon.com\/index.php?rest_route=\/wp\/v2\/posts\/30302\/revisions\/30306"}],"wp:featuredmedia":[{"embeddable":true,"href":"http:\/\/gazetevizyon.com\/index.php?rest_route=\/wp\/v2\/media\/30303"}],"wp:attachment":[{"href":"http:\/\/gazetevizyon.com\/index.php?rest_route=%2Fwp%2Fv2%2Fmedia&parent=30302"}],"wp:term":[{"taxonomy":"category","embeddable":true,"href":"http:\/\/gazetevizyon.com\/index.php?rest_route=%2Fwp%2Fv2%2Fcategories&post=30302"},{"taxonomy":"post_tag","embeddable":true,"href":"http:\/\/gazetevizyon.com\/index.php?rest_route=%2Fwp%2Fv2%2Ftags&post=30302"}],"curies":[{"name":"wp","href":"https:\/\/api.w.org\/{rel}","templated":true}]}}