{"id":30417,"date":"2025-06-22T01:04:41","date_gmt":"2025-06-22T01:04:41","guid":{"rendered":"http:\/\/gazetevizyon.com\/?p=30417"},"modified":"2025-06-22T01:04:41","modified_gmt":"2025-06-22T01:04:41","slug":"bandirmasporda-baskan-degisikligi-murat-karakoyun-goreve-geldi","status":"publish","type":"post","link":"http:\/\/gazetevizyon.com\/?p=30417","title":{"rendered":"Band\u0131rmaspor&#8217;da Ba\u015fkan De\u011fi\u015fikli\u011fi: Murat Karakoyun G\u00f6reve Geldi"},"content":{"rendered":"<p>\n<h2>Band\u0131rmaspor&#8217;da Yeni D\u00f6nem Ba\u015flad\u0131<\/h2>\n<\/p>\n<p><\/p>\n<p>Band\u0131rmaspor Kul\u00fcb\u00fc&#8217;nde bug\u00fcn ger\u00e7ekle\u015ftirilen Ola\u011fan\u00fcst\u00fc Genel Kurul ile <strong>ba\u015fkanl\u0131k de\u011fi\u015fimi<\/strong> ya\u015fand\u0131. Serdar Kuter, g\u00f6revini Murat Karakoyun&#8217;a devretti. Bu geli\u015fme, kul\u00fcpte yeni bir d\u00f6nemin ba\u015flang\u0131c\u0131 olarak de\u011ferlendiriliyor.<\/p>\n<p><\/p>\n<p><h3>Serdar Kuter&#8217;e Veda ve Te\u015fekk\u00fcr<\/h3>\n<\/p>\n<p><\/p>\n<p>Ola\u011fan\u00fcst\u00fc Genel Kurul&#8217;da konu\u015fan yetkililer, Serdar Kuter ve Y\u00f6netim Kurulu \u00fcyelerine <strong>kul\u00fcbe yapt\u0131klar\u0131 emek, \u00f6zveri ve katk\u0131lar<\/strong> i\u00e7in te\u015fekk\u00fcr etti. Kuter&#8217;in Band\u0131rmaspor&#8217;a olan hizmetleri takdirle kar\u015f\u0131land\u0131.<\/p>\n<p><\/p>\n<p><h3>Murat Karakoyun G\u00f6reve Geldi<\/h3>\n<\/p>\n<p><\/p>\n<p>Genel Kurul&#8217;da yap\u0131lan se\u00e7imler sonucunda Murat Karakoyun, Band\u0131rmaspor Kul\u00fcp Ba\u015fkan\u0131 se\u00e7ildi. Yeni ba\u015fkan ve Y\u00f6netim Kurulu \u00fcyeleri, kul\u00fcp \u00fcyeleri taraf\u0131ndan <strong>g\u00f6n\u00fclden tebrik<\/strong> edildi.<\/p>\n<p><\/p>\n<p><h3>Yeni D\u00f6nemde Ba\u015far\u0131 Dilekleri<\/h3>\n<\/p>\n<p><\/p>\n<p>Band\u0131rmaspor&#8217;un yeni d\u00f6neminde Murat Karakoyun ve Y\u00f6netim Kurulu \u00fcyelerine ba\u015far\u0131 dilekleri iletildi. Kul\u00fcb\u00fcn gelece\u011fi i\u00e7in umut dolu bir tablo \u00e7izilirken, yeni ba\u015fkan\u0131n kul\u00fcb\u00fc daha iyi yerlere ta\u015f\u0131mas\u0131 bekleniyor.<\/p>\n<p><\/p>\n<p><ul>    <\/p>\n<ul>\n<li>Serdar Kuter, Band\u0131rmaspor Kul\u00fcp Ba\u015fkanl\u0131\u011f\u0131 g\u00f6revini devretti.<\/li>\n<p>    <\/p>\n<li>Murat Karakoyun, yeni kul\u00fcp ba\u015fkan\u0131 se\u00e7ildi.<\/li>\n<p>    <\/p>\n<li>Ola\u011fan\u00fcst\u00fc Genel Kurul, bug\u00fcn ger\u00e7ekle\u015ftirildi.<\/li>\n<\/ul>\n<p><\/ul><\/p>\n","protected":false},"excerpt":{"rendered":"<p>Band\u0131rmaspor&#8217;da Yeni D\u00f6nem Ba\u015flad\u0131 Band\u0131rmaspor Kul\u00fcb\u00fc&#8217;nde bug\u00fcn ger\u00e7ekle\u015ftirilen Ola\u011fan\u00fcst\u00fc Genel Kurul ile ba\u015fkanl\u0131k de\u011fi\u015fimi ya\u015fand\u0131. Serdar Kuter, g\u00f6revini Murat Karakoyun&#8217;a devretti. Bu geli\u015fme, kul\u00fcpte yeni bir d\u00f6nemin ba\u015flang\u0131c\u0131 olarak de\u011ferlendiriliyor. Serdar Kuter&#8217;e Veda ve Te\u015fekk\u00fcr Ola\u011fan\u00fcst\u00fc Genel Kurul&#8217;da konu\u015fan yetkililer,&#8230;<\/p>\n","protected":false},"author":1,"featured_media":30418,"comment_status":"closed","ping_status":"closed","sticky":false,"template":"","format":"standard","meta":{"footnotes":""},"categories":[23],"tags":[],"class_list":["post-30417","post","type-post","status-publish","format-standard","has-post-thumbnail","hentry","category-siyaset"],"_links":{"self":[{"href":"http:\/\/gazetevizyon.com\/index.php?rest_route=\/wp\/v2\/posts\/30417","targetHints":{"allow":["GET"]}}],"collection":[{"href":"http:\/\/gazetevizyon.com\/index.php?rest_route=\/wp\/v2\/posts"}],"about":[{"href":"http:\/\/gazetevizyon.com\/index.php?rest_route=\/wp\/v2\/types\/post"}],"author":[{"embeddable":true,"href":"http:\/\/gazetevizyon.com\/index.php?rest_route=\/wp\/v2\/users\/1"}],"replies":[{"embeddable":true,"href":"http:\/\/gazetevizyon.com\/index.php?rest_route=%2Fwp%2Fv2%2Fcomments&post=30417"}],"version-history":[{"count":1,"href":"http:\/\/gazetevizyon.com\/index.php?rest_route=\/wp\/v2\/posts\/30417\/revisions"}],"predecessor-version":[{"id":30420,"href":"http:\/\/gazetevizyon.com\/index.php?rest_route=\/wp\/v2\/posts\/30417\/revisions\/30420"}],"wp:featuredmedia":[{"embeddable":true,"href":"http:\/\/gazetevizyon.com\/index.php?rest_route=\/wp\/v2\/media\/30418"}],"wp:attachment":[{"href":"http:\/\/gazetevizyon.com\/index.php?rest_route=%2Fwp%2Fv2%2Fmedia&parent=30417"}],"wp:term":[{"taxonomy":"category","embeddable":true,"href":"http:\/\/gazetevizyon.com\/index.php?rest_route=%2Fwp%2Fv2%2Fcategories&post=30417"},{"taxonomy":"post_tag","embeddable":true,"href":"http:\/\/gazetevizyon.com\/index.php?rest_route=%2Fwp%2Fv2%2Ftags&post=30417"}],"curies":[{"name":"wp","href":"https:\/\/api.w.org\/{rel}","templated":true}]}}