{"id":3076,"date":"2019-03-02T08:37:28","date_gmt":"2019-03-02T08:37:28","guid":{"rendered":"http:\/\/gazetevizyon.com\/?p=3076"},"modified":"2019-03-02T08:37:30","modified_gmt":"2019-03-02T08:37:30","slug":"baskan-kafaoglu-turizmi-canlandiracagiz","status":"publish","type":"post","link":"http:\/\/gazetevizyon.com\/?p=3076","title":{"rendered":"BA\u015eKAN KAFAO\u011eLU \u201cTUR\u0130ZM\u0130 CANLANDIRACA\u011eIZ\u201d"},"content":{"rendered":"\n<ul class=\"wp-block-list\"><li><strong>BA\u015eKAN KAFAO\u011eLU: \u201cTUR\u0130ZM\u0130 CANLANDIRACA\u011eIZ\u201d<\/strong><\/li><li><strong>SAKLI HAZ\u0130NE KIRMIZI MERCAN<\/strong><\/li><li><strong>SAKLI HAZ\u0130NE KIRMIZI MERCAN KORUNACAK<\/strong><\/li><li><strong>KIRMIZI MERCANLAR KORUNACAK<\/strong><\/li><\/ul>\n\n\n\n<p>Bal\u0131kesir&#8217;in Ayval\u0131k il\u00e7esinde, &#8216;Edremit K\u00f6rfezi Sakl\u0131 Hazineleri K\u0131rm\u0131z\u0131 Mercanlar&#8217; projesinin tan\u0131t\u0131m toplant\u0131s\u0131nda a\u00e7\u0131klamalarda bulunan Bal\u0131kesir B\u00fcy\u00fck\u015fehir Belediye Ba\u015fkan\u0131 Zekai Kafao\u011flu, bilin\u00e7siz yap\u0131lan faaliyetler sonucu mercan yataklar\u0131n\u0131n zarar g\u00f6rd\u00fc\u011f\u00fcne dikkat \u00e7ekti. Ba\u015fkan Kafao\u011flu, &#8220;<strong>Korunmas\u0131yla, \u00e7evresinde binlerce deniz canl\u0131s\u0131na bar\u0131nma ve \u00e7o\u011falma imkan\u0131 veren mercanlar ile bal\u0131k\u00e7\u0131l\u0131\u011f\u0131m\u0131z geli\u015fecek ve su \u00fcr\u00fcnleri kaynaklar\u0131 korunmu\u015f olacakt\u0131r. Turizme de katk\u0131 sa\u011flanacak&#8221; <\/strong>dedi.<\/p>\n\n\n\n<figure class=\"wp-block-image\"><img decoding=\"async\" src=\"http:\/\/balikesirgercek.com\/wp-content\/uploads\/2019\/03\/3-1024x683.jpeg\" alt=\"\" class=\"wp-image-3096\"\/><\/figure>\n\n\n\n<p>Ayval\u0131k&#8217;\u0131n\nsu alt\u0131 zenginliklerinin en \u00f6nemlilerinden biri olan k\u0131rm\u0131z\u0131 mercanlar\u0131n\nkorunmas\u0131 amac\u0131yla haz\u0131rlanan proje, Cunda Uygulama Oteli&#8217;nde d\u00fczenlenen\ntoplant\u0131da tan\u0131t\u0131ld\u0131. Bal\u0131kesir B\u00fcy\u00fck\u015fehir Belediyesi, K\u0131rsal Hizmetler Daire\nBa\u015fkanl\u0131\u011f\u0131, Tar\u0131m ve Orman Bakanl\u0131\u011f\u0131 Bal\u0131kesir \u0130l M\u00fcd\u00fcrl\u00fc\u011f\u00fc ve AGR\u0130DA Tar\u0131m ve\nTurizm Derne\u011fi&#8217;nin ortakla\u015fa y\u00fcr\u00fctece\u011fi, &#8216;Edremit K\u00f6rfezi Sakl\u0131 Hazineleri\nK\u0131rm\u0131z\u0131 Mercanlar&#8217; projesi, Birle\u015fmi\u015f Milletler taraf\u0131ndan da destekleniyor.<\/p>\n\n\n\n<p><strong>B\u0130L\u0130N\u00c7S\u0130Z\nATILAN A\u011e VE \u00c7APALAR B\u00dcY\u00dcK R\u0130SK<\/strong><\/p>\n\n\n\n<p>Toplant\u0131da konu\u015fma yapan Bal\u0131kesir B\u00fcy\u00fck\u015fehir Belediye Ba\u015fkan\u0131 Zekai Kafao\u011flu, proje sayesinde turizmin yan\u0131 s\u0131ra su \u00fcr\u00fcnlerinin geli\u015fece\u011fini ve bal\u0131k\u00e7\u0131l\u0131k faaliyetlerinin de artaca\u011f\u0131n\u0131 s\u00f6yledi. Mercan resiflerinin eski canl\u0131l\u0131\u011f\u0131na kavu\u015fturulmas\u0131n\u0131n deniz ekosistemi a\u00e7\u0131s\u0131ndan \u00f6nemli oldu\u011funu dikkat \u00e7eken Ba\u015fkan Kafao\u011flu, i\u00e7 ve d\u0131\u015f turizmin canland\u0131r\u0131lmas\u0131nda da bu projenin b\u00fcy\u00fck \u00f6nemi oldu\u011funu vurgulad\u0131. Projenin bilin\u00e7li dal\u0131\u015f turizminin geli\u015ftirilmesine de katk\u0131 sa\u011flayaca\u011f\u0131n\u0131 belirten Kafao\u011flu, &#8220;<strong>Olu\u015fumu binlerce y\u0131l s\u00fcren mercanlar bir kaya par\u00e7as\u0131 ya da bitki gibi g\u00f6r\u00fcnmekle birlikte asl\u0131nda omurgas\u0131z bir hayvand\u0131r. Son zamanda yap\u0131lan ara\u015ft\u0131rmalar deniz alt\u0131 haritas\u0131n\u0131n \u00f6lmesine; do\u011fal iklimsel de\u011fi\u015fikliklerin yan\u0131 s\u0131ra bal\u0131k\u00e7\u0131lar\u0131n a\u011flar\u0131 ve tur gemilerinin bilin\u00e7siz \u00e7apa at\u0131m faaliyetlerinin de sebep oldu\u011funu ortaya koymu\u015ftur. Yaln\u0131z \u00e7apa at\u0131m\u0131 de\u011fil, \u00e7ekimi s\u0131rs\u0131nda da \u00e7apalar mercan ekosistemine rastlay\u0131p onlar\u0131n k\u0131r\u0131lmas\u0131na sebep olabilmektedir. At\u0131lan a\u011flar da kolonilerin ters d\u00f6nmesine ve bu y\u00fczden de \u00f6lmelerine sebep olmaktad\u0131r<\/strong>&#8221; diye konu\u015ftu.<\/p>\n\n\n\n<figure class=\"wp-block-image\"><img decoding=\"async\" src=\"http:\/\/balikesirgercek.com\/wp-content\/uploads\/2019\/03\/11-1024x532.jpg\" alt=\"\" class=\"wp-image-3097\"\/><\/figure>\n\n\n\n<p><strong>B\u0130NLERCE\nDEN\u0130Z CANLISINA \u00c7O\u011eALMA \u0130MKANI VER\u0130YOR<\/strong><\/p>\n\n\n\n<p>Bilin\u00e7siz at\u0131lan a\u011flar\u0131n mercanlar\u0131n \u00fczerini kaplayarak geli\u015fimlerini de etkiledi\u011fini vurgulayan Ba\u015fkan Kafao\u011flu, s\u00f6zlerini \u015fu \u015fekilde s\u00fcrd\u00fcrd\u00fc: &#8220;<strong>Denize at\u0131lan \u00e7apalar\u0131n yerlerinin belirlenerek, bu b\u00f6lgelerde mercanlara zarar verecek \u00e7apa ve a\u011f at\u0131m faaliyetlerinin engellenmesi ama\u00e7lanmakta. Korunmas\u0131yla, \u00e7evresinde binlerce deniz canl\u0131s\u0131na bar\u0131nma ve \u00e7o\u011falma imkan\u0131 veren mercanlar ile bal\u0131k\u00e7\u0131l\u0131\u011f\u0131m\u0131z da geli\u015fecek ve bal\u0131k\u00e7\u0131l\u0131k ve su \u00fcr\u00fcnleri kaynaklar\u0131 korunmu\u015f olacakt\u0131r. Proje kapsam\u0131nda uluslararas\u0131 korunma listesinde de bulunan k\u0131rm\u0131z\u0131 mercanlar\u0131n daha etkin korunmas\u0131 i\u00e7in var olduklar\u0131 noktalar ve derinlikler koordinat sistemi yard\u0131m\u0131yla b\u00f6lge haritas\u0131 \u00fczerinde i\u015faretlenecektir. Bu y\u00f6ntemle, mercanlar\u0131n yer tespiti yap\u0131larak, mevcut durumlar\u0131n\u0131n iyile\u015ftirilmesi ve korunmas\u0131 i\u00e7in \u00e7evresine ucunda \u015famand\u0131ra bulunan tonozlar in\u015fa edilecek ve deniz y\u00fczeyinde de i\u015faretlemeler yap\u0131lacakt\u0131r. B\u00f6ylece k\u0131rm\u0131z\u0131 mercanlar alan tahribat\u0131na neden olacak aktivitelerden korunarak canl\u0131 ya\u015fam\u0131n\u0131 do\u011fal ortam\u0131nda s\u00fcrd\u00fcrmeye devam edecektir. Projenin yaz\u0131lmas\u0131ndan savunulmas\u0131na ve koruma tedbirlerinin al\u0131nmas\u0131ndan bilin\u00e7lendirme \u00e7al\u0131\u015fmalar\u0131n\u0131n yap\u0131lmas\u0131na kadar \u015fimdiye kadar oldu\u011fu gibi bundan sonra da eme\u011fi ge\u00e7ecek herkesi tekrar kutluyorum.<\/strong>&#8220;<\/p>\n\n\n\n<figure class=\"wp-block-image\"><img decoding=\"async\" src=\"http:\/\/balikesirgercek.com\/wp-content\/uploads\/2019\/03\/14-1024x715.jpg\" alt=\"\" class=\"wp-image-3098\"\/><\/figure>\n\n\n\n<p><strong>FARKINDALIK\nYETMEZ, HASSAS OLUNMALI<\/strong><\/p>\n\n\n\n<p>Ba\u015fkan\nKafao\u011flu&#8217;ndan sonra s\u00f6z alan AGR\u0130DA Derne\u011fi Ba\u015fkan\u0131 Attila Kaya proje i\u00e7in\n&#8220;<strong>\u00d6rnek bir proje olacak. \u0130yi bir i\u015f\nbirli\u011fi ile projeyi bitirece\u011fimize inan\u0131yorum<\/strong>&#8221; derken, \u0130l Tar\u0131m ve Orman\nM\u00fcd\u00fcr\u00fc Kurtulu\u015f Candan, projenin Ayval\u0131k&#8217;a, Bal\u0131kesir&#8217;e ve \u00fclkeye hay\u0131rl\u0131\nolmas\u0131n\u0131 diledi.<\/p>\n\n\n\n<p>K\u0131rm\u0131z\u0131\nmercanlar\u0131n \u00f6nemi hakk\u0131nda bilgi veren Bal\u0131kesir \u00dcniversitesi Rekt\u00f6r Yard\u0131mc\u0131s\u0131\nProf. Dr. \u0130brahim T\u00fcrkmen ise &#8220;<strong>200\nmilyon y\u0131l \u00f6nce nesilleri ortaya \u00e7\u0131kan k\u0131rm\u0131z\u0131 mercanlar\u0131n bir ekolojik bir de\nekonomik \u00f6nemi var. B\u00f6yle bir mercan lokasyonunun tespit edilmesi ve bunun\nkorumas\u0131 ile ilgili fark\u0131ndal\u0131k olu\u015fturmak i\u00e7in haz\u0131rlanan proje son derece\n\u00f6nemli. Fark\u0131ndal\u0131k olu\u015fturulmas\u0131 yetmiyor. Mercanlar \u00e7ok hassas canl\u0131lard\u0131r.\nT\u00fcm kurumlar\u0131n hassas olmas\u0131 gerekiyor&#8221; <\/strong>diye konu\u015ftu.<\/p>\n\n\n\n<p>Bal\u0131kesir\n\u00dcniversitesi Fen Edebiyat Fak\u00fcltesi \u00d6\u011fretim \u00dcyesi Do\u00e7. Dr. Dilek T\u00fcrker de\nk\u0131rm\u0131z\u0131 mercanlar\u0131 &#8216;ekosistem mimar\u0131&#8217; olarak tarif etti. Do\u00e7. Dr. T\u00fcrker,<strong> &#8220;Karbon d\u00f6ng\u00fcs\u00fcne direkt m\u00fcdahale\nederek oksijenin atmosfere ula\u015fmas\u0131nda Amazon Ormanlar\u0131 kadar etkin olan\nk\u0131rm\u0131z\u0131 mercanlar, bu y\u00fczden ger\u00e7ekten hazine ve onlara sahip \u00e7\u0131kmal\u0131y\u0131z<\/strong>&#8221;\ndedi.<\/p>\n\n\n\n<p>Toplant\u0131ya,\nAyval\u0131k Kaymakam\u0131 G\u00f6khan G\u00f6rg\u00fcl\u00fcarslan, Bal\u0131kesir B\u00fcy\u00fck\u015fehir Belediyesi Genel\nSekreteri Mustafa K\u00fc\u00e7\u00fckkapdan, \u0130l\u00e7e Turizm Dan\u0131\u015fma M\u00fcd\u00fcr\u00fc Yasemin Gen\u00e7er, Do\u011fa\nKoruma ve Milli Parklar Burhaniye \u015eefli\u011finden Atasay Tanr\u0131sever, AK Parti \u0130l\u00e7e\nBa\u015fkan\u0131 Hakan Kayaalp, Cumhur \u0130ttifak\u0131 Ayval\u0131k Belediye Ba\u015fkan aday\u0131 Nazmi\nBa\u015faran, Ayval\u0131k&#8217;tan \u00e7e\u015fitli sivil toplum kurulu\u015f temsilcileri ve dal\u0131\u015f\nokullar\u0131 sahipleri de kat\u0131ld\u0131.<\/p>\n\n\n\n<p><strong>Sayg\u0131lar\u0131m\u0131zla<\/strong><\/p>\n","protected":false},"excerpt":{"rendered":"<p>BA\u015eKAN KAFAO\u011eLU: \u201cTUR\u0130ZM\u0130 CANLANDIRACA\u011eIZ\u201d SAKLI HAZ\u0130NE KIRMIZI MERCAN SAKLI HAZ\u0130NE KIRMIZI MERCAN KORUNACAK KIRMIZI MERCANLAR KORUNACAK Bal\u0131kesir&#8217;in Ayval\u0131k il\u00e7esinde, &#8216;Edremit K\u00f6rfezi Sakl\u0131 Hazineleri K\u0131rm\u0131z\u0131 Mercanlar&#8217; projesinin tan\u0131t\u0131m toplant\u0131s\u0131nda a\u00e7\u0131klamalarda bulunan Bal\u0131kesir B\u00fcy\u00fck\u015fehir Belediye Ba\u015fkan\u0131 Zekai Kafao\u011flu, bilin\u00e7siz yap\u0131lan faaliyetler sonucu&#8230;<\/p>\n","protected":false},"author":3,"featured_media":3077,"comment_status":"open","ping_status":"open","sticky":false,"template":"","format":"standard","meta":{"footnotes":""},"categories":[20,36],"tags":[],"class_list":["post-3076","post","type-post","status-publish","format-standard","has-post-thumbnail","hentry","category-guncel","category-manset"],"_links":{"self":[{"href":"http:\/\/gazetevizyon.com\/index.php?rest_route=\/wp\/v2\/posts\/3076","targetHints":{"allow":["GET"]}}],"collection":[{"href":"http:\/\/gazetevizyon.com\/index.php?rest_route=\/wp\/v2\/posts"}],"about":[{"href":"http:\/\/gazetevizyon.com\/index.php?rest_route=\/wp\/v2\/types\/post"}],"author":[{"embeddable":true,"href":"http:\/\/gazetevizyon.com\/index.php?rest_route=\/wp\/v2\/users\/3"}],"replies":[{"embeddable":true,"href":"http:\/\/gazetevizyon.com\/index.php?rest_route=%2Fwp%2Fv2%2Fcomments&post=3076"}],"version-history":[{"count":1,"href":"http:\/\/gazetevizyon.com\/index.php?rest_route=\/wp\/v2\/posts\/3076\/revisions"}],"predecessor-version":[{"id":3078,"href":"http:\/\/gazetevizyon.com\/index.php?rest_route=\/wp\/v2\/posts\/3076\/revisions\/3078"}],"wp:featuredmedia":[{"embeddable":true,"href":"http:\/\/gazetevizyon.com\/index.php?rest_route=\/wp\/v2\/media\/3077"}],"wp:attachment":[{"href":"http:\/\/gazetevizyon.com\/index.php?rest_route=%2Fwp%2Fv2%2Fmedia&parent=3076"}],"wp:term":[{"taxonomy":"category","embeddable":true,"href":"http:\/\/gazetevizyon.com\/index.php?rest_route=%2Fwp%2Fv2%2Fcategories&post=3076"},{"taxonomy":"post_tag","embeddable":true,"href":"http:\/\/gazetevizyon.com\/index.php?rest_route=%2Fwp%2Fv2%2Ftags&post=3076"}],"curies":[{"name":"wp","href":"https:\/\/api.w.org\/{rel}","templated":true}]}}