{"id":30798,"date":"2025-06-30T22:09:59","date_gmt":"2025-06-30T22:09:59","guid":{"rendered":"http:\/\/gazetevizyon.com\/?p=30798"},"modified":"2025-06-30T22:09:59","modified_gmt":"2025-06-30T22:09:59","slug":"balikesir-valiligi-tutun-mamullerine-yonelik-denetimleri-araliksiz-surduruyor","status":"publish","type":"post","link":"http:\/\/gazetevizyon.com\/?p=30798","title":{"rendered":"Bal\u0131kesir Valili\u011fi T\u00fct\u00fcn Mamullerine Y\u00f6nelik Denetimleri Aral\u0131ks\u0131z S\u00fcrd\u00fcr\u00fcyor"},"content":{"rendered":"<p>\n<h2>Bal\u0131kesir&#8217;de Halk Sa\u011fl\u0131\u011f\u0131n\u0131 Koruma Ama\u00e7l\u0131 T\u00fct\u00fcn Denetimleri<\/h2>\n<\/p>\n<p><\/p>\n<p><p><strong>Bal\u0131kesir Valili\u011fi<\/strong> koordinesinde \u0130l Sa\u011fl\u0131k M\u00fcd\u00fcrl\u00fc\u011f\u00fc, halk sa\u011fl\u0131\u011f\u0131n\u0131 korumak ve t\u00fct\u00fcn mamullerinin kullan\u0131m\u0131n\u0131 azaltmak amac\u0131yla il genelinde denetimlerini aral\u0131ks\u0131z devam ettiriyor. Bu denetimler, \u00f6zellikle gen\u00e7lerin t\u00fct\u00fcn \u00fcr\u00fcnlerine eri\u015fimini engellemeyi ve mevcut kullan\u0131c\u0131lar\u0131n sa\u011fl\u0131\u011f\u0131n\u0131 korumay\u0131 hedefliyor.<\/p>\n<\/p>\n<p><\/p>\n<p><h3>Denetimlerin Kapsam\u0131 ve Ama\u00e7lar\u0131<\/h3>\n<\/p>\n<p><\/p>\n<p><p>\u0130l Sa\u011fl\u0131k M\u00fcd\u00fcrl\u00fc\u011f\u00fc ekipleri, t\u00fct\u00fcn sat\u0131\u015f noktalar\u0131n\u0131 ve kullan\u0131m alanlar\u0131n\u0131 d\u00fczenli olarak kontrol ediyor. Denetimlerde, <strong>t\u00fct\u00fcn mamullerinin yasalara uygun \u015fekilde sat\u0131l\u0131p sat\u0131lmad\u0131\u011f\u0131<\/strong>, <strong>sigara reklam\u0131 yasa\u011f\u0131n\u0131n ihlal edilip edilmedi\u011fi<\/strong> ve <strong>sigara i\u00e7me alanlar\u0131n\u0131n belirlenen kurallara uyup uymad\u0131\u011f\u0131<\/strong> titizlikle inceleniyor. <\/p>\n<\/p>\n<p><\/p>\n<p><h3>Denetimlerde Uygulanan Yapt\u0131r\u0131mlar<\/h3>\n<\/p>\n<p><\/p>\n<p><p>Yasalara ayk\u0131r\u0131 durumlar\u0131n tespit edildi\u011fi i\u015f yerlerine <strong>idari para cezalar\u0131<\/strong> uygulan\u0131yor. Ayr\u0131ca, <strong>t\u00fct\u00fcn sat\u0131\u015f ruhsatlar\u0131<\/strong> ge\u00e7ici veya kal\u0131c\u0131 olarak iptal edilebiliyor. Denetimler s\u0131ras\u0131nda, <strong>t\u00fct\u00fcn mamullerinin ka\u00e7ak yollarla sat\u0131\u015f\u0131<\/strong> da engelleniyor. <\/p>\n<\/p>\n<p><\/p>\n<p><h3>Halk Sa\u011fl\u0131\u011f\u0131na \u00d6ncelik<\/h3>\n<\/p>\n<p><\/p>\n<p><p>Bal\u0131kesir Valili\u011fi, halk sa\u011fl\u0131\u011f\u0131n\u0131 koruma misyonu do\u011frultusunda, t\u00fct\u00fcn kullan\u0131m\u0131n\u0131n azalt\u0131lmas\u0131na y\u00f6nelik \u00e7al\u0131\u015fmalar\u0131n\u0131 kararl\u0131l\u0131kla s\u00fcrd\u00fcrece\u011fini vurgulad\u0131. Bu kapsamda, \u0130l Sa\u011fl\u0131k M\u00fcd\u00fcrl\u00fc\u011f\u00fc taraf\u0131ndan y\u00fcr\u00fct\u00fclen denetimlerin yan\u0131 s\u0131ra, <strong>t\u00fct\u00fcn b\u0131rakma kampanyalar\u0131<\/strong> ve <strong>fark\u0131ndal\u0131k etkinlikleri<\/strong> de d\u00fczenleniyor.<\/p>\n<\/p>\n<p><\/p>\n<p><ul>    <\/p>\n<ul>\n<li>T\u00fct\u00fcn sat\u0131\u015f noktalar\u0131nda ya\u015f kontrol\u00fc yap\u0131lmas\u0131<\/li>\n<p>    <\/p>\n<li>Sigara reklam\u0131 yasa\u011f\u0131na uyulmas\u0131<\/li>\n<p>    <\/p>\n<li>Kapal\u0131 alanlarda sigara i\u00e7ilmemesi<\/li>\n<p>    <\/p>\n<li>T\u00fct\u00fcn \u00fcr\u00fcnlerinin ka\u00e7ak sat\u0131\u015f\u0131n\u0131n engellenmesi<\/li>\n<\/ul>\n<p><\/ul>\n<\/p>\n<p><\/p>\n<p><p>Valilik yetkilileri, denetimlerin s\u0131kl\u0131\u011f\u0131 ve kapsam\u0131n\u0131n, halk sa\u011fl\u0131\u011f\u0131n\u0131 tehdit eden unsurlarla m\u00fccadele kapsam\u0131nda art\u0131r\u0131laca\u011f\u0131n\u0131 belirtti.<\/p><\/p>\n","protected":false},"excerpt":{"rendered":"<p>Bal\u0131kesir&#8217;de Halk Sa\u011fl\u0131\u011f\u0131n\u0131 Koruma Ama\u00e7l\u0131 T\u00fct\u00fcn Denetimleri Bal\u0131kesir Valili\u011fi koordinesinde \u0130l Sa\u011fl\u0131k M\u00fcd\u00fcrl\u00fc\u011f\u00fc, halk sa\u011fl\u0131\u011f\u0131n\u0131 korumak ve t\u00fct\u00fcn mamullerinin kullan\u0131m\u0131n\u0131 azaltmak amac\u0131yla il genelinde denetimlerini aral\u0131ks\u0131z devam ettiriyor. Bu denetimler, \u00f6zellikle gen\u00e7lerin t\u00fct\u00fcn \u00fcr\u00fcnlerine eri\u015fimini engellemeyi ve mevcut kullan\u0131c\u0131lar\u0131n sa\u011fl\u0131\u011f\u0131n\u0131&#8230;<\/p>\n","protected":false},"author":1,"featured_media":30799,"comment_status":"closed","ping_status":"closed","sticky":false,"template":"","format":"standard","meta":{"footnotes":""},"categories":[36],"tags":[],"class_list":["post-30798","post","type-post","status-publish","format-standard","has-post-thumbnail","hentry","category-manset"],"_links":{"self":[{"href":"http:\/\/gazetevizyon.com\/index.php?rest_route=\/wp\/v2\/posts\/30798","targetHints":{"allow":["GET"]}}],"collection":[{"href":"http:\/\/gazetevizyon.com\/index.php?rest_route=\/wp\/v2\/posts"}],"about":[{"href":"http:\/\/gazetevizyon.com\/index.php?rest_route=\/wp\/v2\/types\/post"}],"author":[{"embeddable":true,"href":"http:\/\/gazetevizyon.com\/index.php?rest_route=\/wp\/v2\/users\/1"}],"replies":[{"embeddable":true,"href":"http:\/\/gazetevizyon.com\/index.php?rest_route=%2Fwp%2Fv2%2Fcomments&post=30798"}],"version-history":[{"count":1,"href":"http:\/\/gazetevizyon.com\/index.php?rest_route=\/wp\/v2\/posts\/30798\/revisions"}],"predecessor-version":[{"id":30807,"href":"http:\/\/gazetevizyon.com\/index.php?rest_route=\/wp\/v2\/posts\/30798\/revisions\/30807"}],"wp:featuredmedia":[{"embeddable":true,"href":"http:\/\/gazetevizyon.com\/index.php?rest_route=\/wp\/v2\/media\/30799"}],"wp:attachment":[{"href":"http:\/\/gazetevizyon.com\/index.php?rest_route=%2Fwp%2Fv2%2Fmedia&parent=30798"}],"wp:term":[{"taxonomy":"category","embeddable":true,"href":"http:\/\/gazetevizyon.com\/index.php?rest_route=%2Fwp%2Fv2%2Fcategories&post=30798"},{"taxonomy":"post_tag","embeddable":true,"href":"http:\/\/gazetevizyon.com\/index.php?rest_route=%2Fwp%2Fv2%2Ftags&post=30798"}],"curies":[{"name":"wp","href":"https:\/\/api.w.org\/{rel}","templated":true}]}}